{"id":30687,"date":"2021-01-14T17:55:26","date_gmt":"2021-01-14T17:55:26","guid":{"rendered":"https:\/\/redsemlac.com\/semmexico\/?p=30687"},"modified":"2023-07-21T16:45:26","modified_gmt":"2023-07-21T21:45:26","slug":"por-violencia-de-genero-separan-del-cargo-a-administrativo-de-cobaev-castigan-a-la-fiscal-que-sustento-denuncia-de-tres-mujeres","status":"publish","type":"post","link":"https:\/\/redsemlac.com\/semmexico\/por-violencia-de-genero-separan-del-cargo-a-administrativo-de-cobaev-castigan-a-la-fiscal-que-sustento-denuncia-de-tres-mujeres\/","title":{"rendered":"Por violencia de g\u00e9nero separan del cargo a administrativo de COBAEV; \u201ccastigan\u201d a la fiscal que sustent\u00f3 denuncia de tres mujeres"},"content":{"rendered":"\n<p class=\"wp-block-paragraph\">* Un total desaseo para no enfrentar las violencias contra trabajadoras.&nbsp;<\/p>\n\n\n\n<p class=\"wp-block-paragraph\">* Un mensaje de las instituciones que no debe permitirse, afirman colectivas.<\/p>\n\n\n\n<p class=\"wp-block-paragraph\">Redacci\u00f3n\/&nbsp;<\/p>\n\n\n\n<p class=\"wp-block-paragraph\">Xalapa, Ver. 13 enero 2021.- El director administrativo del COBAEV, Alejandro \u201cN\u201d fue separado del cargo por juez de control, sin embargo, un d\u00eda despu\u00e9s, en el mismo juzgado de Pacho Viejo, se decidi\u00f3 desechar la acusaci\u00f3n presentada por la Fiscal\u00eda General del Estado (FGE).<\/p>\n\n\n\n<p class=\"wp-block-paragraph\">La decisi\u00f3n del pasado 6 de enero para separar del cargo al funcionario del COBAEV, provoc\u00f3 que \u201cdesde arriba\u201d se ordenar\u00e1 que la fiscal Guadalupe Rodr\u00edguez Lorenzo, qui\u00e9n presentara la acusaci\u00f3n totalmente sustentada, en contra de Alejandro \u201cN\u201d fuera amenazada para entregar su renuncia o de lo contrario, ser\u00eda reasignada al distrito judicial de Ozuluama, Veracruz.<\/p>\n\n\n\n<p class=\"wp-block-paragraph\">Dicho municipio en el norte del estado, es conocido como el distrito judicial a donde env\u00edan por castigo a fiscales y jueces que no se apegan a \u201cextra\u00f1as\u201d reglas internas comentan fuenes al interior de este sistema.<\/p>\n\n\n\n<p class=\"wp-block-paragraph\">A pesar del marcado apoyo que recibi\u00f3 \u201cdesde arriba\u201d el director administrativo del COBAEV, ya obra en su expediente, el haber sido separado del cargo por un lapso de 24 horas, las cuales no se sabe si le van a pagar o le retendr\u00e1n por orden judicial.<\/p>\n\n\n\n<p class=\"wp-block-paragraph\">Cabe recordar que Alejandro \u201cN\u201d es acusado de cometer violencia de g\u00e9nero en la modalidad de violencia psicol\u00f3gica, laboral e institucional en contra de tres mujeres trabajadores del COBAEV con antig\u00fcedad de m\u00e1s de 10 a\u00f1os, que cumpl\u00edan con sus horarios de trabajo sin faltas administrativas hasta antes de la pandemia, pero que en pleno confinamiento fueron despedidas de manera injustificada.<\/p>\n\n\n\n<p class=\"wp-block-paragraph\">Fue el 28 de julio del 2020 cuando se dio inicio a la carpeta de investigaci\u00f3n UIPJ\/DXI\/ESP2\/1433\/2020 del \u00edndice de la Fiscal\u00eda Coordinadora Especializada en Investigaci\u00f3n de Delitos de Violencia Contra la Familia, Mujeres, Ni\u00f1as y Ni\u00f1os y de Trata de Personas, encargada de la investigaci\u00f3n de delitos de VIOLENCIA DE GENERO EN SU MODALIDAD DE PSICOLOGICA, LABORAL E INSTITUCIONAL, con motivo de la denuncia de las suscritas CCC, MCC, EFFZ, en contra de Alejandro \u201cN\u201d director administrativo del COBAEV.<\/p>\n\n\n\n<p class=\"wp-block-paragraph\">Todo lo anterior arroja que al momento, 3 mujeres est\u00e9n en la indefensi\u00f3n salarial y de seguridad social, as\u00ed como una fiscal que presuntamente esta siendo hostigada para trasladarse a un lejano municipio o renunciar al cargo que ostenta con antig\u00fcedad de casi 20 a\u00f1os.<\/p>\n\n\n\n<p class=\"wp-block-paragraph\">Feministas integrantes de colectivas opinaron que es un p\u00e9simo mensaje la violencia de g\u00e9nero institucional \u201d que no debe permitirse\u201d, sobre todo en una entidad donde no s\u00f3lo prevalece la violencia contra las mujeres, sino adem\u00e1s se incrementa desde las instituciones, particularmente de las encargadas de procurar justicia.&nbsp;<\/p>\n\n\n\n<p class=\"wp-block-paragraph\">\u201cLe hacen un da\u00f1o irreparable a la administraci\u00f3n de Cuitl\u00e1huac Garc\u00eda, que seguramente ni enterado est\u00e1 de la situaci\u00f3n, o lo enga\u00f1an\u201d, aseguraron a este medio.<\/p>\n","protected":false},"excerpt":{"rendered":"<p>* Un total desaseo para no enfrentar las violencias contra trabajadoras.&nbsp; * Un mensaje de las instituciones que no debe permitirse, afirman colectivas. Redacci\u00f3n\/&nbsp; Xalapa, Ver. 13 enero 2021.- El director administrativo del COBAEV, Alejandro \u201cN\u201d fue separado del cargo por juez de control, sin embargo, un d\u00eda despu\u00e9s, en el mismo juzgado de Pacho [&hellip;]<\/p>\n","protected":false},"author":3,"featured_media":30688,"comment_status":"open","ping_status":"open","sticky":false,"template":"","format":"standard","meta":{"_monsterinsights_skip_tracking":false,"footnotes":""},"categories":[692,51],"tags":[],"class_list":["post-30687","post","type-post","status-publish","format-standard","has-post-thumbnail","category-692","category-ejecutivo"],"_links":{"self":[{"href":"https:\/\/redsemlac.com\/semmexico\/wp-json\/wp\/v2\/posts\/30687","targetHints":{"allow":["GET"]}}],"collection":[{"href":"https:\/\/redsemlac.com\/semmexico\/wp-json\/wp\/v2\/posts"}],"about":[{"href":"https:\/\/redsemlac.com\/semmexico\/wp-json\/wp\/v2\/types\/post"}],"author":[{"embeddable":true,"href":"https:\/\/redsemlac.com\/semmexico\/wp-json\/wp\/v2\/users\/3"}],"replies":[{"embeddable":true,"href":"https:\/\/redsemlac.com\/semmexico\/wp-json\/wp\/v2\/comments?post=30687"}],"version-history":[{"count":0,"href":"https:\/\/redsemlac.com\/semmexico\/wp-json\/wp\/v2\/posts\/30687\/revisions"}],"wp:featuredmedia":[{"embeddable":true,"href":"https:\/\/redsemlac.com\/semmexico\/wp-json\/wp\/v2\/media\/30688"}],"wp:attachment":[{"href":"https:\/\/redsemlac.com\/semmexico\/wp-json\/wp\/v2\/media?parent=30687"}],"wp:term":[{"taxonomy":"category","embeddable":true,"href":"https:\/\/redsemlac.com\/semmexico\/wp-json\/wp\/v2\/categories?post=30687"},{"taxonomy":"post_tag","embeddable":true,"href":"https:\/\/redsemlac.com\/semmexico\/wp-json\/wp\/v2\/tags?post=30687"}],"curies":[{"name":"wp","href":"https:\/\/api.w.org\/{rel}","templated":true}]}}