{"id":3068,"date":"2019-01-21T00:51:55","date_gmt":"2019-01-21T00:51:55","guid":{"rendered":"https:\/\/redsemlac.com\/semmexico\/?p=3068"},"modified":"2023-07-21T14:41:06","modified_gmt":"2023-07-21T19:41:06","slug":"sacar-al-pan-que-ha-gobernado-30-anos","status":"publish","type":"post","link":"https:\/\/redsemlac.com\/semmexico\/sacar-al-pan-que-ha-gobernado-30-anos\/","title":{"rendered":"Sacar al PAN que ha gobernado 30 a\u00f1os,"},"content":{"rendered":"\n<p class=\"wp-block-paragraph\"><a href=\"https:\/\/www.semmexico.com\/gallery-post.php?id=6906#\">Redacci\u00f3n<\/a><\/p>\n\n\n\n<p class=\"wp-block-paragraph\">SemM\u00e9xico, Cd. de M\u00e9xico, 21 enero 2019.- La consejera electoral de Morena,&nbsp; Michel S\u00e1nchez, afirma que no su partido no debe dejar fuera a los y las j\u00f3venes. Afirma que Morena en Baja California tiene la gran responsabilidad de promover j\u00f3venes comprometidos con el cambio, con trabajo, lucha social, con propuesta, cuadros que encabezar\u00e1n los liderazgos del Movimiento de Regeneraci\u00f3n Nacional.<\/p>\n\n\n\n<p class=\"wp-block-paragraph\">En Baja California podemos encontrarnos con nombres de mujeres y hombres j\u00f3venes no m\u00e1s all\u00e1 de los 30 a\u00f1os de edad, que tienen su historia en Morena en los diferentes municipios.&nbsp;&nbsp;<\/p>\n\n\n\n<p class=\"wp-block-paragraph\">Luego reflexiona: las y los j\u00f3venes tenemos un lugar importante en la pol\u00edtica, cu\u00e1ntas veces no lo hemos escuchado de los m\u00e1s grandes en sus discursos y consejos: \u201cLos j\u00f3venes son el futuro del pa\u00eds\u201d, \u201cLos j\u00f3venes son los pr\u00f3ximos l\u00edderes\u201d. Nos invitan a participar&#8230; pero el relevo generacional no es un camino f\u00e1cil. El relevo nos habla de una sustituci\u00f3n, por consecuencia la salida de un espacio, lo que a veces se les olvida es que YA somos el presente.<\/p>\n\n\n\n<p class=\"wp-block-paragraph\">Para las mujeres, para los j\u00f3venes, para los pueblos ind\u00edgenas, personas con discapacidad incluso para la comunidad LGBT se han caracterizado por una lucha constante para acceder a puestos de toma de decisiones con el fin de velar por sus derechos, promover programas y\/o pol\u00edticas p\u00fablicas.<\/p>\n\n\n\n<p class=\"wp-block-paragraph\">Dice que el trabajo juvenil puede hacer la diferencia en las elecciones, ahora que ma\u00f1ana comienzan las pre campa\u00f1as en esa entidad que tiene 30 a\u00f1os gobernada por Acci\u00f3n Nacional (PAN), y en este 2019 queremos buscan perfiles de personas comprometidos y comprometidas, trabajadores, honestos convencidos de este proyecto: M\u00e9xico. El plus en la candidaturas de Morena ser\u00e1n las y los j\u00f3venes, pero j\u00f3venes, no j\u00f3venes con ideas viejas. No solo es ver caras j\u00f3venes es CONECTAR con las necesidades de los j\u00f3venes en el Estado.<\/p>\n\n\n\n<p class=\"wp-block-paragraph\">Aqu\u00ed la palabra clave es el acceder, no perdamos la pista, entonces, con este proceso electoral presente 2019. Se renueva el Congreso del Estado con una representaci\u00f3n de 25 diputados y diputadas, las cinco alcald\u00edas y la gubernatura.<\/p>\n\n\n\n<p class=\"wp-block-paragraph\">\u00bfEst\u00e1n preparados para legislar y gobernar las y los j\u00f3venes de Baja California? se pregunta y responde que Morena se ha nutrido de distintos profesionistas, en cuestiones t\u00e9cnicas y de asesor\u00eda siempre se puede contar con gu\u00eda, no somos sabelotodo, siempre desconocemos algo. Pero, estar preparados es conectarse con las necesidades de la poblaci\u00f3n, ser congruente, responder y no olvidar a la ciudadan\u00eda.<\/p>\n\n\n\n<p class=\"wp-block-paragraph\">Tocar tierra en las comunidades, no solamente desde el escritorio o desde las oficinas, no podemos caer en errores de los pol\u00edticos del pasado, las y los menores de 30 no hemos conocido otro gobierno y sabemos lo que ya no queremos. Queremos hacer comunidad, participar y organizarnos responsablemente, trabajar en equipo y proponer soluciones creativas y factibles. Ser parte de la pol\u00edtica, no solo espectadores.<\/p>\n\n\n\n<p class=\"wp-block-paragraph\">Piden j\u00f3venes con experiencia, por ende, necesitamos abrir las puertas para que la juventud genere conocimiento y acumule experiencia, para as\u00ed replicar a sus antecesores. La perspectiva de la juventud la necesitamos incluir en la creaci\u00f3n de pol\u00edticas p\u00fablicas, consultarlos e incluirnos en la toma de decisiones no solo de representaci\u00f3n popular, sino dentro de los \u00f3rganos internos de morena.<\/p>\n\n\n\n<p class=\"wp-block-paragraph\">En el primer rengl\u00f3n comente que tenemos un lugar importante en la pol\u00edtica, nadie ceder\u00e1 el espacio, tenemos que buscarlo, ocuparlo y ejercerlo. No menos.<\/p>\n\n\n\n<p class=\"wp-block-paragraph\">SEM\/sl\/sj<br><\/p>\n","protected":false},"excerpt":{"rendered":"<p>Redacci\u00f3n SemM\u00e9xico, Cd. de M\u00e9xico, 21 enero 2019.- La consejera electoral de Morena,&nbsp; Michel S\u00e1nchez, afirma que no su partido no debe dejar fuera a los y las j\u00f3venes. Afirma que Morena en Baja California tiene la gran responsabilidad de promover j\u00f3venes comprometidos con el cambio, con trabajo, lucha social, con propuesta, cuadros que encabezar\u00e1n [&hellip;]<\/p>\n","protected":false},"author":3,"featured_media":3069,"comment_status":"open","ping_status":"open","sticky":false,"template":"","format":"standard","meta":{"_monsterinsights_skip_tracking":false,"footnotes":""},"categories":[690,44],"tags":[],"class_list":["post-3068","post","type-post","status-publish","format-standard","has-post-thumbnail","category-690","category-elecciones-2019"],"_links":{"self":[{"href":"https:\/\/redsemlac.com\/semmexico\/wp-json\/wp\/v2\/posts\/3068","targetHints":{"allow":["GET"]}}],"collection":[{"href":"https:\/\/redsemlac.com\/semmexico\/wp-json\/wp\/v2\/posts"}],"about":[{"href":"https:\/\/redsemlac.com\/semmexico\/wp-json\/wp\/v2\/types\/post"}],"author":[{"embeddable":true,"href":"https:\/\/redsemlac.com\/semmexico\/wp-json\/wp\/v2\/users\/3"}],"replies":[{"embeddable":true,"href":"https:\/\/redsemlac.com\/semmexico\/wp-json\/wp\/v2\/comments?post=3068"}],"version-history":[{"count":0,"href":"https:\/\/redsemlac.com\/semmexico\/wp-json\/wp\/v2\/posts\/3068\/revisions"}],"wp:featuredmedia":[{"embeddable":true,"href":"https:\/\/redsemlac.com\/semmexico\/wp-json\/wp\/v2\/media\/3069"}],"wp:attachment":[{"href":"https:\/\/redsemlac.com\/semmexico\/wp-json\/wp\/v2\/media?parent=3068"}],"wp:term":[{"taxonomy":"category","embeddable":true,"href":"https:\/\/redsemlac.com\/semmexico\/wp-json\/wp\/v2\/categories?post=3068"},{"taxonomy":"post_tag","embeddable":true,"href":"https:\/\/redsemlac.com\/semmexico\/wp-json\/wp\/v2\/tags?post=3068"}],"curies":[{"name":"wp","href":"https:\/\/api.w.org\/{rel}","templated":true}]}}