{"id":30672,"date":"2021-01-14T17:36:42","date_gmt":"2021-01-14T17:36:42","guid":{"rendered":"https:\/\/redsemlac.com\/semmexico\/?p=30672"},"modified":"2023-07-21T16:45:26","modified_gmt":"2023-07-21T21:45:26","slug":"el-apoyo-de-todo-el-pueblo","status":"publish","type":"post","link":"https:\/\/redsemlac.com\/semmexico\/el-apoyo-de-todo-el-pueblo\/","title":{"rendered":"\u00bfEl apoyo de todo el pueblo?"},"content":{"rendered":"\n<p class=\"wp-block-paragraph\"><strong>Mois\u00e9s S\u00e1nchez Lim\u00f3n<\/strong><\/p>\n\n\n\n<p class=\"wp-block-paragraph\">O los fantasmas de Andr\u00e9s Manuel podr\u00eda haber titulado este art\u00edculo.<\/p>\n\n\n\n<p class=\"wp-block-paragraph\">SemM\u00e9xico, Cd. de M\u00e9xico, 14 de diciembre.- Y es que el licenciado presidente miente todos los d\u00edas, se pelea con el pasado, le endilga todos los males del pa\u00eds a sus antecesores y a quienes llama \u201clos de antes\u201d.<\/p>\n\n\n\n<p class=\"wp-block-paragraph\">Igual blofea de lunes a viernes en las ma\u00f1aneras y usa la televisi\u00f3n p\u00fablica que, en conjunto, se significa con amplia penetraci\u00f3n entre eso que se llama opini\u00f3n p\u00fablica y le acarrea multitud de seguidores, simpatizantes que se regodean con los calificativos, insultos en realidad, con los que alude a sus opositores, lo mismo pol\u00edticos que periodistas y due\u00f1os de medios de comunicaci\u00f3n que de plano le caen mal; no oculta sus estados de \u00e1nimo el inquilino de Palacio.<\/p>\n\n\n\n<p class=\"wp-block-paragraph\">Pero, bueno, el tema en este momento, am\u00e9n de haberse alzado defensor de la libertad del bachiller Donald Trump para decir barbaridades y convocar al asalto al Capitolio, es el de la supuesta censura que dice le quiere aplicar Lorenzo C\u00f3rdova Vianello, consejero presidente del Instituto Nacional Electoral.<\/p>\n\n\n\n<p class=\"wp-block-paragraph\">Falaz, mentiroso sin duda alguna, h\u00e1bil en el doble lenguaje, maestro de la propaganda y la mec\u00e1nica de victimizarse y aparecer en vivo y a todo color como el m\u00e1rtir de la democracia, con la machacona referencia de que es el presidente (\u00e9ste con min\u00fasculas) m\u00e1s criticado y atacado en la historia patria, cuando olvida, por ejemplo, que Gustavo D\u00edaz Ordaz como Presidente de M\u00e9xico sol\u00eda burlase de s\u00ed mismo y mandaba recoger la cr\u00edtica y caricaturizaci\u00f3n que de \u00e9l se hac\u00eda profusamente y en especial en la capital del pa\u00eds.<\/p>\n\n\n\n<p class=\"wp-block-paragraph\">Pero, vaya, hoy el licenciado L\u00f3pez Obrador asegura que tiene el apoyo de todo el pueblo y, por tanto, pr\u00e1cticamente el aval para enfrentar a sus opositores con el poder de la palabra que llama al linchamiento, que descalifica y estigmatiza, insulta y acorrala.&nbsp;<\/p>\n\n\n\n<p class=\"wp-block-paragraph\">\u00bfQui\u00e9n con m\u00e1s poder que el jefe del Ejecutivo Federal, guste o no? Es una lucha desigual.&nbsp;<\/p>\n\n\n\n<p class=\"wp-block-paragraph\">A los periodistas nos calific\u00f3 con el mismo rasero como fif\u00eds y chayoteros, golpistas, perros que muerden la mano, en un nivel de escarnio y en aras del linchamiento p\u00fablico, al grado de que en aquellos primeros d\u00edas de su gesti\u00f3n, al t\u00e9rmino de las ma\u00f1aneras hab\u00eda simpatizantes de \u00e9l y de la 4T que insultaban e incluso llegaron a lanzar objetos a los periodistas \u2013los de verdad, no los mercenarios que hoy reciben como paga candidaturas y atenci\u00f3n especial con recursos p\u00fablicos que por supuesto no son transparentes&#8211;.<\/p>\n\n\n\n<p class=\"wp-block-paragraph\">Y han sido dos a\u00f1os en los que el inquilino de Palacio se pelea con los fantasmas, pero en una singular mec\u00e1nica que entra\u00f1a la manipulaci\u00f3n de la idea, del concepto, del ataque y la explicaci\u00f3n no pedida respecto de sus decisiones que suelen ser una barbaridad.<\/p>\n\n\n\n<p class=\"wp-block-paragraph\">\u00bfAlguien de sus seguidores ha tenido el cuidado de estudiar las condiciones del terreno donde se comenz\u00f3 a construir el nuevo aeropuerto internacional de la Ciudad de M\u00e9xico? Recientemente aparecieron fotograf\u00edas de zonas inundadas en esa obra abandonada y se le achac\u00f3 a las lluvias, pero en realidad se inund\u00f3 a prop\u00f3sito para demostrar que aquella terminal a\u00e9rea se hundir\u00eda e inundar\u00eda.<\/p>\n\n\n\n<p class=\"wp-block-paragraph\">\u00bfQu\u00e9 ha pasado con los opositores al Tren Maya? \u00bfQu\u00e9 ocurri\u00f3 con los morelenses que se opon\u00edan a la construcci\u00f3n de la termoel\u00e9ctrica de Huexca? Huelga hacer m\u00e1s preguntas porque para el licenciado L\u00f3pez Obrador todo tiene una explicaci\u00f3n y \u00e9sta orbita en el \u00e1mbito de sus opositores, de quienes, neoliberales y conservadores, est\u00e1n molestos porque perdieron canonj\u00edas, porque robaban y viv\u00edan como reyes y eran los amos del pa\u00eds y corruptos. Acusa.<\/p>\n\n\n\n<p class=\"wp-block-paragraph\">En ese tenor, vale reiterar la pregunta: \u00bfD\u00f3nde est\u00e1n los corruptos? Blofea, enga\u00f1a, miente, amenaza y, lo que es peor, cumple sus amenazas con ese \u00e1nimo de venganza, cobro de facturas acumuladas durante toda su carrera pol\u00edtica en la que nunca ha dado golpe porque ha vivido de la industria del reclamo y la sociedad con el poder que supuestamente detestaba.<\/p>\n\n\n\n<p class=\"wp-block-paragraph\">Manuel Camacho Sol\u00eds lo conoci\u00f3 en su amplia ambici\u00f3n pol\u00edtica; Marcelo Ebrard le acerc\u00f3 recursos como en su momento lo hizo Rosario Robles Berlanga para apuntalarlo en el ascenso a la jefatura de Gobierno del entonces Distrito Federal; Alejandro Encinas lo tiene bien estudiado y le sirve en ese camino que lo ha llevado a la Presidencia de M\u00e9xico.<\/p>\n\n\n\n<p class=\"wp-block-paragraph\">\u00bfTiene todo el apoyo popular?&nbsp;<\/p>\n\n\n\n<p class=\"wp-block-paragraph\">Insisto: blofea. Hoy tiene una amplia aceptaci\u00f3n, pero no la de los 30 millones que votaron por \u00e9l en la presidencial de 2018. Transita, s\u00ed, entre la impunidad y se ha hecho del respaldo de las Fuerzas Armadas, a cuyos generales y almirantes ha entregado obra p\u00fablica y vastas responsabilidades que entra\u00f1an acuerdos bajo cuerda, porque s\u00f3lo as\u00ed se explica el cambio de opini\u00f3n que ten\u00eda de \u00e9stas, cuando declar\u00f3 que, si por \u00e9l fuera, las desaparec\u00eda.<\/p>\n\n\n\n<p class=\"wp-block-paragraph\">Se blinda, verdad de Perogrullo. Y en ese blindaje caminan los llamados \u201csiervos de la naci\u00f3n\u201d que ganan m\u00e1s que los m\u00e9dicos y personal que lucha contra el Covid-19, \u201csiervos\u201d que reparten dinero y operan en la opacidad con el levantamiento del censo paralelo que habr\u00e1 de servir para los pr\u00f3ximos comicios intermedios de junio de este a\u00f1o y la preparaci\u00f3n del terreno de la reelecci\u00f3n que se avista en 2024, si antes la oposici\u00f3n no se aplica como tal.<\/p>\n\n\n\n<p class=\"wp-block-paragraph\">Por eso la reiterada embestida contra los organismos aut\u00f3nomos, \u00e9stos que son contrapeso, qui\u00e9rase que no, del poder p\u00fablico. Como el Instituto Nacional Electoral que desde su g\u00e9nesis arrebat\u00f3 el control comicial a la Secretar\u00eda de Gobernaci\u00f3n, y el Instituto Nacional de Transparencia, Acceso a la Informaci\u00f3n y Protecci\u00f3n de Datos Personales (INAI) que ha funcionado contra la galopante opacidad que implica corrupci\u00f3n e impunidad en la administraci\u00f3n p\u00fablica federal.<\/p>\n\n\n\n<p class=\"wp-block-paragraph\">\u00bfPor qu\u00e9 cuando fue jefe de Gobierno del entonces Distrito Federal, Andr\u00e9s Manuel se opuso a la creaci\u00f3n del&nbsp;(INFOCDMX) Instituto de Transparencia, Acceso a la Informaci\u00f3n P\u00fablica, Protecci\u00f3n de Datos Personales y Rendici\u00f3n de Cuentas de la Ciudad de M\u00e9xico?<\/p>\n\n\n\n<p class=\"wp-block-paragraph\">Opacidad ha sido la mec\u00e1nica del gobernar de L\u00f3pez Obrador. Por eso sus fantasmas. No admite que el INAI instruya a su gobierno rendir cuentas, entregar informaci\u00f3n que mandan sus colaboradores a la secrec\u00eda con el argumento de que son de seguridad nacional.<\/p>\n\n\n\n<p class=\"wp-block-paragraph\">\u00bfPor qu\u00e9 descalificar a Lorenzo C\u00f3rdova?&nbsp;<strong>Miente el licenciado L\u00f3pez Obrador, lo que hace en las ma\u00f1aneras, es propaganda. Ni siquiera publicidad<\/strong>; \u00bfolvido su mensaje del martes 28 de mayo de 2019 cuando el INE le instruy\u00f3 no difundir sus conferencias en semanas previas al proceso electoral en seis entidades? Andr\u00e9s Manuel acept\u00f3 y hasta presumi\u00f3 su disposici\u00f3n democr\u00e1tica. \u00bfEntonces s\u00ed, pero hoy no?<\/p>\n\n\n\n<p class=\"wp-block-paragraph\">Bueno, bueno, no es lo mismo un proceso electoral en dos entidades que en todo el pa\u00eds y menos cuando est\u00e1n en juego 15 gubernaturas y la renovaci\u00f3n de 500 diputados federales, \u00e9stos que habr\u00e1n de votar iniciativas de suyo torales para apisonar el terreno de la 4T.<\/p>\n\n\n\n<p class=\"wp-block-paragraph\">\u00bfNo hace propaganda? Pas\u00f3 de noche por la Facultad de Ciencias Pol\u00edticas y Sociales de la UNAM, entre cuyas materias impartidas en esos a\u00f1os de la d\u00e9cada de los 70 eran publicidad y propaganda. Sus definiciones a modo \u2013con sus datos\u2014ri\u00f1en con las acad\u00e9micas, la reales.<\/p>\n\n\n\n<p class=\"wp-block-paragraph\">Definiciones vigentes, refieren lo siguiente:<\/p>\n\n\n\n<p class=\"wp-block-paragraph\"><strong>\u00bfQu\u00e9 es la publicidad?<\/strong><\/p>\n\n\n\n<p class=\"wp-block-paragraph\">La&nbsp;publicidad tiene fines comerciales, busca promover productos y servicios con el objetivo de atraer a potenciales clientes o compradores y moverlos a adquirir aquello que determinada marca vende u ofrece.<\/p>\n\n\n\n<p class=\"wp-block-paragraph\">Se vale de distintos m\u00e9todos y canales para divulgar sus anuncios. Por lo general, intenta crear anuncios llamativos para impactar al p\u00fablico, y utiliza los medios de comunicaci\u00f3n, tanto digitales como tradicionales, entre otras estrategias de promoci\u00f3n.<\/p>\n\n\n\n<p class=\"wp-block-paragraph\"><strong>\u00bfQu\u00e9 es la propaganda?<\/strong><\/p>\n\n\n\n<p class=\"wp-block-paragraph\">La propaganda, en cambio,&nbsp;<strong>no tiene fines comerciales. Su mensaje busca promover, fundamentalmente, campa\u00f1as de corte ideol\u00f3gico, pol\u00edtico, doctrinario, religioso, educativo, de concientizaci\u00f3n, etc\u00e9tera, que generen un impacto en el p\u00fablico y modifiquen su conducta u opini\u00f3n en relaci\u00f3n con determinado tema. Su finalidad real es atraer adeptos y seguidores para una causa, doctrina, creencia u opini\u00f3n.<\/strong><\/p>\n\n\n\n<p class=\"wp-block-paragraph\"><strong>\u201cLas propagandas pueden tratar, por ejemplo, sobre educaci\u00f3n sexual, ambiental, pueden ser de concientizaci\u00f3n contra el consumo de drogas, alcohol o tabaco; pueden hablar sobre el tema de la discriminaci\u00f3n racial, \u00e9tnica o sexual; o tambi\u00e9n ser campa\u00f1as de tipo pol\u00edtico, etc\u00e9tera.<\/strong><\/p>\n\n\n\n<p class=\"wp-block-paragraph\"><strong>\u201cLa propaganda&nbsp;es un m\u00e9todo de comunicaci\u00f3n cuyo objetivo es dar a conocer una informaci\u00f3n con la intenci\u00f3n de influir en el p\u00fablico para que act\u00fae de una manera determinada o utilice un determinado servicio o producto.<\/strong><\/p>\n\n\n\n<p class=\"wp-block-paragraph\"><strong>\u201cDifusi\u00f3n o divulgaci\u00f3n de informaci\u00f3n, ideas u opiniones de car\u00e1cter pol\u00edtico, religioso, comercial, etc\u00e9tera, con la intenci\u00f3n de que alguien act\u00fae de una determinada manera, piense seg\u00fan unas ideas o adquiera un determinado producto\u201d.<\/strong><\/p>\n\n\n\n<p class=\"wp-block-paragraph\">\u00bfSe hace o no propaganda en las ma\u00f1aneras? La mentira nuestra de cada d\u00eda, dicha desde el p\u00falpito de Palacio. Conste.<\/p>\n\n\n\n<p class=\"wp-block-paragraph\"><a href=\"mailto:sanchezlimon@gmail.com\">sanchezlimon@gmail.com<\/a><\/p>\n\n\n\n<p class=\"wp-block-paragraph\"><a href=\"http:\/\/www.entresemana.mx\/\">www.entresemana.mx<\/a><\/p>\n\n\n\n<p class=\"wp-block-paragraph\">@msanchezlimon<\/p>\n","protected":false},"excerpt":{"rendered":"<p>Mois\u00e9s S\u00e1nchez Lim\u00f3n O los fantasmas de Andr\u00e9s Manuel podr\u00eda haber titulado este art\u00edculo. SemM\u00e9xico, Cd. de M\u00e9xico, 14 de diciembre.- Y es que el licenciado presidente miente todos los d\u00edas, se pelea con el pasado, le endilga todos los males del pa\u00eds a sus antecesores y a quienes llama \u201clos de antes\u201d. Igual blofea [&hellip;]<\/p>\n","protected":false},"author":3,"featured_media":15805,"comment_status":"open","ping_status":"open","sticky":false,"template":"","format":"standard","meta":{"_monsterinsights_skip_tracking":false,"footnotes":""},"categories":[692,105,83,35],"tags":[],"class_list":["post-30672","post","type-post","status-publish","format-standard","has-post-thumbnail","category-692","category-entresemana","category-moises-sanchez-limon","category-opinion"],"_links":{"self":[{"href":"https:\/\/redsemlac.com\/semmexico\/wp-json\/wp\/v2\/posts\/30672","targetHints":{"allow":["GET"]}}],"collection":[{"href":"https:\/\/redsemlac.com\/semmexico\/wp-json\/wp\/v2\/posts"}],"about":[{"href":"https:\/\/redsemlac.com\/semmexico\/wp-json\/wp\/v2\/types\/post"}],"author":[{"embeddable":true,"href":"https:\/\/redsemlac.com\/semmexico\/wp-json\/wp\/v2\/users\/3"}],"replies":[{"embeddable":true,"href":"https:\/\/redsemlac.com\/semmexico\/wp-json\/wp\/v2\/comments?post=30672"}],"version-history":[{"count":0,"href":"https:\/\/redsemlac.com\/semmexico\/wp-json\/wp\/v2\/posts\/30672\/revisions"}],"wp:featuredmedia":[{"embeddable":true,"href":"https:\/\/redsemlac.com\/semmexico\/wp-json\/wp\/v2\/media\/15805"}],"wp:attachment":[{"href":"https:\/\/redsemlac.com\/semmexico\/wp-json\/wp\/v2\/media?parent=30672"}],"wp:term":[{"taxonomy":"category","embeddable":true,"href":"https:\/\/redsemlac.com\/semmexico\/wp-json\/wp\/v2\/categories?post=30672"},{"taxonomy":"post_tag","embeddable":true,"href":"https:\/\/redsemlac.com\/semmexico\/wp-json\/wp\/v2\/tags?post=30672"}],"curies":[{"name":"wp","href":"https:\/\/api.w.org\/{rel}","templated":true}]}}