{"id":30669,"date":"2021-01-13T23:43:04","date_gmt":"2021-01-13T23:43:04","guid":{"rendered":"https:\/\/redsemlac.com\/semmexico\/?p=30669"},"modified":"2023-07-21T16:45:26","modified_gmt":"2023-07-21T21:45:26","slug":"reclama-profesorado-jubilado-pago-por-gratificacion-en-oaxaca","status":"publish","type":"post","link":"https:\/\/redsemlac.com\/semmexico\/reclama-profesorado-jubilado-pago-por-gratificacion-en-oaxaca\/","title":{"rendered":"Reclama profesorado jubilado pago por gratificaci\u00f3n en Oaxaca"},"content":{"rendered":"\n<ul class=\"wp-block-list\"><li><strong>Nadie responde por un adeudo de 17 millones de pesos a 36 trabajadores de la educaci\u00f3n<\/strong><\/li><\/ul>\n\n\n\n<ul class=\"wp-block-list\"><li><strong>AMLO y Murat: ni ven ni escuchan a las personas mayores<\/strong><\/li><\/ul>\n\n\n\n<p class=\"wp-block-paragraph\"><strong>Soledad Jarqu\u00edn Edgar<\/strong><\/p>\n\n\n\n<p class=\"wp-block-paragraph\">SemM\u00e9xico, Oaxaca, 13 de enero, 2021.- Un adeudo de 17 millones de pesos es el estimado que tiene el Instituto de Educaci\u00f3n P\u00fablica del Estado de Oaxaca (IEEPO) con 36 profesores y profesoras jubiladas por concepto de gratificaci\u00f3n por jubilaci\u00f3n.<\/p>\n\n\n\n<p class=\"wp-block-paragraph\">Las autoridades act\u00faan como si ese derecho no existiera, como si nosotros nunca hubi\u00e9ramos existido, dice en entrevista con SemM\u00e9xico, el maestro jubilado Rosendo Salazar Fern\u00e1ndez, representante del grupo, quien se\u00f1al\u00f3 que los adeudos corresponden a los a\u00f1os 2013 y 2016.<\/p>\n\n\n\n<p class=\"wp-block-paragraph\">Se trata explica de 15 maestros, cuatro maestras, as\u00ed como 11 trabajadoras y seis trabajadores de otras \u00e1reas de servicios a la educaci\u00f3n, quienes en distintos momentos han enviado casi 30 oficios a distintas autoridades locales y federales, sin recibir ninguna respuesta, \u201cno existimos y como no existimos, tambi\u00e9n pareciera que ese dinero y nuestro derecho no existe\u201d.<\/p>\n\n\n\n<p class=\"wp-block-paragraph\">Expuso que entre las cartas y oficios reclamando el pago a que tienen derecho, se encuentran el presidente Andr\u00e9s Manuel L\u00f3pez Obrador, el ahora ex secretario de Educaci\u00f3n, Esteban Moctezuma, as\u00ed como el gobernador de Oaxaca Alejandro Murat y el titular de IEEPO, Francisco \u00c1ngel Villarreal, quienes no han atendido su petici\u00f3n, lament\u00f3.<\/p>\n\n\n\n<p class=\"wp-block-paragraph\">Adem\u00e1s de la representaci\u00f3n delegacional de la Secretar\u00eda de Educaci\u00f3n P\u00fablica en Oaxaca y la Defensor\u00eda de los Derechos Humanos del Pueblo de Oaxaca, as\u00ed como a la presidenta de la Comisi\u00f3n de Educaci\u00f3n del Congreso local, Juana Aguilar Espinoza, pero nadie les presta atenci\u00f3n ni ayuda a solucionar el problema.<\/p>\n\n\n\n<p class=\"wp-block-paragraph\">Aunado a ello, el mentor sostiene que el Sindicato Nacional de Trabajadores de la Educaci\u00f3n, Secci\u00f3n 22, los abandon\u00f3, tal pareciera que las personas mayores ya no les interesamos, porque ya no vamos ni a plantones ni a marchas, dice con pesar, quien sirvi\u00f3 a la naci\u00f3n por m\u00e1s de 50 a\u00f1os como profesor de primaria, secundaria y finalmente en la educaci\u00f3n normal.<\/p>\n\n\n\n<p class=\"wp-block-paragraph\">La gratificaci\u00f3n por jubilaci\u00f3n est\u00e1 debidamente establecida en la partida presupuestal 1505 por prestaciones de retiro, sin embargo, siguen neg\u00e1ndoles el pago.<\/p>\n\n\n\n<p class=\"wp-block-paragraph\">Se trata, dijo el maestro jubilado Rosendo Salazar Fern\u00e1ndez, de personas que rebasamos los 70 a\u00f1os de edad, que prestamos nuestros servicios en promedio por m\u00e1s de 35 a\u00f1os como maestros de educaci\u00f3n Normalista, en escuelas de Valles Centrales, el Istmo, la Costa y la Mixteca.<\/p>\n\n\n\n<p class=\"wp-block-paragraph\">Muchas y muchos de nosotros tenemos problemas de salud, algunos muy serios, como es el caso de la maestra Flor Ang\u00e9lica Garc\u00eda Cansino, se encuentra muy enferma debido a un paro cerebral, y esperamos que este derecho se cumpla, \u201cno estamos pidiendo algo que no nos corresponda\u201d, enfatiz\u00f3.<\/p>\n\n\n\n<p class=\"wp-block-paragraph\">No sabemos que hicieron con nuestro dinero, agrega, pero sabemos que s\u00ed existi\u00f3, incluso a trav\u00e9s del Departamento de Control y Pagos del IEEPO, respondieron a tres de nosotros que les pagar\u00edan, les hicieron una propuesta de que pago que tampoco cumplieron.<\/p>\n\n\n\n<p class=\"wp-block-paragraph\">Los y las maestras y personal jubilado de servicios educativos llamaron a las autoridades para que resuelvan su situaci\u00f3n, que respondan a sus demandas, que se tomen el tiempo de responder sus oficios y que, tanto el presidente L\u00f3pez Obrador como el gobernador Murat no se conf\u00eden en que ser\u00e1 resuelto por el IEEPO, porque tras varios a\u00f1os, est\u00e1 visto que eso no suceder\u00e1, el titular de esa dependencia nunca responde nuestros escritos, dijeron.<\/p>\n\n\n\n<p class=\"wp-block-paragraph\">SEM\/sj<\/p>\n","protected":false},"excerpt":{"rendered":"<p>AMLO y Murat: ni ven ni escuchan a las personas mayores<\/p>\n","protected":false},"author":3,"featured_media":30670,"comment_status":"open","ping_status":"open","sticky":false,"template":"","format":"standard","meta":{"_monsterinsights_skip_tracking":false,"footnotes":""},"categories":[692,51],"tags":[],"class_list":["post-30669","post","type-post","status-publish","format-standard","has-post-thumbnail","category-692","category-ejecutivo"],"_links":{"self":[{"href":"https:\/\/redsemlac.com\/semmexico\/wp-json\/wp\/v2\/posts\/30669","targetHints":{"allow":["GET"]}}],"collection":[{"href":"https:\/\/redsemlac.com\/semmexico\/wp-json\/wp\/v2\/posts"}],"about":[{"href":"https:\/\/redsemlac.com\/semmexico\/wp-json\/wp\/v2\/types\/post"}],"author":[{"embeddable":true,"href":"https:\/\/redsemlac.com\/semmexico\/wp-json\/wp\/v2\/users\/3"}],"replies":[{"embeddable":true,"href":"https:\/\/redsemlac.com\/semmexico\/wp-json\/wp\/v2\/comments?post=30669"}],"version-history":[{"count":0,"href":"https:\/\/redsemlac.com\/semmexico\/wp-json\/wp\/v2\/posts\/30669\/revisions"}],"wp:featuredmedia":[{"embeddable":true,"href":"https:\/\/redsemlac.com\/semmexico\/wp-json\/wp\/v2\/media\/30670"}],"wp:attachment":[{"href":"https:\/\/redsemlac.com\/semmexico\/wp-json\/wp\/v2\/media?parent=30669"}],"wp:term":[{"taxonomy":"category","embeddable":true,"href":"https:\/\/redsemlac.com\/semmexico\/wp-json\/wp\/v2\/categories?post=30669"},{"taxonomy":"post_tag","embeddable":true,"href":"https:\/\/redsemlac.com\/semmexico\/wp-json\/wp\/v2\/tags?post=30669"}],"curies":[{"name":"wp","href":"https:\/\/api.w.org\/{rel}","templated":true}]}}