{"id":30666,"date":"2021-01-13T23:14:50","date_gmt":"2021-01-13T23:14:50","guid":{"rendered":"https:\/\/redsemlac.com\/semmexico\/?p=30666"},"modified":"2023-07-21T16:45:26","modified_gmt":"2023-07-21T21:45:26","slug":"feminicidio-sigue-sacudiendo-a-la-sociedad-veracruzana","status":"publish","type":"post","link":"https:\/\/redsemlac.com\/semmexico\/feminicidio-sigue-sacudiendo-a-la-sociedad-veracruzana\/","title":{"rendered":"Feminicidio sigue sacudiendo a la sociedad veracruzana"},"content":{"rendered":"\n<ul class=\"wp-block-list\"><li><strong>Desaparecidas en diciembre, sus cuerpos han sido encontrados sin vida<\/strong><\/li><\/ul>\n\n\n\n<ul class=\"wp-block-list\"><li><strong>Una persona detenida como probable responsable de un caso<\/strong><\/li><\/ul>\n\n\n\n<p class=\"wp-block-paragraph\"><strong>Ana Alicia Osorio Gonz\u00e1lez<\/strong><\/p>\n\n\n\n<p class=\"wp-block-paragraph\">SemM\u00e9xico, Veracruz, 13 de enero 2021.- En los primeros d\u00edas del 2021, en la entidad veracruzana se han registrados tres feminicidios de mujeres que hab\u00edan sido reportadas como desaparecidas.<\/p>\n\n\n\n<p class=\"wp-block-paragraph\">Adriana Beatriz L\u00f3pez Rodr\u00edguez, Samara Arroyo Lemaroy y Ana Arely tienen en com\u00fan que eran buscadas por sus familias por haber desaparecido en el mes de diciembre, sin embargo, fueron localizadas asesinadas.&nbsp;<\/p>\n\n\n\n<p class=\"wp-block-paragraph\">En el estado de Veracruz se presentaron 84 feminicidios durante el a\u00f1o 2020, de acuerdo con la Fiscal General Ver\u00f3nica Hern\u00e1ndez Giad\u00e1ns y los casos contin\u00faan.&nbsp;<\/p>\n\n\n\n<p class=\"wp-block-paragraph\">Samara Arroyo Lemaroy era nutri\u00f3loga del IMSS y su caso conmocion\u00f3 a la comunidad m\u00e9dica. La denuncia se interpuso el mismo d\u00eda que desapareci\u00f3, pero la b\u00fasqueda dur\u00f3 varios d\u00edas.&nbsp;<\/p>\n\n\n\n<p class=\"wp-block-paragraph\">Finalmente, tras detener a su instructor de gimnasio por tener la camioneta en la que despareci\u00f3, el cuerpo de Samara Arroyo Lemaroy fue localizado en el patio de la casa del detenido en el municipio de Actopan.<\/p>\n\n\n\n<p class=\"wp-block-paragraph\">Adriana Beatriz L\u00f3pez Rodr\u00edguez desapareci\u00f3 en el municipio de Cosoleacaque despu\u00e9s de asistir a una reuni\u00f3n en compa\u00f1\u00eda de un grupo de amistades. Al perder contacto con ella sus conocidos comenzaron movilizaciones a trav\u00e9s de redes sociales. Fue encontrada asesinada en el fraccionamiento Las Olas y hay cuatro personas detenidas.<\/p>\n\n\n\n<p class=\"wp-block-paragraph\">En el caso de Ana Arely su cuerpo fue encontrado en un predio rural en el municipio de Tlapacoyan, varios d\u00edas despu\u00e9s de haber sido reportada como desaparecida.&nbsp;<\/p>\n\n\n\n<p class=\"wp-block-paragraph\">SEM\/aaog\/sj<\/p>\n","protected":false},"excerpt":{"rendered":"<p>Una persona detenida como probable responsable de un caso<\/p>\n","protected":false},"author":3,"featured_media":30667,"comment_status":"open","ping_status":"open","sticky":false,"template":"","format":"standard","meta":{"_monsterinsights_skip_tracking":false,"footnotes":""},"categories":[692,47,48],"tags":[],"class_list":["post-30666","post","type-post","status-publish","format-standard","has-post-thumbnail","category-692","category-no-mas-impunidad","category-no-mas-impunidad-no-mas-impunidad"],"_links":{"self":[{"href":"https:\/\/redsemlac.com\/semmexico\/wp-json\/wp\/v2\/posts\/30666","targetHints":{"allow":["GET"]}}],"collection":[{"href":"https:\/\/redsemlac.com\/semmexico\/wp-json\/wp\/v2\/posts"}],"about":[{"href":"https:\/\/redsemlac.com\/semmexico\/wp-json\/wp\/v2\/types\/post"}],"author":[{"embeddable":true,"href":"https:\/\/redsemlac.com\/semmexico\/wp-json\/wp\/v2\/users\/3"}],"replies":[{"embeddable":true,"href":"https:\/\/redsemlac.com\/semmexico\/wp-json\/wp\/v2\/comments?post=30666"}],"version-history":[{"count":0,"href":"https:\/\/redsemlac.com\/semmexico\/wp-json\/wp\/v2\/posts\/30666\/revisions"}],"wp:featuredmedia":[{"embeddable":true,"href":"https:\/\/redsemlac.com\/semmexico\/wp-json\/wp\/v2\/media\/30667"}],"wp:attachment":[{"href":"https:\/\/redsemlac.com\/semmexico\/wp-json\/wp\/v2\/media?parent=30666"}],"wp:term":[{"taxonomy":"category","embeddable":true,"href":"https:\/\/redsemlac.com\/semmexico\/wp-json\/wp\/v2\/categories?post=30666"},{"taxonomy":"post_tag","embeddable":true,"href":"https:\/\/redsemlac.com\/semmexico\/wp-json\/wp\/v2\/tags?post=30666"}],"curies":[{"name":"wp","href":"https:\/\/api.w.org\/{rel}","templated":true}]}}