{"id":30658,"date":"2021-01-13T23:07:12","date_gmt":"2021-01-13T23:07:12","guid":{"rendered":"https:\/\/redsemlac.com\/semmexico\/?p=30658"},"modified":"2023-07-21T16:45:26","modified_gmt":"2023-07-21T21:45:26","slug":"gobierno-de-mexico-informara-sobre-violencias-contra-las-mujeres-amlo","status":"publish","type":"post","link":"https:\/\/redsemlac.com\/semmexico\/gobierno-de-mexico-informara-sobre-violencias-contra-las-mujeres-amlo\/","title":{"rendered":"Gobierno de M\u00e9xico informar\u00e1 sobre violencias contra las mujeres: AMLO"},"content":{"rendered":"\n<ul class=\"wp-block-list\"><li><strong>Ser\u00e1 el pr\u00f3ximo 27 de enero, dijo el Presidente<\/strong><\/li><\/ul>\n\n\n\n<ul class=\"wp-block-list\"><li><strong>Ofrecer\u00e1n datos sobre las violencias, feminicidios y desapariciones<\/strong><\/li><\/ul>\n\n\n\n<p class=\"wp-block-paragraph\"><strong>Lizbeth \u00c1lvarez Mart\u00ednez<\/strong><\/p>\n\n\n\n<p class=\"wp-block-paragraph\">SemM\u00e9xico, Cd. de M\u00e9xico, 13 de enero, 2021.- El presidente Andr\u00e9s Manuel L\u00f3pez Obrador inform\u00f3 que el mi\u00e9rcoles 27 de enero se dar\u00e1 el informe sobre las violencias, feminicidios y desapariciones de mujeres.<\/p>\n\n\n\n<figure class=\"wp-block-video aligncenter\"><video height=\"656\" style=\"aspect-ratio: 1248 \/ 656;\" width=\"1248\" controls src=\"https:\/\/redsemlac.com\/semmexico\/wp-content\/uploads\/2021\/01\/WhatsApp-Video-2021-01-13-at-4.14.13-PM-1.mp4\"><\/video><\/figure>\n\n\n\n<p class=\"wp-block-paragraph\">\u201cS\u00ed, vamos a informar para el 25, como quedamos. Lo vamos a pasar para el mi\u00e9rcoles siguiente. Le vamos a pedir a la licenciada Olga S\u00e1nchez Cordero, Nadine (sic) y a Alejandro Encinas que vengan a informar\u201d.<\/p>\n\n\n\n<p class=\"wp-block-paragraph\">Cabe destacar, que el pasado 25 de noviembre del 2020, el Ejecutivo Federal se hab\u00eda comprometido a que cada mes se dar\u00eda un informe sobre las violencias que viven las mujeres en el pa\u00eds.<\/p>\n\n\n\n<p class=\"wp-block-paragraph\">SEM\/lam\/sj<\/p>\n","protected":false},"excerpt":{"rendered":"<p>Ofrecer\u00e1n datos sobre las violencias, feminicidios y desapariciones<\/p>\n","protected":false},"author":3,"featured_media":30661,"comment_status":"open","ping_status":"open","sticky":false,"template":"","format":"standard","meta":{"_monsterinsights_skip_tracking":false,"footnotes":""},"categories":[692,51],"tags":[],"class_list":["post-30658","post","type-post","status-publish","format-standard","has-post-thumbnail","category-692","category-ejecutivo"],"_links":{"self":[{"href":"https:\/\/redsemlac.com\/semmexico\/wp-json\/wp\/v2\/posts\/30658","targetHints":{"allow":["GET"]}}],"collection":[{"href":"https:\/\/redsemlac.com\/semmexico\/wp-json\/wp\/v2\/posts"}],"about":[{"href":"https:\/\/redsemlac.com\/semmexico\/wp-json\/wp\/v2\/types\/post"}],"author":[{"embeddable":true,"href":"https:\/\/redsemlac.com\/semmexico\/wp-json\/wp\/v2\/users\/3"}],"replies":[{"embeddable":true,"href":"https:\/\/redsemlac.com\/semmexico\/wp-json\/wp\/v2\/comments?post=30658"}],"version-history":[{"count":0,"href":"https:\/\/redsemlac.com\/semmexico\/wp-json\/wp\/v2\/posts\/30658\/revisions"}],"wp:featuredmedia":[{"embeddable":true,"href":"https:\/\/redsemlac.com\/semmexico\/wp-json\/wp\/v2\/media\/30661"}],"wp:attachment":[{"href":"https:\/\/redsemlac.com\/semmexico\/wp-json\/wp\/v2\/media?parent=30658"}],"wp:term":[{"taxonomy":"category","embeddable":true,"href":"https:\/\/redsemlac.com\/semmexico\/wp-json\/wp\/v2\/categories?post=30658"},{"taxonomy":"post_tag","embeddable":true,"href":"https:\/\/redsemlac.com\/semmexico\/wp-json\/wp\/v2\/tags?post=30658"}],"curies":[{"name":"wp","href":"https:\/\/api.w.org\/{rel}","templated":true}]}}