{"id":30652,"date":"2021-01-13T22:50:33","date_gmt":"2021-01-13T22:50:33","guid":{"rendered":"https:\/\/redsemlac.com\/semmexico\/?p=30652"},"modified":"2023-07-21T16:45:26","modified_gmt":"2023-07-21T21:45:26","slug":"50-aspirantes-a-cargos-politicos-seran-respaldadas-por-auna","status":"publish","type":"post","link":"https:\/\/redsemlac.com\/semmexico\/50-aspirantes-a-cargos-politicos-seran-respaldadas-por-auna\/","title":{"rendered":"50 aspirantes a cargos pol\u00edticos ser\u00e1n respaldadas por #A\u00fana"},"content":{"rendered":"\n<ul class=\"wp-block-list\"><li><strong>Diputadas federales y locales, presidentas y regidoras piden ser reelectas otras van por su primera oportunidad<\/strong><\/li><\/ul>\n\n\n\n<ul class=\"wp-block-list\"><li><strong> Ella har\u00e1n el cambio en la pol\u00edtica, planta la plataforma que afirma las respaldar\u00e1<\/strong><\/li><\/ul>\n\n\n\n<p class=\"wp-block-paragraph\"><strong>Lorena Vaniezcot<\/strong><\/p>\n\n\n\n<p class=\"wp-block-paragraph\">SemM\u00e9xico, Cd. de M\u00e9xico, 13 de enero, 2021.- Con el lanzamiento de su plataforma A\u00fana present\u00f3 hoy a \u201clas nominadas\u201d, 50 pol\u00edticas mexicanas que buscar\u00e1n ser candidatas por diversos partidos pol\u00edticos o por la v\u00eda independiente para ser electas por primera vez o relegirse en el mismo o en otro cargo pol\u00edtico en el proceso electoral 2021, en que ser\u00e1n electas en M\u00e9xico al menos 10 mil mujeres.<\/p>\n\n\n\n<p class=\"wp-block-paragraph\">Entre ellas se encuentran ex presidentas municipales, como Rosa Mar\u00eda Aguilar Antonio, quien fue en el periodo 2017-2018, presidenta municipal de Reforma de Pineda, la primera mun\u00edcipe que obtuvo el cargo siendo candidata independiente en M\u00e9xico. Ahora busca un cargo como diputada por el distrito 11 de Mat\u00edas Romero, Oaxaca.<\/p>\n\n\n\n<figure class=\"wp-block-gallery columns-1 is-cropped wp-block-gallery-1 is-layout-flex wp-block-gallery-is-layout-flex\"><ul class=\"blocks-gallery-grid\"><li class=\"blocks-gallery-item\"><figure><a href=\"https:\/\/redsemlac.com\/semmexico\/wp-content\/uploads\/2021\/01\/Captura-de-pantalla-2021-01-13-a-las-16.25.50.png\"><img decoding=\"async\" src=\"https:\/\/redsemlac.com\/semmexico\/wp-content\/uploads\/2021\/01\/Captura-de-pantalla-2021-01-13-a-las-16.25.50-1024x502.png\" alt=\"\" data-id=\"30653\" data-full-url=\"https:\/\/redsemlac.com\/semmexico\/wp-content\/uploads\/2021\/01\/Captura-de-pantalla-2021-01-13-a-las-16.25.50.png\" data-link=\"https:\/\/redsemlac.com\/semmexico\/?attachment_id=30653\" class=\"wp-image-30653\"\/><\/a><\/figure><\/li><li class=\"blocks-gallery-item\"><figure><a href=\"https:\/\/redsemlac.com\/semmexico\/wp-content\/uploads\/2021\/01\/Captura-de-pantalla-2021-01-13-a-las-16.26.03-1.png\"><img decoding=\"async\" src=\"https:\/\/redsemlac.com\/semmexico\/wp-content\/uploads\/2021\/01\/Captura-de-pantalla-2021-01-13-a-las-16.26.03-1-1024x450.png\" alt=\"\" data-id=\"30654\" data-full-url=\"https:\/\/redsemlac.com\/semmexico\/wp-content\/uploads\/2021\/01\/Captura-de-pantalla-2021-01-13-a-las-16.26.03-1.png\" data-link=\"https:\/\/redsemlac.com\/semmexico\/?attachment_id=30654\" class=\"wp-image-30654\"\/><\/a><\/figure><\/li><li class=\"blocks-gallery-item\"><figure><a href=\"https:\/\/redsemlac.com\/semmexico\/wp-content\/uploads\/2021\/01\/Captura-de-pantalla-2021-01-13-a-las-16.26.11.png\"><img decoding=\"async\" src=\"https:\/\/redsemlac.com\/semmexico\/wp-content\/uploads\/2021\/01\/Captura-de-pantalla-2021-01-13-a-las-16.26.11-1024x441.png\" alt=\"\" data-id=\"30655\" data-full-url=\"https:\/\/redsemlac.com\/semmexico\/wp-content\/uploads\/2021\/01\/Captura-de-pantalla-2021-01-13-a-las-16.26.11.png\" data-link=\"https:\/\/redsemlac.com\/semmexico\/?attachment_id=30655\" class=\"wp-image-30655\"\/><\/a><\/figure><\/li><li class=\"blocks-gallery-item\"><figure><a href=\"https:\/\/redsemlac.com\/semmexico\/wp-content\/uploads\/2021\/01\/Captura-de-pantalla-2021-01-13-a-las-16.26.19.png\"><img decoding=\"async\" src=\"https:\/\/redsemlac.com\/semmexico\/wp-content\/uploads\/2021\/01\/Captura-de-pantalla-2021-01-13-a-las-16.26.19-1024x436.png\" alt=\"\" data-id=\"30656\" data-full-url=\"https:\/\/redsemlac.com\/semmexico\/wp-content\/uploads\/2021\/01\/Captura-de-pantalla-2021-01-13-a-las-16.26.19.png\" data-link=\"https:\/\/redsemlac.com\/semmexico\/?attachment_id=30656\" class=\"wp-image-30656\"\/><\/a><\/figure><\/li><\/ul><\/figure>\n\n\n\n<p class=\"wp-block-paragraph\">Adem\u00e1s de Melina Alatorre N\u00fa\u00f1ez, regidora en el municipio de Zapopan, definida como defensora de derechos humanos y feminista, que hoy busca ser electa como legisladora local por el partido Movimiento Ciudadano (PMC).<\/p>\n\n\n\n<p class=\"wp-block-paragraph\">B\u00e1rbara Aranda Mercado de la ciudad de M\u00e9xico, definida como \u201cfeminista transincluyente\u201d y defensora de las infancias, precandidata a la legislatura local del partido de PMC por el distrito 13 de la ciudad de M\u00e9xico.<\/p>\n\n\n\n<p class=\"wp-block-paragraph\">Wendy Brice\u00f1o Zuloaga, del partido Morena, quien busca ser reelecta como diputada federal por Sonora, su estado natal, donde ha sido presidenta de la Comisi\u00f3n de Igualdad de G\u00e9nero.<\/p>\n\n\n\n<p class=\"wp-block-paragraph\">Daniela Ch\u00e1vez precandidata a diputada local, ha sido candidata a presidenta Municipal y actual Regidora Reelecta del Ayuntamiento de Tlaquepaque, en Jalisco por el Partido Verde Ecologista de M\u00e9xico (PVEM).<\/p>\n\n\n\n<p class=\"wp-block-paragraph\">Rub\u00ed Jazm\u00edn Cort\u00e9s Salazar es aspirante a una regidur\u00eda o a una diputaci\u00f3n plurinominal por el distrito 08 de Tlaxiaco, Oaxaca.<\/p>\n\n\n\n<p class=\"wp-block-paragraph\">Susana de la Rosa, originaria de Jalisco, ha sido una activa pol\u00edtica desde los 19 a\u00f1os, en 2018 fue candidata independiente a una diputaci\u00f3n local por parte de la plataforma #VamosAReemplazarles. Fue co-coordinadora de Wikipol\u00edtica Jalisco en el proceso de decisi\u00f3n para conformarse como partido pol\u00edtico local: Futuro, de la cual es presidenta.<\/p>\n\n\n\n<p class=\"wp-block-paragraph\">Alejandra Garc\u00eda Morl\u00e1n aspira a ser la candidata del PAN a la presidencia municipal de Oaxaca de Ju\u00e1rez. Ha sido diputada local y federal.<\/p>\n\n\n\n<p class=\"wp-block-paragraph\">Diana Garc\u00eda quiere ser regidora en Atlixco, Puebla.<\/p>\n\n\n\n<p class=\"wp-block-paragraph\">Janet Gonz\u00e1lez Rubio Alcaraz, desea ser alcaldesa o regidora de Ixtlahuac\u00e1n de los Membrillos.<\/p>\n\n\n\n<p class=\"wp-block-paragraph\">Rogelia Gonz\u00e1lez Luis, militante del PRD, busca ser diputada local o diputada federal por el distrito 20 (Juchit\u00e1n de Zaragoza) en Oaxaca.<\/p>\n\n\n\n<p class=\"wp-block-paragraph\">Venecia Guzm\u00e1n quiere ser regidora de San Pedro Garza Garc\u00eda, Nuevo Le\u00f3n.<\/p>\n\n\n\n<p class=\"wp-block-paragraph\">Rebeca Herrera Naranjo quiere ser concejala de la alcald\u00eda \u00c1lvaro Obreg\u00f3n en la ciudad de M\u00e9xico.<\/p>\n\n\n\n<p class=\"wp-block-paragraph\">Tamara Ibarra aspira a ser candidata a diputada local por el distrito 12 (Cuauht\u00e9moc) en la ciudad de M\u00e9xico.<\/p>\n\n\n\n<p class=\"wp-block-paragraph\">Ver\u00f3nica Ju\u00e1rez pretende ser diputada plurinominal por el distrito federal 16 (Tlaquepaque) en Jalisco.<\/p>\n\n\n\n<p class=\"wp-block-paragraph\">Ana Laura L\u00f3pez Betanzo desea ser diputada local en la ciudad de M\u00e9xico, se define como \u201cmadre transnacional, migrante, defensora de los derechos de las personas migrantes y de las familias binacionales\u201d.<\/p>\n\n\n\n<p class=\"wp-block-paragraph\">Aurora Guisela L\u00f3pez desea ser regidora en la municipalidad de Atlixco, Puebla.<\/p>\n\n\n\n<p class=\"wp-block-paragraph\">Fabiola Loya buscar\u00e1 ser la presidenta municipal de Zapopan, Jalisco. Antes ha sido diputada local, donde presidi\u00f3 la Comisi\u00f3n de Equidad de G\u00e9nero y promovi\u00f3 la Ley Estatal para Promover la Igualdad, Prevenir y Eliminar la Discriminaci\u00f3n en Jalisco, la Paridad Horizontal y la Ley Estatal de Austeridad.<\/p>\n\n\n\n<p class=\"wp-block-paragraph\">Julieta Mac\u00edas R\u00e1bago aspira a ser candidata a la diputaci\u00f3n local por el distrito 26 (Coyoac\u00e1n). Actualmente es diputada federal.<\/p>\n\n\n\n<p class=\"wp-block-paragraph\">Ang\u00e9lica Maldonado pretende ser candidata a una diputaci\u00f3n federal por el Distrito 10 en Monterrey, N.L.<\/p>\n\n\n\n<p class=\"wp-block-paragraph\">Nancy Mej\u00eda es aspirante a la candidatura por la diputaci\u00f3n federal Plurinominal | 1a o 4a circunscripci\u00f3n (Ciudad de M\u00e9xico). Es feminista y fundadora de REDefine M\u00e9xico<\/p>\n\n\n\n<p class=\"wp-block-paragraph\">Mar\u00eda del Pilar Monterrubio Viloria quiere ser regidora en la capital oaxaque\u00f1a.<\/p>\n\n\n\n<p class=\"wp-block-paragraph\">Ana Paula Mu\u00f1oz busca ser regidora en Puebla.<\/p>\n\n\n\n<p class=\"wp-block-paragraph\">Edurne Ochoa tambi\u00e9n quiere una candidatura a diputada federal por el distrito 11 (Puebla). Se define como consultora en comunicaci\u00f3n pol\u00edtica &amp; g\u00e9nero, feminista, activista y Presidenta de 33 Mujeres A.C.<\/p>\n\n\n\n<p class=\"wp-block-paragraph\">Susana Ochoa aspira a ser diputada local por el distrito 10 (Zapopan), es pol\u00edtica feminista y fundadora de Wikipol\u00edtica Jalisco y ex candidata de esa plataforma.<\/p>\n\n\n\n<p class=\"wp-block-paragraph\">Pilar Ortega busca ser reelecta como legisladora federal por el distrito de Le\u00f3n. Ha sido magistrada del Tribunal Federal de Conciliaci\u00f3n y Arbitraje y Secretaria Ejecutiva del Sistema Estatal de Seguridad P\u00fablica en Guanajuato y Senadora de la Rep\u00fablica.<\/p>\n\n\n\n<p class=\"wp-block-paragraph\">Marcela P\u00e1ramo Ortega pretende ser reelecta como regidora en Zapopan, municipio de Jalisco.<\/p>\n\n\n\n<p class=\"wp-block-paragraph\">Ximena Peredo busca ser diputada local por distrito 18 (San Pedro Garza Garc\u00eda y Santa Catarina).<\/p>\n\n\n\n<p class=\"wp-block-paragraph\">Ira\u00eds Virginia Reyes de la Torre pretende ser nominada como candidata a la diputaci\u00f3n local por el distrito de Monterrey, Nuevo Le\u00f3n.<\/p>\n\n\n\n<p class=\"wp-block-paragraph\">Luc\u00eda Riojas tambi\u00e9n aspira a ser reelecta diputada Federal. Se define como feminista, lesbiana y baterista.<\/p>\n\n\n\n<p class=\"wp-block-paragraph\">Abigail R\u00edos Urbano quiere ser diputada local por el distrito 19 de Salina Cruz, Oaxaca.<\/p>\n\n\n\n<p class=\"wp-block-paragraph\">Laura Rojas aspira a ser reelecta como legisladora federal plurinominal por el Estado de M\u00e9xico. Tambi\u00e9n ha sido Senadora.<\/p>\n\n\n\n<p class=\"wp-block-paragraph\">Mar\u00eda Teresa Ruiz Mart\u00ednez quiere ser concejala en la Circunscripci\u00f3n IV (Miguel Hidalgo)&nbsp;en la capital mexicana.<\/p>\n\n\n\n<p class=\"wp-block-paragraph\">Martha Fernanda Salazar Mart\u00ednez desea ser candidata a legisladora local por el Distrito VI (Colima).<\/p>\n\n\n\n<p class=\"wp-block-paragraph\">Roc\u00edo Salazar Mercado aspira a una candidatura como legisladora local por el distrito local de Monterrey, N.L.<\/p>\n\n\n\n<p class=\"wp-block-paragraph\">Mariela Sald\u00edvar quiere ser reelecta como diputada local por el distrito 08 (San Pedro \u2013 Monterrey), N.L.<\/p>\n\n\n\n<p class=\"wp-block-paragraph\">Gabriela Salido aspira a la reelecci\u00f3n como diputada local del distrito Miguel Hidalgo, en la ciudad de M\u00e9xico.<\/p>\n\n\n\n<p class=\"wp-block-paragraph\">Mijane Salinas busca ser diputada local o federal, por el distrito Local 15 (Cuajinicuilapa) o el Distrito Federal 08 (Costa Chica) en Guerrero. Se autodefine como afromexicana.<\/p>\n\n\n\n<p class=\"wp-block-paragraph\">Yndira Sandoval aspira a ser diputada federal, por los distritos 23 o 24 de Coyoac\u00e1n<br>Plurinominal |, 4a circunscripci\u00f3n, en la capital mexicana.<\/p>\n\n\n\n<p class=\"wp-block-paragraph\">Indira Alejandra Sol\u00eds S\u00e1nchez aspira a una regidur\u00eda en Atlixco, Puebla.<\/p>\n\n\n\n<p class=\"wp-block-paragraph\">Balbina Mar\u00eda Trevi\u00f1o Garza quiere ser diputada local o federal por el distrito 18 , de San Pedro Garza Garc\u00eda, N.L.<\/p>\n\n\n\n<p class=\"wp-block-paragraph\">Patricia Urriza Arellano desea ser la candidata a concejala en la alcald\u00eda de Coyoac\u00e1n, ciudad de M\u00e9xico.<\/p>\n\n\n\n<p class=\"wp-block-paragraph\">Dinorah Jocelyn Vega Orozco quiere ser diputada local por el distrito 8 o 9 en Hermosillo, Sonora.<\/p>\n\n\n\n<p class=\"wp-block-paragraph\">Lorena Villavicencio Ayala busca ser reelecta como diputada federal, su distrito es el 16 (\u00c1lvaro Obreg\u00f3n) ciudad de M\u00e9xico.<\/p>\n\n\n\n<p class=\"wp-block-paragraph\">Leticia Villegas Carmona quiere ser candidata a concejala en Azcapotzalco, ciudad de M\u00e9xico.<\/p>\n\n\n\n<p class=\"wp-block-paragraph\">A\u00fana est\u00e1 integrado por mujeres que se desempe\u00f1an en diversas actividades que a trav\u00e9s de esta red identifican e impulsan a quienes aspiran a ser electas por sus partidos pol\u00edticos o de forma independiente para el proceso electoral 2021.<\/p>\n\n\n\n<p class=\"wp-block-paragraph\">De esta manera, proponen para la elecci\u00f3n 2021 el respaldo a 50 mujeres, legisladoras, locales y federales, alcaldesas, regidoras y concejalas en Oaxaca, Guerrero, Puebla, Ciudad de M\u00e9xico, Jalisco, Estado de M\u00e9xico, Colima, Nuevo Le\u00f3n, Guanajuato y Sonora.<\/p>\n\n\n\n<p class=\"wp-block-paragraph\">Explican en un comunicado que a pesar de la cada vez mayor presencia de mujeres en actividades pol\u00edticas y de toma de decisiones, \u201cen muchas decisiones clave sobre el pa\u00eds, las mujeres se vuelven invisibles porque los partidos pol\u00edticos, la forma en que se construyen las decisiones y los puestos m\u00e1s importantes siguen bajo el control de los hombres\u201d, apuntan.<\/p>\n\n\n\n<p class=\"wp-block-paragraph\">En A\u00fana estamos apostando a un mejor futuro con m\u00e1s mujeres tomando decisiones para el bien com\u00fan. Nuestra plataforma busca convergencias en medio de la diversidad para lograr juntas un M\u00e9xico m\u00e1s igualitario, justo y sustentable.<\/p>\n\n\n\n<p class=\"wp-block-paragraph\">Contribuiremos en el proceso de 2021 para seguir fortaleciendo una agenda alternativa de cambios para el pa\u00eds, m\u00e1s all\u00e1 de los tiempos electorales.<\/p>\n\n\n\n<p class=\"wp-block-paragraph\">SEM\/lv\/sj<\/p>\n","protected":false},"excerpt":{"rendered":"<p> Ella har\u00e1n el cambio en la pol\u00edtica, planta la plataforma que afirma las respaldar\u00e1<\/p>\n","protected":false},"author":3,"featured_media":30653,"comment_status":"open","ping_status":"open","sticky":false,"template":"","format":"standard","meta":{"_monsterinsights_skip_tracking":false,"footnotes":""},"categories":[692,141],"tags":[],"class_list":["post-30652","post","type-post","status-publish","format-standard","has-post-thumbnail","category-692","category-elecciones-2020-2021"],"_links":{"self":[{"href":"https:\/\/redsemlac.com\/semmexico\/wp-json\/wp\/v2\/posts\/30652","targetHints":{"allow":["GET"]}}],"collection":[{"href":"https:\/\/redsemlac.com\/semmexico\/wp-json\/wp\/v2\/posts"}],"about":[{"href":"https:\/\/redsemlac.com\/semmexico\/wp-json\/wp\/v2\/types\/post"}],"author":[{"embeddable":true,"href":"https:\/\/redsemlac.com\/semmexico\/wp-json\/wp\/v2\/users\/3"}],"replies":[{"embeddable":true,"href":"https:\/\/redsemlac.com\/semmexico\/wp-json\/wp\/v2\/comments?post=30652"}],"version-history":[{"count":0,"href":"https:\/\/redsemlac.com\/semmexico\/wp-json\/wp\/v2\/posts\/30652\/revisions"}],"wp:featuredmedia":[{"embeddable":true,"href":"https:\/\/redsemlac.com\/semmexico\/wp-json\/wp\/v2\/media\/30653"}],"wp:attachment":[{"href":"https:\/\/redsemlac.com\/semmexico\/wp-json\/wp\/v2\/media?parent=30652"}],"wp:term":[{"taxonomy":"category","embeddable":true,"href":"https:\/\/redsemlac.com\/semmexico\/wp-json\/wp\/v2\/categories?post=30652"},{"taxonomy":"post_tag","embeddable":true,"href":"https:\/\/redsemlac.com\/semmexico\/wp-json\/wp\/v2\/tags?post=30652"}],"curies":[{"name":"wp","href":"https:\/\/api.w.org\/{rel}","templated":true}]}}