{"id":30642,"date":"2021-01-13T18:56:38","date_gmt":"2021-01-13T18:56:38","guid":{"rendered":"https:\/\/redsemlac.com\/semmexico\/?p=30642"},"modified":"2023-07-21T16:45:26","modified_gmt":"2023-07-21T21:45:26","slug":"irma-liliana-garzon-bernal-aspirante-del-pan-al-gobierno-de-guerrero","status":"publish","type":"post","link":"https:\/\/redsemlac.com\/semmexico\/irma-liliana-garzon-bernal-aspirante-del-pan-al-gobierno-de-guerrero\/","title":{"rendered":"Irma Liliana Garz\u00f3n Bernal aspirante del PAN al gobierno de Guerrero"},"content":{"rendered":"\n<ul class=\"wp-block-list\"><li><strong>La ex diputada busca el respaldo de su partido<\/strong><\/li><\/ul>\n\n\n\n<ul class=\"wp-block-list\"><li><strong>Un grupo de mujeres le pidieron que sea la candidata panista<\/strong><\/li><\/ul>\n\n\n\n<p class=\"wp-block-paragraph\"><strong>Redacci\u00f3n<\/strong><\/p>\n\n\n\n<p class=\"wp-block-paragraph\">SemM\u00e9xico\/Ceprovysa, Chilpancingo, Gro., 13 de enero, 2021.- Irma Lilia Garz\u00f3n Bernal present\u00f3 su solicitud de ser la Candidata del Partido Acci\u00f3n Nacional a la gubernatura de Guerrero.<\/p>\n\n\n\n<p class=\"wp-block-paragraph\">Acompa\u00f1ada de Mujeres del PAN de varios municipios del estado que le pidieron ser la Candidata del PAN a la gubernatura para contender en el proceso electoral de junio de 2021.<\/p>\n\n\n\n<p class=\"wp-block-paragraph\">Garz\u00f3n Bernal esperar\u00e1 la Convocatoria para hacer su solicitud formal a la aspiraci\u00f3n de representar a su partido en la elecci\u00f3n de junio de 2021.<\/p>\n\n\n\n<p class=\"wp-block-paragraph\">La aspirante se defini\u00f3 como \u00abuna mujer de principios\u201d, dijo para luego agregar que cuenta con experiencia y una amplia trayectoria que me avala para poder apoyar y empoderar a otras mujeres.<\/p>\n\n\n\n<p class=\"wp-block-paragraph\">Garz\u00f3n Bernal ha sido diputada plurinominal del PAN, regidora de Desarrollo Social en el Municipio de Chilpancingo.<\/p>\n\n\n\n<p class=\"wp-block-paragraph\">En la administraci\u00f3n p\u00fablica se ha desempe\u00f1ado como directora de la Comisi\u00f3n de Agua Potable y Alcantarillado del Municipio de Chilpancingo.<\/p>\n\n\n\n<p class=\"wp-block-paragraph\">SEM-Ceprovysa<\/p>\n","protected":false},"excerpt":{"rendered":"<p>Acompa\u00f1ada de Mujeres del PAN de varios municipios del estado que le pidieron ser la Candidata del PAN a la gubernatura para contender en el proceso electoral de junio de 2021.<\/p>\n","protected":false},"author":3,"featured_media":30643,"comment_status":"open","ping_status":"open","sticky":false,"template":"","format":"standard","meta":{"_monsterinsights_skip_tracking":false,"footnotes":""},"categories":[692,141],"tags":[],"class_list":["post-30642","post","type-post","status-publish","format-standard","has-post-thumbnail","category-692","category-elecciones-2020-2021"],"_links":{"self":[{"href":"https:\/\/redsemlac.com\/semmexico\/wp-json\/wp\/v2\/posts\/30642","targetHints":{"allow":["GET"]}}],"collection":[{"href":"https:\/\/redsemlac.com\/semmexico\/wp-json\/wp\/v2\/posts"}],"about":[{"href":"https:\/\/redsemlac.com\/semmexico\/wp-json\/wp\/v2\/types\/post"}],"author":[{"embeddable":true,"href":"https:\/\/redsemlac.com\/semmexico\/wp-json\/wp\/v2\/users\/3"}],"replies":[{"embeddable":true,"href":"https:\/\/redsemlac.com\/semmexico\/wp-json\/wp\/v2\/comments?post=30642"}],"version-history":[{"count":0,"href":"https:\/\/redsemlac.com\/semmexico\/wp-json\/wp\/v2\/posts\/30642\/revisions"}],"wp:featuredmedia":[{"embeddable":true,"href":"https:\/\/redsemlac.com\/semmexico\/wp-json\/wp\/v2\/media\/30643"}],"wp:attachment":[{"href":"https:\/\/redsemlac.com\/semmexico\/wp-json\/wp\/v2\/media?parent=30642"}],"wp:term":[{"taxonomy":"category","embeddable":true,"href":"https:\/\/redsemlac.com\/semmexico\/wp-json\/wp\/v2\/categories?post=30642"},{"taxonomy":"post_tag","embeddable":true,"href":"https:\/\/redsemlac.com\/semmexico\/wp-json\/wp\/v2\/tags?post=30642"}],"curies":[{"name":"wp","href":"https:\/\/api.w.org\/{rel}","templated":true}]}}