{"id":30604,"date":"2021-01-12T21:27:23","date_gmt":"2021-01-12T21:27:23","guid":{"rendered":"https:\/\/redsemlac.com\/semmexico\/?p=30604"},"modified":"2023-07-21T16:45:27","modified_gmt":"2023-07-21T21:45:27","slug":"27-colectivas-de-quintana-roo-piden-la-intervencion-de-amlo-ante-la-crisis-de-derechos-de-las-mujeres-en-esa-entidad","status":"publish","type":"post","link":"https:\/\/redsemlac.com\/semmexico\/27-colectivas-de-quintana-roo-piden-la-intervencion-de-amlo-ante-la-crisis-de-derechos-de-las-mujeres-en-esa-entidad\/","title":{"rendered":"27 Colectivas de Quintana Roo piden la intervenci\u00f3n de AMLO ante la crisis de derechos de las mujeres en esa entidad"},"content":{"rendered":"\n<ul class=\"wp-block-list\"><li><strong>Cumplen 46 d\u00edas desde la toma pac\u00edfica del Congreso, denuncian acoso institucional<\/strong><\/li><li><strong>Anuncian que liberar\u00e1n las instalaciones, si tan solo, se discute la despenalizaci\u00f3n del aborto y se elabora un dictamen<\/strong><\/li><\/ul>\n\n\n\n<p class=\"wp-block-paragraph\"><strong>Sara Lovera<\/strong><\/p>\n\n\n\n<p class=\"wp-block-paragraph\">SemM\u00e9xico, Cd. de M\u00e9xico, 12 de enero, 2020.-Las 27 colectivas feministas de Quintana Roo, denunciaron hoy en carta&nbsp; al presidente Andr\u00e9s Manuel L\u00f3pez Obrador, la crisis de derechos humanos en el estado, el acoso &nbsp;&nbsp;institucional contra las feministas &nbsp;y la discriminaci\u00f3n, continuada desde el Congreso de la entidad que est\u00e1 en desacato a una directriz &nbsp;de Gobernaci\u00f3n &nbsp;para que se dictamine una, &nbsp;entre 5 &nbsp;iniciativas para despenalizar el aborto.<\/p>\n\n\n\n<p class=\"wp-block-paragraph\">\u201cNo es que nos haga caso\u201d, dijo a SemM\u00e9xico Yunitzilim Rodr\u00edguez Pedraza una de las voceras y activistas del movimiento que hoy cumple 46 d\u00edas en la toma pac\u00edfica del Congreso del Estado, en Chetumal y explica dos cosas: no cesa el hostigamiento, hay simulaci\u00f3n en el caso del feminicidio&nbsp; Bianca Alejandrina Lorenzana Alvarado, conocida como Alexis, hecho que deton\u00f3 las protestas de noviembre,&nbsp; as\u00ed como tampoco otros casos.<\/p>\n\n\n\n<p class=\"wp-block-paragraph\">Mientras en una sede alterna el Congreso el Estado conmemor\u00f3 los 46 a\u00f1os del establecimiento de una Constituci\u00f3n, en esa entidad que era territorio, donde el mensaje del gobernador, Carlos Manuel Joaqu\u00edn Gonz\u00e1lez, en el que &nbsp;establece que deben defenderse los derechos humanos, pero lo cierto es que no&nbsp; tiene respuesta.<\/p>\n\n\n\n<p class=\"wp-block-paragraph\">Las cuentas de redes sociales se multiplicaron, pidiendo atenci\u00f3n a las 54 demandas de las Colectivas Feministas, en los momentos de la ceremonia solemne de esos 46 a\u00f1os de la Constituci\u00f3n.<\/p>\n\n\n\n<p class=\"wp-block-paragraph\">La entrevistada narr\u00f3 c\u00f3mo durante 3 a\u00f1os han buscado reponer los derechos de las mujeres a un Congreso omiso; han logrado ser protegidas por el mecanismo de Protecci\u00f3n a Defensoras de Derechos Humanos; han estado abiertas al di\u00e1logo, interrumpido una y otras vez en el Congreso y con la contradicci\u00f3n de que el Ejecutivo afirma que en Quintana Roo se debe discutir el aborto y la cerraz\u00f3n entre diputados y diputadas.<\/p>\n\n\n\n<p class=\"wp-block-paragraph\">Luego afirm\u00f3 que lo \u00fanico que requieren para desocupar las instalaciones del Congreso, es que la iniciativa tenga un dictamen y se discuta. \u201cSabemos que no necesariamente vendr\u00e1 en sentido positivo\u201d, pero \u201ceso pedimos\u201d, no es tanto. Hoy se reanud\u00f3 el periodo ordinario de sesiones.<\/p>\n\n\n\n<p class=\"wp-block-paragraph\">Advirti\u00f3 la entrevistada que no temen un desalojo, porque en Quintana Roo el recinto es inviolable, pero no se entiende que todas las noches, sin luz y sin agua, hace 23 d\u00edas, haya rondines de autos amenazantes y que ya se lleg\u00f3 a la agresi\u00f3n f\u00edsica, a la represi\u00f3n \u2013como la del 9 de noviembre 2020- y cuya investigaci\u00f3n est\u00e1 inconclusa, incluso&nbsp; dijo, &nbsp;el responsable, el ex Secretario de Seguridad P\u00fablica, Alberto Capella, s\u00f3lo se separ\u00f3 del cargo, pero este hombre \u201cmis\u00f3gino\u201d amenaza con volver.<\/p>\n\n\n\n<p class=\"wp-block-paragraph\">As\u00ed las cosas, en la carta a AMLO \u201csomos muy claras\u201d, los derechos de las mujeres y ni\u00f1as deben ser una prioridad para todas las autoridades de todos los niveles y \u00f3rganos del Estado. Con ese convencimiento hemos luchado por varios a\u00f1os sin ser escuchadas, raz\u00f3n por la que decidimos efectuar la toma pac\u00edfica del Congreso, lo que nos ha llevado a ser v\u00edctimas de represi\u00f3n e intenciones diversas de debilitamiento de la lucha.<\/p>\n\n\n\n<p class=\"wp-block-paragraph\">Relat\u00f3 como a las guardias de quienes tomaron pac\u00edficamente el Congreso, participan las colectivas de los once municipios; muchos grupos diversos, mujeres, vecinas, les ayudan, con comida, agua, dinero; hay diputadas simpatizantes con la interrupci\u00f3n del embarazo; otras se suman a su demanda de 54 puntos, y las antiguas feministas, bajo la mesa, sin dar la cara, est\u00e1n con ellas. No obstante enviaron a febrero o marzo, las mesas de trabajo y di\u00e1logo con el Congreso y contin\u00faan otras mesas de di\u00e1logo con el gobierno, pero, advierte, \u201chay mucha simulaci\u00f3n en todo ello\u201d.<\/p>\n\n\n\n<p class=\"wp-block-paragraph\">Por eso, hoy, le dicen al presidente de la Rep\u00fablica que solicitan<strong> la intervenci\u00f3n de la Federaci\u00f3n a fin de mediar y encontrar una forma de lograr inicialmente que la represi\u00f3n y el acoso contra nosotras se detenga y despu\u00e9s para lograr una verdadera agenda feminista por parte de la XVI Legislatura del Estado de Quintana Roo<\/strong>, de acuerdo al pliego petitorio, mismo que le anexaron a la petici\u00f3n, entregada en Palacio Nacional, esta ma\u00f1ana.<\/p>\n\n\n\n<p class=\"wp-block-paragraph\">A AMLO tambi\u00e9n le dicen: \u201cNuestro leg\u00edtimo inter\u00e9s como defensoras de derechos humanos siempre ha sido procurar condiciones de dignidad, justicia, seguridad y paz para las mujeres y ni\u00f1as de nuestro Estado; estamos seguras que usted, en su calidad de representante popular, coincide con estos anhelos. Hoy tenemos la oportunidad hist\u00f3rica de unir esfuerzos y trabajar juntas y&nbsp; juntos para saldar algunas de las muchas deudas pendientes que se tienen con las mujeres quintanarooenses\u201d<\/p>\n\n\n\n<h2 class=\"wp-block-heading\"><strong>Antecedentes<\/strong><\/h2>\n\n\n\n<p class=\"wp-block-paragraph\">Desde hace a\u00f1os, pero de manera m\u00e1s en\u00e9rgica y directa desde hace m\u00e1s de 3 a\u00f1os las feministas en Quintana Roo trabajan &nbsp;a favor de los derechos de las mujeres, efectuando acciones de defensa, acompa\u00f1amiento y orientaci\u00f3n a las v\u00edctimas de violencia de g\u00e9nero; &nbsp;piden insistentemente &nbsp;que se d\u00e9 cumplimiento a las medidas se\u00f1aladas en la declaratoria de Alerta de Violencia de G\u00e9nero contra las Mujeres, -7 abril 2017- se\u00f1alando las omisiones y obst\u00e1culos para un verdadero y efectivo acceso a la seguridad y justicia;<\/p>\n\n\n\n<p class=\"wp-block-paragraph\">Una de sus demandas y su lucha es el derecho a decidir c\u00f3mo una problem\u00e1tica latente en materia de salud y de derechos humanos. Avance en la armonizaci\u00f3n legislativa con perspectiva de g\u00e9nero. Durante m\u00e1s de tres a\u00f1os, promueven &nbsp;programas de atenci\u00f3n a v\u00edctimas, mesas de trabajo con cada una de las dependencias, pliegos petitorios, iniciativas, marchas, concentraciones, pronunciamientos, conversatorios, foros, visitas personalizadas, capacitaci\u00f3n a servidoras y servidores p\u00fablicos. Ello se puede verificar en sus p\u00e1ginas de redes sociales.<\/p>\n\n\n\n<div class=\"wp-block-image\"><figure class=\"aligncenter size-large\"><a href=\"https:\/\/redsemlac.com\/semmexico\/wp-content\/uploads\/2021\/01\/WhatsApp-Image-2021-01-12-at-2.57.37-PM.jpeg\"><img loading=\"lazy\" decoding=\"async\" width=\"589\" height=\"363\" src=\"https:\/\/redsemlac.com\/semmexico\/wp-content\/uploads\/2021\/01\/WhatsApp-Image-2021-01-12-at-2.57.37-PM.jpeg\" alt=\"\" class=\"wp-image-30606\"\/><\/a><\/figure><\/div>\n\n\n\n<p class=\"wp-block-paragraph\">El 9 de noviembre, como protesta a los feminicidios recurrentes en el Estado y espec\u00edficamente el de Bianca Alejandrina Lorenzana Alvarado, alias \u201cAlexis\u201d, se organizaron manifestaciones en las Fiscal\u00edas de diversos municipios exigiendo justicia para las mujeres que&nbsp; han sido arrebatadas por la violencia feminicida y espec\u00edficamente en Canc\u00fan; las y los manifestantes decidieron ir a protestar frente al Palacio Municipal de Benito Ju\u00e1rez, pero ah\u00ed fueron &nbsp;recibidas y recibidos con balazos, sin embargo, esta situaci\u00f3n hasta hoy no ha derivado en el deslinde de responsabilidades sobre quien dio la orden y sobre los elementos que ejecutaron la misma.<\/p>\n\n\n\n<p class=\"wp-block-paragraph\">Despu\u00e9s del 9N y de tanto hartazgo, el 16 de noviembre de 2020 presentamos un pliego de peticiones a los tres \u00f3rganos del Estado en el que, de manera enunciativa&nbsp; no limitativa, se\u00f1alamos 54 puntos, hasta ahora deso\u00eddos.<\/p>\n\n\n\n<p class=\"wp-block-paragraph\">Por ello el 28 de noviembre de 2020, luego de un plant\u00f3n instalado el d\u00eda 25, tomaron pac\u00edficamente las instalaciones. Hoy cumplen 46 d\u00edas. Han acudido a mesas de trabajo con autoridades del gobierno, sin resultados y han intentado dialogar, in\u00fatilmente, con el Congreso.<\/p>\n\n\n\n<p class=\"wp-block-paragraph\">Este 11 de enero discuten nuevas estrategias, entre ellas pedir que intervenga el jefe del Ejecutivo Federal, despu\u00e9s acudir\u00e1n a los organismos internacionales.<\/p>\n\n\n\n<p class=\"wp-block-paragraph\">En beneficio de nuestra audiencia, publicamos \u00edntegramente la carta a AMLO, el pliego petitorio de las colectivas quintanoarrenses, y la cronolog\u00eda de hechos, \u00a0en el siguiente link:<\/p>\n\n\n\n<h3 class=\"wp-block-heading\"><span class=\"has-inline-color has-vivid-red-color\"><a href=\"https:\/\/redsemlac.com\/semmexico\/wp-content\/uploads\/2021\/01\/Oficio-a-AMLO-pliego-y-cronologia-de-hechos.pdf\">Aqu\u00ed puedes lo puedes consultar<\/a> <\/span><\/h3>\n\n\n\n<p class=\"wp-block-paragraph\"><\/p>\n","protected":false},"excerpt":{"rendered":"<p>Cumplen 46 d\u00edas desde la toma pac\u00edfica del Congreso, denuncian acoso institucional<\/p>\n","protected":false},"author":3,"featured_media":30607,"comment_status":"open","ping_status":"open","sticky":false,"template":"","format":"standard","meta":{"_monsterinsights_skip_tracking":false,"footnotes":""},"categories":[692,54],"tags":[],"class_list":["post-30604","post","type-post","status-publish","format-standard","has-post-thumbnail","category-692","category-mujeres"],"_links":{"self":[{"href":"https:\/\/redsemlac.com\/semmexico\/wp-json\/wp\/v2\/posts\/30604","targetHints":{"allow":["GET"]}}],"collection":[{"href":"https:\/\/redsemlac.com\/semmexico\/wp-json\/wp\/v2\/posts"}],"about":[{"href":"https:\/\/redsemlac.com\/semmexico\/wp-json\/wp\/v2\/types\/post"}],"author":[{"embeddable":true,"href":"https:\/\/redsemlac.com\/semmexico\/wp-json\/wp\/v2\/users\/3"}],"replies":[{"embeddable":true,"href":"https:\/\/redsemlac.com\/semmexico\/wp-json\/wp\/v2\/comments?post=30604"}],"version-history":[{"count":0,"href":"https:\/\/redsemlac.com\/semmexico\/wp-json\/wp\/v2\/posts\/30604\/revisions"}],"wp:featuredmedia":[{"embeddable":true,"href":"https:\/\/redsemlac.com\/semmexico\/wp-json\/wp\/v2\/media\/30607"}],"wp:attachment":[{"href":"https:\/\/redsemlac.com\/semmexico\/wp-json\/wp\/v2\/media?parent=30604"}],"wp:term":[{"taxonomy":"category","embeddable":true,"href":"https:\/\/redsemlac.com\/semmexico\/wp-json\/wp\/v2\/categories?post=30604"},{"taxonomy":"post_tag","embeddable":true,"href":"https:\/\/redsemlac.com\/semmexico\/wp-json\/wp\/v2\/tags?post=30604"}],"curies":[{"name":"wp","href":"https:\/\/api.w.org\/{rel}","templated":true}]}}