{"id":30598,"date":"2021-01-12T21:13:48","date_gmt":"2021-01-12T21:13:48","guid":{"rendered":"https:\/\/redsemlac.com\/semmexico\/?p=30598"},"modified":"2023-07-21T16:45:27","modified_gmt":"2023-07-21T21:45:27","slug":"marchan-mujeres-y-hombres-a-favor-de-felix-salgado-macedonio-sin-contratiempos","status":"publish","type":"post","link":"https:\/\/redsemlac.com\/semmexico\/marchan-mujeres-y-hombres-a-favor-de-felix-salgado-macedonio-sin-contratiempos\/","title":{"rendered":"Marchan mujeres y hombres a favor de F\u00e9lix Salgado Macedonio, sin contratiempos"},"content":{"rendered":"\n<ul class=\"wp-block-list\"><li><strong>Con carteles y mantas industriales, organizadas por los hombres, sostienen que el ingeniero, senador con licencia, tiene su apoyo y confianza<\/strong><\/li><li><strong>Algunas aseguran que si gan\u00f3 la encuesta y les ha dado \u201cmuchos apoyos\u201d<\/strong><\/li><\/ul>\n\n\n\n<p class=\"wp-block-paragraph\"><strong>Josefina Aguilar Pastor<\/strong><\/p>\n\n\n\n<p class=\"wp-block-paragraph\">SemM\u00e9xico. Chilpancingo, Guerrero, 12 de enero de 20121.- Seguidoras de F\u00e9lix Salgado Macedonio, desestiman acusaciones en su contra por el delito de violaci\u00f3n, \u201cson parte de la guerra sucia que se estila en los partidos pol\u00edticos en cualquier proceso electoral \u201cargumentan y marchan en su apoyo por las principales calles de esta capital..<\/p>\n\n\n\n<p class=\"wp-block-paragraph\">El punto de concentraci\u00f3n, fue el parque Margarita Maza de Ju\u00e1rez,&nbsp; al norte de Chilpancingo, de donde el contingente, conformado por grupos de mujeres en su mayor\u00eda y en un menor n\u00famero por hombres, provenientes de distintas partes del estado, salieron en marcha para refrendar su apoyo al senador con licencia, F\u00e9lix Salgado Macedonio.<\/p>\n\n\n\n<p class=\"wp-block-paragraph\">La log\u00edstica corri\u00f3 a&nbsp; cargo de los operadores varones, que dieron las indicaciones a las encargadas de los distintos contingentes, de c\u00f3mo organizarse. Y tambi\u00e9n quienes rociaron a las mujeres con sanitizante.<\/p>\n\n\n\n<p class=\"wp-block-paragraph\">El contingente, portando banderines, mantas y pancartas muy bien confeccionadas, &nbsp;con mensajes a favor del Salgado Macedonio, que les fueron entregados &nbsp;por los organizadores, sali\u00f3 cera de las 11 horas, sin mayores contratiempos, rumbo al sur de la ciudad.<\/p>\n\n\n\n<figure class=\"wp-block-gallery columns-2 is-cropped wp-block-gallery-1 is-layout-flex wp-block-gallery-is-layout-flex\"><ul class=\"blocks-gallery-grid\"><li class=\"blocks-gallery-item\"><figure><a href=\"https:\/\/redsemlac.com\/semmexico\/wp-content\/uploads\/2021\/01\/WhatsApp-Image-2021-01-12-at-1.46.01-PM.jpeg\"><img loading=\"lazy\" decoding=\"async\" width=\"1024\" height=\"768\" src=\"https:\/\/redsemlac.com\/semmexico\/wp-content\/uploads\/2021\/01\/WhatsApp-Image-2021-01-12-at-1.46.01-PM.jpeg\" alt=\"\" data-id=\"30599\" data-full-url=\"https:\/\/redsemlac.com\/semmexico\/wp-content\/uploads\/2021\/01\/WhatsApp-Image-2021-01-12-at-1.46.01-PM.jpeg\" data-link=\"https:\/\/redsemlac.com\/semmexico\/?attachment_id=30599\" class=\"wp-image-30599\"\/><\/a><\/figure><\/li><li class=\"blocks-gallery-item\"><figure><a href=\"https:\/\/redsemlac.com\/semmexico\/wp-content\/uploads\/2021\/01\/WhatsApp-Image-2021-01-12-at-1.46.02-PM.jpeg\"><img loading=\"lazy\" decoding=\"async\" width=\"1024\" height=\"768\" src=\"https:\/\/redsemlac.com\/semmexico\/wp-content\/uploads\/2021\/01\/WhatsApp-Image-2021-01-12-at-1.46.02-PM.jpeg\" alt=\"\" data-id=\"30601\" data-full-url=\"https:\/\/redsemlac.com\/semmexico\/wp-content\/uploads\/2021\/01\/WhatsApp-Image-2021-01-12-at-1.46.02-PM.jpeg\" data-link=\"https:\/\/redsemlac.com\/semmexico\/?attachment_id=30601\" class=\"wp-image-30601\"\/><\/a><\/figure><\/li><li class=\"blocks-gallery-item\"><figure><a href=\"https:\/\/redsemlac.com\/semmexico\/wp-content\/uploads\/2021\/01\/WhatsApp-Image-2021-01-12-at-1.46.03-PM.jpeg\"><img loading=\"lazy\" decoding=\"async\" width=\"1024\" height=\"768\" src=\"https:\/\/redsemlac.com\/semmexico\/wp-content\/uploads\/2021\/01\/WhatsApp-Image-2021-01-12-at-1.46.03-PM.jpeg\" alt=\"\" data-id=\"30602\" data-full-url=\"https:\/\/redsemlac.com\/semmexico\/wp-content\/uploads\/2021\/01\/WhatsApp-Image-2021-01-12-at-1.46.03-PM.jpeg\" data-link=\"https:\/\/redsemlac.com\/semmexico\/?attachment_id=30602\" class=\"wp-image-30602\"\/><\/a><\/figure><\/li><\/ul><\/figure>\n\n\n\n<p class=\"wp-block-paragraph\">Al frente de la marcha, sosteniendo una lona, camin\u00f3 la diputada local de Morena, Erika Valencia Cardona, presidenta de la Comisi\u00f3n para la Igualdad de G\u00e9nero, del Congreso del Estado, en tanto en el recinto legislativo, se desarrollaba la primera sesi\u00f3n del 2021.<\/p>\n\n\n\n<p class=\"wp-block-paragraph\">Provenientes &nbsp;a bordo de unidades del servicio p\u00fablico de Ometepec, Zihuatanejo, Chilapa, Iguala, San Marcos, Acapulco, Tepecoacuilco, Taxco, entre otros municipios, las participantes, formadas y distribuidas a lo ancho de la calle en cuatro filas, vitorearon el nombre de F\u00e9lix Salgado Macedonio, con consignas como \u201cporque somos importantes las mujeres, porque estamos en la lucha las mujeres, guerrero escucha las mujeres en la lucha, feliz no est\u00e1s solo las mujeres en tu apoyo\u201d.<\/p>\n\n\n\n<p class=\"wp-block-paragraph\">En tanto en la fiscal\u00eda General del Estado (FGE), analizan jur\u00eddicamente, la denuncia interpuesta en 2017, en contra de Salgado Macedonio, por violencia sexual, para determinar su hay elementos para proceder, la cual fue ventilada por el ex fiscal, Javier Olea Pel\u00e1ez.<\/p>\n\n\n\n<p class=\"wp-block-paragraph\">Al recopilar testimonios, Diana D\u00edaz Villanueva, vecina de Chilpancingo, dijo que tiene una fe ciega en Salgado Macedonio. Como abogada de profesi\u00f3n, desestim\u00f3 las acusaciones de violencia sexual en contra del precandidato, luego de que indic\u00f3, la carpeta de investigaci\u00f3n no est\u00e1 completa, no hay pruebas suficientes en su contra para acreditar el delito, no se continu\u00f3 con la investigaci\u00f3n, por falta de elementos, dijo.<\/p>\n\n\n\n<p class=\"wp-block-paragraph\">\u201cAs\u00ed que todas las mujeres estamos en apoyo del ingeniero, porque queremos que \u00e9l sea nuestro pr\u00f3ximo gobernador, ya que no fue el pueblo el que decidi\u00f3 y las mujeres por equidad de g\u00e9nero, queremos que \u00e9l sea el pr\u00f3ximo gobernador\u201d\u2026 \u00bftienen confianza en \u00e9l?, s\u00ed, tenemos confianza en \u00e9l, conocemos su trayectoria, su carrera pol\u00edtica, ni de ahorita, es de a\u00f1os que \u00e9l ha estado trabajando en el estado de Guerrero, dej\u00f3 su puesto de senador para venirse para ac\u00e1, para poyar al estado y las mujeres estamos con \u00e9l y estamos confiando en \u00e9l\u201d, insisti\u00f3 la participante.<\/p>\n\n\n\n<p class=\"wp-block-paragraph\">Para Claudia Basilio Melo, proveniente del municipio de Ometepec., F\u00e9lix Salgado, es el candidato id\u00f3neo para gobernar Guerrero por la izquierda, sus m\u00e9ritos dijo, son ser un luchador social, ha militado en partido de izquierda, \u201cy nos sentimos muy identificadas\u201d,&nbsp; afirm\u00f3. Al tiempo que advirti\u00f3 que esto es solo&nbsp; el principio, para la jornada electoral conf\u00eda tener mayor fuerza para seguir luchando.<\/p>\n\n\n\n<p class=\"wp-block-paragraph\">\u00bfConf\u00edan ciegamente en \u00e9l?, se le cuestion\u00f3&#8230; \u201cS\u00ed, respondi\u00f3&#8230; \u00bflos se\u00f1alamientos en su contra que significan para usted?.. Quien no ha andado en la pol\u00edtica puede creer lo que quiera, pero quienes hemos andado en la pol\u00edtica sabemos que existe la guerra sucia, y todo esto que est\u00e1n haciendo, l\u00e1stima que son los mismos compa\u00f1eros de partido, por no aceptar el triunfo aplastante de una encuesta para que \u00e9l sea el gobernador\u201d, asent\u00f3.<\/p>\n\n\n\n<p class=\"wp-block-paragraph\">\u201cEs un pol\u00edtico que tiene mucho tiempo con experiencia, sencillo, que da muchos apoyos, como cuando fue alcalde de Acapulco\u201d, y por ello,&nbsp; conf\u00eda en que har\u00e1 un buen papel en cado de llegar a ser gobernador. De los se\u00f1alamientos en su contra respondi\u00f3 \u201cya que en pol\u00edtica, se dicen muchas cosas, eso es legal, pero nosotros confiamos en \u00e9l\u201d, dijo Leticia, vecina de la colonia La Cima de Acapulco.<\/p>\n\n\n\n<p class=\"wp-block-paragraph\">&nbsp;La manifestaci\u00f3n transcurri\u00f3 de manera pac\u00edfica, sin mayores contratiempos, se dio una peque\u00f1a desviaci\u00f3n &nbsp;hacia la oficina del precandidato, que se ubica sobre la avenida L\u00e1zaro C\u00e1rdenas,&nbsp; prosiguieron a ciudad Universitaria sur de donde retornaron para concluir con un mitin en el punto conocido como \u201cLas Banderas\u201d, donde la sobrina de Salgado Macedonio, Zulma Carbajal, quien en el proceso anterior, denunci\u00f3 violencia pol\u00edtica en raz\u00f3n de g\u00e9nero, emiti\u00f3 un pronunciamiento, a favor de su t\u00edo.<\/p>\n\n\n\n<p class=\"wp-block-paragraph\">De acuerdo a los organizadores, la marcha tuvo &nbsp;alrededor de 3 mil participantes.<\/p>\n","protected":false},"excerpt":{"rendered":"<p>Con carteles y mantas industriales, organizadas por los hombres, sostienen que el ingeniero, senador con licencia, tiene su apoyo y confianza<\/p>\n","protected":false},"author":3,"featured_media":30600,"comment_status":"open","ping_status":"open","sticky":false,"template":"","format":"standard","meta":{"_monsterinsights_skip_tracking":false,"footnotes":""},"categories":[692,54],"tags":[],"class_list":["post-30598","post","type-post","status-publish","format-standard","has-post-thumbnail","category-692","category-mujeres"],"_links":{"self":[{"href":"https:\/\/redsemlac.com\/semmexico\/wp-json\/wp\/v2\/posts\/30598","targetHints":{"allow":["GET"]}}],"collection":[{"href":"https:\/\/redsemlac.com\/semmexico\/wp-json\/wp\/v2\/posts"}],"about":[{"href":"https:\/\/redsemlac.com\/semmexico\/wp-json\/wp\/v2\/types\/post"}],"author":[{"embeddable":true,"href":"https:\/\/redsemlac.com\/semmexico\/wp-json\/wp\/v2\/users\/3"}],"replies":[{"embeddable":true,"href":"https:\/\/redsemlac.com\/semmexico\/wp-json\/wp\/v2\/comments?post=30598"}],"version-history":[{"count":0,"href":"https:\/\/redsemlac.com\/semmexico\/wp-json\/wp\/v2\/posts\/30598\/revisions"}],"wp:featuredmedia":[{"embeddable":true,"href":"https:\/\/redsemlac.com\/semmexico\/wp-json\/wp\/v2\/media\/30600"}],"wp:attachment":[{"href":"https:\/\/redsemlac.com\/semmexico\/wp-json\/wp\/v2\/media?parent=30598"}],"wp:term":[{"taxonomy":"category","embeddable":true,"href":"https:\/\/redsemlac.com\/semmexico\/wp-json\/wp\/v2\/categories?post=30598"},{"taxonomy":"post_tag","embeddable":true,"href":"https:\/\/redsemlac.com\/semmexico\/wp-json\/wp\/v2\/tags?post=30598"}],"curies":[{"name":"wp","href":"https:\/\/api.w.org\/{rel}","templated":true}]}}