{"id":30596,"date":"2021-01-12T19:12:10","date_gmt":"2021-01-12T19:12:10","guid":{"rendered":"https:\/\/redsemlac.com\/semmexico\/?p=30596"},"modified":"2023-07-21T16:45:27","modified_gmt":"2023-07-21T21:45:27","slug":"el-cochinero-que-dejaron","status":"publish","type":"post","link":"https:\/\/redsemlac.com\/semmexico\/el-cochinero-que-dejaron\/","title":{"rendered":"El cochinero que dejaron\u2026"},"content":{"rendered":"\n<h2 class=\"wp-block-heading\">Entresemana<\/h2>\n\n\n\n<p class=\"has-text-align-right wp-block-paragraph\"><em><strong>Solidaridad con mi compadre Alfredo Camacho<\/strong><\/em><\/p>\n\n\n\n<p class=\"wp-block-paragraph\"><br><strong>Mois\u00e9s S\u00e1nchez Lim\u00f3n<\/strong><br>SemM\u00e9xico, Cd. de M\u00e9xico, 12 de enero 2021.- \u00bfDe qui\u00e9n es la culpa del colapso del Sistema de Transporte Colectivo Metro de la Ciudad de M\u00e9xico que se suma a la pandemia de coronavirus, en su cresta de mayor crisis desde que irrumpi\u00f3 en el pa\u00eds?<\/p>\n\n\n\n<p class=\"wp-block-paragraph\"><br>\u00a1De los que dejaron el cochinero a la 4T! Acusan los pr\u00edstinos y honestos que tomaron por asalto a la administraci\u00f3n p\u00fablica federal y de la capital del pa\u00eds, centro nervioso de la rep\u00fablica mexicana.<\/p>\n\n\n\n<p class=\"wp-block-paragraph\"><br>\u00bfA poco no?, dir\u00eda el chico de los dieces que quiso ser Presidente y se qued\u00f3 en el intento, objeto de burla en vivo y en cobertura nacional en aquel debate que al hoy inquilino de Palacio present\u00f3 tal cual, en su dimensi\u00f3n populachera que no popular y bravuc\u00f3n de barriada.<br>\u201cRicky Riqu\u00edn Canall\u00edn\u201d llam\u00f3 Andr\u00e9s Manuel a Ricardo Anaya, en el segundo debate de los entonces candidatos presidenciales, el 21 de mayo de 2018. Y todo mundo festej\u00f3 la gracejada que se convirti\u00f3 en praxis ma\u00f1anera.<br>Pero, \u00bfde qui\u00e9n o qui\u00e9nes, es la culpa de la explosi\u00f3n e incendio ocurrido el s\u00e1bado 9 de enero en uno de los cuatro transformadores de la Subestaci\u00f3n del Sistema de Transporte Colectivo Metro, que afect\u00f3 al Centro de Control 1, en la calle de Delicias, Centro Hist\u00f3rico de la Ciudad de M\u00e9xico?<\/p>\n\n\n\n<p class=\"wp-block-paragraph\"><br>SEPTIEMBRE DE 2011. \u201cUn d\u00eda conoc\u00ed a Claudia Sheinbaum, era mi compa\u00f1era de edificio; las dos acab\u00e1bamos de regresar y \u00e9ramos las j\u00f3venes reci\u00e9n doctoradas, siempre me cautiv\u00f3 su inteligencia. Al cabo del tiempo nos hicimos amigas.<\/p>\n\n\n\n<p class=\"wp-block-paragraph\"><br>\u201cElla fue la que me invit\u00f3 a colaborar en el D. F.; yo le dije que no me imaginaba como funcionaria p\u00fablica. Recuerdo que pocos d\u00edas despu\u00e9s estaba en mi casa viendo la televisi\u00f3n y Andr\u00e9s Manuel L\u00f3pez Obrador estaba presentando su gabinete: el 60 por ciento erann mujeres. Pens\u00e9: \u201cresulta que este hombre va a gobernar la ciudad con mujeres y yo por comodidad he dicho que no\u201d\u201d, declar\u00f3 la doctora Florencia Serran\u00eda Soto a Ver\u00f3nica Ben\u00edtez Escudero, para la Secci\u00f3n Entrevistas del Banco de Informaci\u00f3n del Instituto de Ingenier\u00eda de la UNAM.<\/p>\n\n\n\n<p class=\"wp-block-paragraph\"><br>Bueno, bueno. Desde el 3 de diciembre de 2018, de lunes a viernes, en la homil\u00eda ma\u00f1anera ofrecida en el Sal\u00f3n de la Tesorer\u00eda, en Palacio Nacional, es recurrente escuchar pretextos y explicaciones variopintas de suyo falaces, con pinceladas de rom\u00e1ntica y heroica historia patria salpicada de insultos y descalificaciones para cometer y ordenar todo tipo de barbaridades desde la Presidencia de la Rep\u00fablica; o para ponerse a salvo de yerros cometidos.<\/p>\n\n\n\n<p class=\"wp-block-paragraph\"><br>Desaparecieron estancias infantiles, se retir\u00f3 el apoyo a mujeres en situaci\u00f3n vulnerable, la edad para recibir apoyo se ampli\u00f3 a 68 a\u00f1os, se cancel\u00f3 la construcci\u00f3n del Aeropuerto Internacional en la zona de Texcoco, desaparecieron fideicomisos, ha habido despidos fulminantes de personal experimentado en dependencias y organismos de participaci\u00f3n estatal, se recort\u00f3 presupuesto en aras de la austeridad republicana pero hay con vastedad para obras fara\u00f3nicas, hubo subejercicio presupuestal en el sector salud y, en fin, un c\u00famulo de etc\u00e9teras, con el pretexto de combatir a la corrupci\u00f3n.<\/p>\n\n\n\n<p class=\"wp-block-paragraph\"><br>\u00bfSe extingui\u00f3 la especie corrupta y la corruptora?<br>No, al contrario, galopa en lomos de la impunidad reflejada en m\u00e1s de 80 por ciento de las adjudicaciones directas, es decir, sin licitaci\u00f3n de adquisiciones y otorgamiento de obras y servicios del gobierno de la 4T, am\u00e9n de los esc\u00e1ndalos inmobiliarios del se\u00f1or licenciado Manuel Bartlett D\u00edaz y su hijo, y del matrimonio Sandoval-Ackerman y otros exonerados por la dependencia que casualmente administra la doctora Irma Er\u00e9ndira, cuyo hermano estuvo a un tris de convertirse en candidato de Morena al gobierno de Guerrero.<\/p>\n\n\n\n<p class=\"wp-block-paragraph\"><br>Porque, mire usted, fuera de Rosario Robles Berlanga y Genaro Garc\u00eda Luna, actores de diferente pulso, no hay un pez gordo de los tiempos neoliberales que el adalid justiciero haya metido a prisi\u00f3n; el caso del fracasado ni\u00f1o cantor Emilio Lozoya Austin result\u00f3 una broma de mal gusto, con p\u00e9sima direcci\u00f3n de escena del doctor Alejandro Gertz Manero.<\/p>\n\n\n\n<p class=\"wp-block-paragraph\"><br>Dos a\u00f1os en los que el licenciado L\u00f3pez Obrador culpa al pasado para justificar su presente que, por ejemplo, lo sorprendi\u00f3 con los dedos entre la puerta, con menguados recursos para atender a la pandemia del coronavirus que, junto con el subsecretario Hugo L\u00f3pez-Gatell, minimiz\u00f3 en febrero de 2020. La realidad los instala falaces: hasta el inicio de esta semana, 134 mil 368 personas han perdido la vida por el Covid-19, virus que ha infectado a un mill\u00f3n 541 mil.<\/p>\n\n\n\n<p class=\"wp-block-paragraph\"><br>\u00bfY qui\u00e9n o qui\u00e9nes, son responsables de la falta de mantenimiento en el STC Metro que tiene transformadores de alimentaci\u00f3n de energ\u00eda el\u00e9ctrica con antig\u00fcedad de medio siglo?<\/p>\n\n\n\n<p class=\"wp-block-paragraph\"><br>SEPTIEMBRE DE 2011. \u201cEntre mis an\u00e9cdotas recuerdo que en un viaje a las oficinas de la ciudad de M\u00e9xico me estaban esperando los grandes jefes, porque el superintendente de obra me hab\u00eda acusado de que hab\u00eda instalado los enfriadores de las c\u00e1maras de refrigeraci\u00f3n al rev\u00e9s y estaban generando aire caliente. Cre\u00ed que me iban a meter a la c\u00e1rcel; ten\u00eda 23 a\u00f1os. Ah\u00ed empec\u00e9 a tomar conciencia de lo que significa la responsabilidad en el trabajo\u201d, cont\u00f3 la doctora Serran\u00eda Soto como una de sus an\u00e9cdotas de vida profesional.<\/p>\n\n\n\n<p class=\"wp-block-paragraph\"><br>Cuando el 5 de diciembre de 2018 tom\u00f3 posesi\u00f3n de la Direcci\u00f3n General del STC Metro, en Linkedin calificaron a la doctora Serran\u00eda Soto:<br>\u201cFlorencia es una ejecutiva muy eficaz y rigurosa, con una gran inteligencia para trabajos de misi\u00f3n cr\u00edtica. Personalidad fuerte y firme de convicciones. Y con una gran experiencia en puestos de alto nivel de responsabilidad, tanto t\u00e9cnica como pol\u00edtica\u201d.<\/p>\n\n\n\n<p class=\"wp-block-paragraph\"><br>S\u00c1BADO 09 DE ENERO DE 2020. El incendio en la subestaci\u00f3n alimentadora del Metro hab\u00eda sido sofocado cuando la doctora Claudia Sheinbaum Pardo, jefa de Gobierno de la Ciudad de M\u00e9xico, ofreci\u00f3 conferencia de prensa junto con su amiga, tambi\u00e9n doctora, Florencia Serran\u00eda Soto, y el secretario de Movilidad, Andr\u00e9s Lajous Loaeza.<\/p>\n\n\n\n<p class=\"wp-block-paragraph\"><br>Serran\u00eda Soto pretendi\u00f3 evadir responsabilidades y acot\u00f3:<br>\u201cHay que reiterar que por estatuto, el mantenimiento y los programas de mantenimiento son responsabilidad de la gerencia de instalaciones fijas y sus subgerencias por especialidades\u201d.<\/p>\n\n\n\n<p class=\"wp-block-paragraph\"><br>&#8211;Entonces usted no es la responsable, digamos, de esta \u00e1rea y no tendr\u00eda ninguna responsabilidad en todo caso por el incendio\u2014ataj\u00f3 Selene Velasco, reportera de Reforma.<\/p>\n\n\n\n<p class=\"wp-block-paragraph\"><br>&#8211;A ver, yo soy la directora general del Metro, solamente&#8211;, respondi\u00f3 nerviosa la doctora Florencia. Metida en un atolladero, Claudia Sheinbaum sali\u00f3 capote en mano a desviar al miura que arrinconaba a su amiga.<\/p>\n\n\n\n<p class=\"wp-block-paragraph\"><br>&#8211;Es importante mencionar, Selene, que esa pregunta ya se repiti\u00f3 y la voy a volver a contestar. Para eso hay un peritaje, una revisi\u00f3n t\u00e9cnica, y derivado del peritaje se ver\u00e1 si hay sanciones administrativas para alg\u00fan servidor, pero no podemos adelantarnos\u2014dijo Sheinbaum Pardo sin responder expresamente a la pregunta.<\/p>\n\n\n\n<p class=\"wp-block-paragraph\"><br>\u00bfS\u00d3LO DIRECTORA GENERAL DEL METRO? Lo cierto es que, en un exceso de soberbia para demostrar su capacidad profesional, am\u00e9n de que en el periodo de la jefatura de Gobierno de Andr\u00e9s Manuel se desempe\u00f1\u00f3 en el mismo cargo de directora general del STC Metro, el 30 de noviembre presumi\u00f3 haber asumido las responsabilidades de la Subdirecci\u00f3n General de Mantenimiento del organismo.<\/p>\n\n\n\n<p class=\"wp-block-paragraph\"><br>Ese d\u00eda, el diputado local Jorge Gavi\u00f1o, ex director general del Metro, la cuestion\u00f3 por la vacante en esa Subdirecci\u00f3n. Con la sencillez que caracteriza a los colaboradores del licenciado L\u00f3pez Obrador y de la doctora Sheinbaum Pardo, la doctor Serran\u00eda Soto le despach\u00f3 humilde y sencillita respuesta a Gavi\u00f1o. Lea usted:<br>&#8211;La vacante de subdirector general de mantenimiento, doctor Gavi\u00f1o, es que yo soy la subdirectora general de Mantenimiento, o sea el Metro tiene tantos problemas que decid\u00ed durante este a\u00f1o tomar esa posici\u00f3n doble para poder instrumentar integralmente lo que requiere el Metro y dejar de escuchar, porque ni modo que me queje a m\u00ed misma, de que si el responsable es V\u00edas o el responsable es Material Rodante o el responsable es Instalaciones Fijas, entonces desde ah\u00ed estamos instrumentando el nuevo programa de restructuraci\u00f3n del Metro, no es una posici\u00f3n, el Metro requiere una reestructura porque somos una empresa con un grado de obsolescencia muy fuerte (\u2026) porque estaba basado en su creaci\u00f3n de hace 50 a\u00f1os.<\/p>\n\n\n\n<p class=\"wp-block-paragraph\"><br>\u00bfRenunciar\u00e1 o la despedir\u00e1 Claudia Sheinbaum? Nada, nada. La doctora Serran\u00eda se queda en el cargo; adem\u00e1s, la jefa de Gobierno sonri\u00f3 y presumi\u00f3 que su amiga es ingeniera mec\u00e1nica el\u00e9ctrica y \u201cuna doctora muy competente\u201d. \u00bfAlguna duda?<\/p>\n\n\n\n<p class=\"wp-block-paragraph\"><br>\u00bfY QU\u00c9 OPINA EL LICENCIADO PRESIDENTE? Bueeeno. Despu\u00e9s de la faena de la doctora Sheinbaum frente a los periodistas fif\u00ed, representantes de los inmundos pasquines neoliberales y que andan ardidos, el licenciado Andr\u00e9s Manuel puso su granito de arena en la ma\u00f1anera.<\/p>\n\n\n\n<p class=\"wp-block-paragraph\"><br>\u201cEntonces \u2013refiri\u00f3 el se\u00f1orpresidente&#8211; es importante que se sepa que nosotros llegamos aqu\u00ed para transformar y por eso, aunque no les guste, vamos a seguir revisando todo el cochinero que dejaron, vamos a seguir hablando de eso. Tambi\u00e9n aprovecho para decir a nuestros adversarios que no es cierto que se le haya negado presupuesto al gobierno de la ciudad para el mantenimiento del Metro, es falso. Es que son malos de \u2018Malolandia\u2019 nuestros adversarios\u201d. \u00a1Sopas!<\/p>\n\n\n\n<p class=\"wp-block-paragraph\"><br>COROLARIO. \u201cDos a\u00f1os despu\u00e9s cambian al director del metro y el jefe de Gobierno (L\u00f3pez Obrador) me consider\u00f3 para ocupar la Direcci\u00f3n General. Mi carrera dentro del Gobierno fue muy formativa y el Metro fue como culminar otro doctorado: pas\u00e9 de tener 3 mil a 15 mil empleados, de manejar un presupuesto de 800 millones a 14 mil millones, de 10 proyectos prioritarios a 60 proyectos prioritarios cada a\u00f1o. El cambio fue exponencial, la presi\u00f3n muy fuerte, el trabajo muy duro, pero lo que me dej\u00f3 fue un gran conocimiento del manejo de masas en transporte p\u00fablico\u201d, declar\u00f3 en septiembre de 2011 la doctora Florencia Serran\u00eda Soto.<br>Pero, de doctora a doctora y licenciado en voz emergente, \u00bfqui\u00e9n o qui\u00e9nes responden por la explosi\u00f3n e incendio en la Subestaci\u00f3n del STC Metro que afect\u00f3 al Centro de Control 1 y desmadr\u00f3 a la columna vertebral del transporte p\u00fablico capitalino en perjuicio de millones de usuarios?<\/p>\n\n\n\n<p class=\"wp-block-paragraph\"><br>Sin duda habr\u00e1 chivos expiatorios o se reservar\u00e1 el resultado de las investigaciones por \u201cseguridad nacional\u201d, como el gasto de los segundos pisos en aquella administraci\u00f3n l\u00f3pezobradorista en la que se pretendi\u00f3 frenar la creaci\u00f3n del Instituto de Transparencia, Acceso a la Informaci\u00f3n P\u00fablica, Protecci\u00f3n de Datos Personales y Rendici\u00f3n de Cuentas de la Ciudad de M\u00e9xico. \u00a1Viva la opacidad! \u00a1Muera el INAI! Conste.<\/p>\n\n\n\n<p class=\"wp-block-paragraph\"><br>sanchezlimon@gmail.com<br>www.entresemana.mx<br>@msanchezlimon<\/p>\n","protected":false},"excerpt":{"rendered":"<p>Solidaridad con mi compadre Alfredo Camacho<\/p>\n","protected":false},"author":3,"featured_media":15805,"comment_status":"open","ping_status":"open","sticky":false,"template":"","format":"standard","meta":{"_monsterinsights_skip_tracking":false,"footnotes":""},"categories":[692,105,83,35],"tags":[],"class_list":["post-30596","post","type-post","status-publish","format-standard","has-post-thumbnail","category-692","category-entresemana","category-moises-sanchez-limon","category-opinion"],"_links":{"self":[{"href":"https:\/\/redsemlac.com\/semmexico\/wp-json\/wp\/v2\/posts\/30596","targetHints":{"allow":["GET"]}}],"collection":[{"href":"https:\/\/redsemlac.com\/semmexico\/wp-json\/wp\/v2\/posts"}],"about":[{"href":"https:\/\/redsemlac.com\/semmexico\/wp-json\/wp\/v2\/types\/post"}],"author":[{"embeddable":true,"href":"https:\/\/redsemlac.com\/semmexico\/wp-json\/wp\/v2\/users\/3"}],"replies":[{"embeddable":true,"href":"https:\/\/redsemlac.com\/semmexico\/wp-json\/wp\/v2\/comments?post=30596"}],"version-history":[{"count":0,"href":"https:\/\/redsemlac.com\/semmexico\/wp-json\/wp\/v2\/posts\/30596\/revisions"}],"wp:featuredmedia":[{"embeddable":true,"href":"https:\/\/redsemlac.com\/semmexico\/wp-json\/wp\/v2\/media\/15805"}],"wp:attachment":[{"href":"https:\/\/redsemlac.com\/semmexico\/wp-json\/wp\/v2\/media?parent=30596"}],"wp:term":[{"taxonomy":"category","embeddable":true,"href":"https:\/\/redsemlac.com\/semmexico\/wp-json\/wp\/v2\/categories?post=30596"},{"taxonomy":"post_tag","embeddable":true,"href":"https:\/\/redsemlac.com\/semmexico\/wp-json\/wp\/v2\/tags?post=30596"}],"curies":[{"name":"wp","href":"https:\/\/api.w.org\/{rel}","templated":true}]}}