{"id":30591,"date":"2021-01-12T19:06:12","date_gmt":"2021-01-12T19:06:12","guid":{"rendered":"https:\/\/redsemlac.com\/semmexico\/?p=30591"},"modified":"2023-07-21T16:45:27","modified_gmt":"2023-07-21T21:45:27","slug":"senderos-seguros-y-patrullas-violeta-para-erradicar-la-violencia-contra-las-mujeres-en-azcapotzalco","status":"publish","type":"post","link":"https:\/\/redsemlac.com\/semmexico\/senderos-seguros-y-patrullas-violeta-para-erradicar-la-violencia-contra-las-mujeres-en-azcapotzalco\/","title":{"rendered":"Senderos seguros y patrullas violeta para erradicar la violencia contra las mujeres en Azcapotzalco"},"content":{"rendered":"\n<ul class=\"wp-block-list\"><li><strong>En entrevista con SemM\u00e9xico explica las acciones durante un recorrido por dos colonias.<\/strong><\/li><li><strong>En la alcald\u00eda se privilegia la capacitaci\u00f3n en g\u00e9nero a todo el personal de la Alcald\u00eda, dice Vidal Llerenas Morales<\/strong><\/li><\/ul>\n\n\n\n<p class=\"wp-block-paragraph\"><strong>Por: Lizbeth \u00c1lvarez Mart\u00ednez.<\/strong><br>SemM\u00e9xico. Cd.  de M\u00e9xico. 12 de enero 2021.- \u201cActuar a tiempo para prevenir la violencia intrafamiliar se debe actuar inmediatamente y contar con varios intervenciones en espacios p\u00fablicos, con capacitaciones e informaci\u00f3n\u201d, as\u00ed lo expres\u00f3 en entrevista a SemM\u00e9xico, Vidal Llerenas Morales, alcalde de Azcapotzalco.<\/p>\n\n\n\n<p class=\"wp-block-paragraph\">Durante un recorrido por las colonias Ampliaci\u00f3n San Pedro Xalpa I y II para supervisar y dar mantenimiento a los botones de auxilio y c\u00e1maras de videovigilancia, conectadas al C5, el funcionario asegur\u00f3 que en las mesas de seguridad que se efect\u00faan todos los d\u00edas, adem\u00e1s de analizar los delitos de alto impacto, se analizan los que tienen que ver con la violencia de g\u00e9nero.<\/p>\n\n\n\n<p class=\"wp-block-paragraph\"><br>Para dar seguimiento a los casos, ampli\u00f3, se trabaja de manera conjunta \u201cLa idea es trabajar con la polic\u00eda y con la Fiscal\u00eda General de Justicia de la Ciudad de M\u00e9xico. Hizo \u00e9nfasis en las cuatro unidades del programa Patrullas Violeta que circulan en la alcald\u00eda, para dar seguimiento de los casos de violencia contra las mujeres.<br>El personal, que se encuentra operando las cuatro patrullas violeta son tanto mujeres y hombres, y todos tomaron una capacitaci\u00f3n en perspectiva de g\u00e9nero.<br>No obstante, reconoci\u00f3: \u201cTenemos pocas polic\u00edas mujeres. \u201cEs una agenda en la que se tiene que trabajar\u201d, puntualiz\u00f3. De acuerdo con datos de la alcald\u00eda, todo el personal de la alcald\u00eda ha recibido alguna capacitaci\u00f3n de g\u00e9nero. Incluso tenemos un programa que se llama Iguales en donde todas las actividades de la Alcald\u00eda deben tener perspectiva de g\u00e9nero. Vamos de la mano con la Secretar\u00eda de las Mujeres de la Ciudad de M\u00e9xico\u201d as\u00ed lo dijo Vidal Llerenas.<\/p>\n\n\n\n<p class=\"wp-block-paragraph\"><br>Las patrullas Violeta han visitado 2 mil 500 a comercios y mil 500 a domicilios de las colonias con mayor \u00edndice de violencia de g\u00e9nero, para que se conozcan entre las mujeres y ni\u00f1as.<\/p>\n\n\n\n<p class=\"wp-block-paragraph\"><br>En estas las pl\u00e1ticas con la poblaci\u00f3n, se les informa que pueden solicitar su apoyo marcando el al 55 5347 1527, que es el n\u00famero del Centro Azcapotzalco de Respuesta a Emergencias (CARE Azcapotzalco), o activando las alarmas vecinales, que se mantienen en operaci\u00f3n en la demarcaci\u00f3n.<\/p>\n\n\n\n<p class=\"wp-block-paragraph\"><br>Las Patrullas Violetaunidades de la Polic\u00eda Auxiliar en las que viajan dos oficiales capacitados cuentan con equipo de radiocomunicaci\u00f3n para brindar apoyo inmediato en casos de violencia de g\u00e9nero.<\/p>\n\n\n\n<figure class=\"wp-block-video\"><video height=\"480\" style=\"aspect-ratio: 848 \/ 480;\" width=\"848\" controls src=\"https:\/\/redsemlac.com\/semmexico\/wp-content\/uploads\/2021\/01\/VID-20210112-WA0004.mp4\"><\/video><\/figure>\n\n\n\n<p class=\"wp-block-paragraph\"><br>Cuando se reciba una alerta, los oficiales a bordo de estas unidades se trasladar\u00e1n inmediatamente al lugar de la emergencia para proteger, ah\u00ed acompa\u00f1ar\u00e1n a las v\u00edctimas o podr\u00e1n actual para evitar que sean agredidas y participar\u00e1n, en su caso en la detenci\u00f3n del agresor.<br>En la entrevista, el alcalde mencion\u00f3 el programa \u201cSenderos Seguros\u201d.<\/p>\n\n\n\n<p class=\"wp-block-paragraph\"><\/p>\n\n\n\n<p class=\"wp-block-paragraph\">Otro programa para apoyo a las mujeres en la prevenci\u00f3n del acoso callejero, se llama senderos seguros.<\/p>\n\n\n\n<p class=\"wp-block-paragraph\"><br>La alcald\u00eda Azcapotzalco organiz\u00f3 una jornada de servicios p\u00fablicos que contribuye a la creaci\u00f3n de los \u201ccaminos violeta\u201d, es decir, zonas en las cuales la mejora de los espacios contribuyen a prevenir el acoso callejero de mujeres y ni\u00f1as.<\/p>\n\n\n\n<p class=\"wp-block-paragraph\"><br>Vidal Llerenas Morales acudi\u00f3 a las colonias Ampliaci\u00f3n San Pedro Xalpa I y II para supervisar los botones de auxilio y c\u00e1maras de videovigilancia conectadas al C5, adem\u00e1s de dar mantenimiento.<\/p>\n\n\n\n<p class=\"wp-block-paragraph\"><br>Para contribuir a la mejora de los espacios p\u00fablicos, tambi\u00e9n, dijo, se aument\u00f3 la iluminaci\u00f3n, visibilidad y vigilancia en zonas de mayor riesgo para las mujeres de la zona. Esto con el fin de crear senderos seguros que disminuyan el peligro para mujeres y ni\u00f1as que viven en zonas aleda\u00f1as.<\/p>\n\n\n\n<p class=\"wp-block-paragraph\"><br>El alcalde de Azcapotzalco destac\u00f3 la importancia de que estos elementos las luminarias sean funcionales funcionen correctamente en la v\u00eda p\u00fablica, pues una luminaria funcionando correctamente pueden salvar la vida de las mujeres que transitan por estos espacios.<br>Asimismo, Llerenas Morales recalc\u00f3 que todo el personal de la alcald\u00eda ha recibido alguna capacitaci\u00f3n en g\u00e9nero: \u201cTenemos un programa que se llama Iguales, en donde todas las actividades de la alcald\u00eda deben tener perspectiva de g\u00e9nero\u201d. En ese aspecto, \u201cvamos de la mano con la Secretar\u00eda de las Mujeres de la Ciudad de M\u00e9xico\u201d, agreg\u00f3.<\/p>\n","protected":false},"excerpt":{"rendered":"<p>En la alcald\u00eda se privilegia la capacitaci\u00f3n en g\u00e9nero a todo el personal de la Alcald\u00eda, dice Vidal Llerenas Morales<\/p>\n","protected":false},"author":3,"featured_media":30593,"comment_status":"open","ping_status":"open","sticky":false,"template":"","format":"standard","meta":{"_monsterinsights_skip_tracking":false,"footnotes":""},"categories":[692,51],"tags":[],"class_list":["post-30591","post","type-post","status-publish","format-standard","has-post-thumbnail","category-692","category-ejecutivo"],"_links":{"self":[{"href":"https:\/\/redsemlac.com\/semmexico\/wp-json\/wp\/v2\/posts\/30591","targetHints":{"allow":["GET"]}}],"collection":[{"href":"https:\/\/redsemlac.com\/semmexico\/wp-json\/wp\/v2\/posts"}],"about":[{"href":"https:\/\/redsemlac.com\/semmexico\/wp-json\/wp\/v2\/types\/post"}],"author":[{"embeddable":true,"href":"https:\/\/redsemlac.com\/semmexico\/wp-json\/wp\/v2\/users\/3"}],"replies":[{"embeddable":true,"href":"https:\/\/redsemlac.com\/semmexico\/wp-json\/wp\/v2\/comments?post=30591"}],"version-history":[{"count":0,"href":"https:\/\/redsemlac.com\/semmexico\/wp-json\/wp\/v2\/posts\/30591\/revisions"}],"wp:featuredmedia":[{"embeddable":true,"href":"https:\/\/redsemlac.com\/semmexico\/wp-json\/wp\/v2\/media\/30593"}],"wp:attachment":[{"href":"https:\/\/redsemlac.com\/semmexico\/wp-json\/wp\/v2\/media?parent=30591"}],"wp:term":[{"taxonomy":"category","embeddable":true,"href":"https:\/\/redsemlac.com\/semmexico\/wp-json\/wp\/v2\/categories?post=30591"},{"taxonomy":"post_tag","embeddable":true,"href":"https:\/\/redsemlac.com\/semmexico\/wp-json\/wp\/v2\/tags?post=30591"}],"curies":[{"name":"wp","href":"https:\/\/api.w.org\/{rel}","templated":true}]}}