{"id":30585,"date":"2021-01-12T19:00:38","date_gmt":"2021-01-12T19:00:38","guid":{"rendered":"https:\/\/redsemlac.com\/semmexico\/?p=30585"},"modified":"2023-07-21T16:45:27","modified_gmt":"2023-07-21T21:45:27","slug":"quienes-protestan-contra-macho-violador-en-guerrero-son-hostigadas-amenazadas-y-violentadas-en-redes-sociales","status":"publish","type":"post","link":"https:\/\/redsemlac.com\/semmexico\/quienes-protestan-contra-macho-violador-en-guerrero-son-hostigadas-amenazadas-y-violentadas-en-redes-sociales\/","title":{"rendered":"Quienes protestan contra macho violador en Guerrero,  son hostigadas, amenazadas y violentadas en redes sociales"},"content":{"rendered":"\n<ul class=\"wp-block-list\"><li><strong>Performance en Chilpancingo para oponerse a la candidatura de F\u00e9lix Salgado Macedonio.<\/strong><\/li><li><strong>Crece la protesta y se anuncia enfrentamiento, voces contra el precandidato de Morena a la gubernatura de esa entidad<\/strong><\/li><\/ul>\n\n\n\n<p class=\"wp-block-paragraph\">Josefina Aguilar Pastor<br>SsemM\u00e9xico. Chilpancingo, Guerrero, 12 de enero de 20121.- \u201cUn violador no ser\u00e1 gobernador\u201d, \u201cSi F\u00e9lix es gobernador, habr\u00e1 revoluci\u00f3n\u201d, fueron las principales consignas con las que activistas feministas advirtieron que no permitir\u00e1n que el senador con licencia, acusado de dos cargos de violaci\u00f3n, llegue al gobierno del estado, bajo las siglas de Morena.<\/p>\n\n\n\n<p class=\"wp-block-paragraph\"><br>La tarde de este lunes, por medio de un performance denominado \u201cEl violador eres t\u00fa\u201d, activistas se manifestaron frente a la Fiscal\u00eda General del Estado (FGE), para expresar su repudio por la insistencia de Morena, de mantener a F\u00e9lix Salgado Macedonio como candidato a la gubernatura del estado de Guerrero, a pesar de haber dos acusaciones de violaci\u00f3n en su contra.<\/p>\n\n\n\n<p class=\"wp-block-paragraph\"><br>El punto de concentraci\u00f3n fue la entrada de la FGE, donde las activistas advirtieron de manera reiterada que \u201cun violador no ser\u00e1 gobernador\u201d, as\u00ed como \u201cni v\u00edctimas ni pasivas, mujeres combativas\u201d, \u201calerta, alerta que camina, la lucha feminista por Am\u00e9rica Latina y tiemble, y tiemblen los machistas que Am\u00e9rica Latina ser\u00e1 toda feminista\u201d, \u201cno somos una ni somos diez pinche gobierno cu\u00e9ntanos bien\u201d, \u201ccompa\u00f1era, hermana aqu\u00ed est\u00e1 tu manada\u201d, consignas expuestas antes del performance.<br>En medio de la calle, colocaron un toro de papel al que le prendieron fuego a su derredor, colocaron las consignas \u201ctoro violador\u201d y \u201cun violador no ser\u00e1 gobernador\u201d. Enseguida, realizaron el performance \u201cEl violador eres t\u00fa\u201d, durante el cual, reiteraron el se\u00f1alamiento de violador hacia Salgado Macedonio.<\/p>\n\n\n\n<p class=\"wp-block-paragraph\"><br>\u201cAlto a las persecuci\u00f3n agresiones a las activistas por se\u00f1alar a un violador, un gobernador quiere ser gobernador, y las feministas hemos sobrevivido a las dictaduras, un violador, no puede ser candidato, un violador no puede ser gobernador y aqu\u00ed estamos para recod\u00e1rselos todas, estamos en nombre de nosotras y de las que creen en la lucha feminista y no de los partidos. Hacemos un llamado a las mujeres que est\u00e1n apoyando a este hombre acusado de violaci\u00f3n que recuerden como mira F\u00e9lix Salgado Macedonio, mira siempre con lujuria, que no se les olvide, desde ah\u00ed se nota que es un violador y por eso les creemos a las v\u00edctimas\u201d, expusieron.<\/p>\n\n\n\n<figure class=\"wp-block-gallery columns-3 is-cropped wp-block-gallery-1 is-layout-flex wp-block-gallery-is-layout-flex\"><ul class=\"blocks-gallery-grid\"><li class=\"blocks-gallery-item\"><figure><a href=\"https:\/\/redsemlac.com\/semmexico\/wp-content\/uploads\/2021\/01\/IMG_4258-scaled.jpg\"><img decoding=\"async\" src=\"https:\/\/redsemlac.com\/semmexico\/wp-content\/uploads\/2021\/01\/IMG_4258-768x1024.jpg\" alt=\"\" data-id=\"30588\" data-full-url=\"https:\/\/redsemlac.com\/semmexico\/wp-content\/uploads\/2021\/01\/IMG_4258-scaled.jpg\" data-link=\"https:\/\/redsemlac.com\/semmexico\/?attachment_id=30588\" class=\"wp-image-30588\"\/><\/a><\/figure><\/li><li class=\"blocks-gallery-item\"><figure><a href=\"https:\/\/redsemlac.com\/semmexico\/wp-content\/uploads\/2021\/01\/IMG_4214-scaled.jpg\"><img decoding=\"async\" src=\"https:\/\/redsemlac.com\/semmexico\/wp-content\/uploads\/2021\/01\/IMG_4214-768x1024.jpg\" alt=\"\" data-id=\"30587\" data-full-url=\"https:\/\/redsemlac.com\/semmexico\/wp-content\/uploads\/2021\/01\/IMG_4214-scaled.jpg\" data-link=\"https:\/\/redsemlac.com\/semmexico\/?attachment_id=30587\" class=\"wp-image-30587\"\/><\/a><\/figure><\/li><li class=\"blocks-gallery-item\"><figure><a href=\"https:\/\/redsemlac.com\/semmexico\/wp-content\/uploads\/2021\/01\/IMG_4179-scaled.jpg\"><img decoding=\"async\" src=\"https:\/\/redsemlac.com\/semmexico\/wp-content\/uploads\/2021\/01\/IMG_4179-1024x768.jpg\" alt=\"\" data-id=\"30586\" data-full-url=\"https:\/\/redsemlac.com\/semmexico\/wp-content\/uploads\/2021\/01\/IMG_4179-scaled.jpg\" data-link=\"https:\/\/redsemlac.com\/semmexico\/?attachment_id=30586\" class=\"wp-image-30586\"\/><\/a><\/figure><\/li><\/ul><\/figure>\n\n\n\n<p class=\"wp-block-paragraph\"><br>Bajo la advertencia de que \u201csi lo nombran candidato habr\u00e1 revoluci\u00f3n\u201d, otra de las activistas sostuvo \u201cno estamos recibiendo dinero de ning\u00fan cabr\u00f3n, nosotras somos mujeres con criterio, somos mujeres aut\u00f3nomas, independientes\u201d, asent\u00f3 una activista.<\/p>\n\n\n\n<p class=\"wp-block-paragraph\"><br>Denunciaron la persecuci\u00f3n y se\u00f1alamientos de que est\u00e1n siendo objeto las activistas que se han atrevido a manifestarse en contra de la candidatura de Salgado Macedonio \u201cno es posible que quieran callarnos no es posible que recurran a la difamaci\u00f3n y que jueguen con algo tan preciado como es nuestra dignidad, nuestra lucha que ha sido respaldada, desde ah\u00ed estamos viendo que realmente y c\u00f3mo se va a manejar este gobierno si queda en manos del Toro, nosotras venimos con la justicia en la mano y vamos a luchar por todas yuca da una de las v\u00edctimas las mujeres tenemos derecho a vivir sin violencia, acoso ni hostigamiento y es lo que venimos a exigir\u201d, expuso otras m\u00e1s.<\/p>\n\n\n\n<p class=\"wp-block-paragraph\"><br>\u201cNosotras nos salimos de sus fronteras de hacer polic\u00eda, nosotras creamos polic\u00eda por y para nosotras por defender nuestros derechos, aqu\u00ed lo \u00fanico que se defienden, son los derechos de todas las mujeres\u201d, expuso una m\u00e1s.<\/p>\n\n\n\n<p class=\"wp-block-paragraph\"><br><strong>LA PERSECUCI\u00d3N, AGRESI\u00d3N<\/strong><br>A trav\u00e9s de redes sociales, Yolitzin Jaimes Rend\u00f3n, integrante de la colectiva \u201clas revueltas\u201d, denunci\u00f3 la agresi\u00f3n y amenazas en su contra, tras manifestar su abierta oposici\u00f3n y rechazo a la candidatura de F\u00e9lix Salgado Macedonio.<\/p>\n\n\n\n<p class=\"wp-block-paragraph\"><br>En distintas paginas virtuales, entre ellas la denominada \u201cEl Fisg\u00f3n de Guerrero\u201d, cuestionan su sexualidad, la acusan de estar al servicio de priistas como el senador Manuel A\u00f1orve Ba\u00f1os, y el mismo gobernador H\u00e9ctor Astudillo Flores, as\u00ed como del precandidato del PRI, Mario Moreno Arcos.<\/p>\n\n\n\n<p class=\"wp-block-paragraph\"><br>Incluso tratan de vincularla con la desaparici\u00f3n de los 43 normalistas de Ayotzinapa, por el solo hecho de haber laborado por un par de meses, como secretaria de la Mujer en el ayuntamiento de Taxco, en el gobierno del entonces alcalde Salom\u00f3n Majul.<\/p>\n\n\n\n<p class=\"wp-block-paragraph\"><br>\u201cYolitzin Jaimes mujer de choque y desestabilizadora, cobra en la n\u00f3mina del gobierno de Astudillo desde el 2015, precisamente la ocupa el gobernador y el PRI para golpear a sus enemigos pol\u00edticos\u201d, afirma llanamente el responsable de dicha p\u00e1gina.<\/p>\n\n\n\n<p class=\"wp-block-paragraph\"><br>Sin empacho, asegura que la activista, no solo responde a los intereses priistas, sino incluso al otro grupo de Morena que encabeza Pablo Am\u00edlcar Sandoval Ballesteros, y advierte \u201cque quede claro, no est\u00e1n atacando o golpeando a F\u00e9lix Salgado Macedonio, est\u00e1n atacando a la cuarta trasformaci\u00f3n y al partido Morena\u201d, asegura la publicaci\u00f3n.<\/p>\n\n\n\n<p class=\"wp-block-paragraph\"><br>En entrevista tras la realizaci\u00f3n del performance frente a la FGE, sobre las agresiones recibidas, Jaimes Rend\u00f3n expuso que \u201csoy feminista, soy una mujer lesbiana, he sido acusada, discriminada, se\u00f1alada de estar en n\u00f3mina inclusive en n\u00f3mina del gobierno del estado, hace a\u00f1os que yo ni saludo al gobernador en turno, ah\u00ed est\u00e1n las n\u00f3minas que revisen, yo no estoy en ninguna nomina\u201d<br>Anunci\u00f3 que interpondr\u00e1 la denuncia correspondiente por las amenazas recibidas, tiene identificados a sus agresores en contra de quienes ya prepara su denuncia penal, por distintos tipos de violencia; simb\u00f3lica pol\u00edtica institucional, y todo lo que implique.<\/p>\n\n\n\n<p class=\"wp-block-paragraph\"><br>Recalc\u00f3 que el movimiento feminista en el que participa, no responde a ning\u00fan tipo de intereses partidistas, al no pertenecer a ning\u00fan partido.<\/p>\n\n\n\n<p class=\"wp-block-paragraph\"><br>En cuanto Morena reconsidere su posici\u00f3n de postular a F\u00e9lix Salgado, como feministas se retiraran, \u201clo que nos interesa es que ning\u00fan presunto violador como candidato\u201d sostuvo.<\/p>\n\n\n\n<p class=\"wp-block-paragraph\"><br>Acus\u00f3 que la marcha que realzar\u00e1n este martes a favor de Salgado Macedonio si est\u00e1 financiada.<\/p>\n","protected":false},"excerpt":{"rendered":"<p>Performance en Chilpancingo para oponerse a la candidatura de F\u00e9lix Salgado Macedonio.<\/p>\n","protected":false},"author":3,"featured_media":30589,"comment_status":"open","ping_status":"open","sticky":false,"template":"","format":"standard","meta":{"_monsterinsights_skip_tracking":false,"footnotes":""},"categories":[692,54],"tags":[],"class_list":["post-30585","post","type-post","status-publish","format-standard","has-post-thumbnail","category-692","category-mujeres"],"_links":{"self":[{"href":"https:\/\/redsemlac.com\/semmexico\/wp-json\/wp\/v2\/posts\/30585","targetHints":{"allow":["GET"]}}],"collection":[{"href":"https:\/\/redsemlac.com\/semmexico\/wp-json\/wp\/v2\/posts"}],"about":[{"href":"https:\/\/redsemlac.com\/semmexico\/wp-json\/wp\/v2\/types\/post"}],"author":[{"embeddable":true,"href":"https:\/\/redsemlac.com\/semmexico\/wp-json\/wp\/v2\/users\/3"}],"replies":[{"embeddable":true,"href":"https:\/\/redsemlac.com\/semmexico\/wp-json\/wp\/v2\/comments?post=30585"}],"version-history":[{"count":0,"href":"https:\/\/redsemlac.com\/semmexico\/wp-json\/wp\/v2\/posts\/30585\/revisions"}],"wp:featuredmedia":[{"embeddable":true,"href":"https:\/\/redsemlac.com\/semmexico\/wp-json\/wp\/v2\/media\/30589"}],"wp:attachment":[{"href":"https:\/\/redsemlac.com\/semmexico\/wp-json\/wp\/v2\/media?parent=30585"}],"wp:term":[{"taxonomy":"category","embeddable":true,"href":"https:\/\/redsemlac.com\/semmexico\/wp-json\/wp\/v2\/categories?post=30585"},{"taxonomy":"post_tag","embeddable":true,"href":"https:\/\/redsemlac.com\/semmexico\/wp-json\/wp\/v2\/tags?post=30585"}],"curies":[{"name":"wp","href":"https:\/\/api.w.org\/{rel}","templated":true}]}}