{"id":30581,"date":"2021-01-12T00:08:07","date_gmt":"2021-01-12T00:08:07","guid":{"rendered":"https:\/\/redsemlac.com\/semmexico\/?p=30581"},"modified":"2023-07-21T16:45:27","modified_gmt":"2023-07-21T21:45:27","slug":"huelga-de-notimex-podria-resolverse-pronto","status":"publish","type":"post","link":"https:\/\/redsemlac.com\/semmexico\/huelga-de-notimex-podria-resolverse-pronto\/","title":{"rendered":"Huelga de Notimex podr\u00eda resolverse pronto"},"content":{"rendered":"\n<ul class=\"wp-block-list\"><li><strong>Esperan que directora muestre voluntad, dice secretaria general del Sutnotimex<\/strong><\/li><\/ul>\n\n\n\n<ul class=\"wp-block-list\"><li><strong>Hoy en audiencia ambas partes presentaron la informaci\u00f3n requerida por la autoridad laboral<\/strong><\/li><\/ul>\n\n\n\n<p class=\"wp-block-paragraph\"><strong>Redacci\u00f3n<\/strong><\/p>\n\n\n\n<p class=\"wp-block-paragraph\">SemM\u00e9xico, Cd. de M\u00e9xico, 11 de enero, 2021.- La secretaria general del SutNotimex, Adriana Urrea, confi\u00f3 que si con la intervenci\u00f3n del presidente Andr\u00e9s Manuel L\u00f3pez Obrador, la directora Sanjuana Mart\u00ednez muestra voluntad para resolver el conflicto y se pueda levantar la huelga.<\/p>\n\n\n\n<p class=\"wp-block-paragraph\">Esto dijo hoy cuando se llev\u00f3 a cabo la presentaci\u00f3n de pruebas por parte del Sindicato \u00danico de Trabajadores de Notimex (Sutnotimex) y la Agencia de Noticias del Estado Mexicano ante la Junta Federal de Conciliaci\u00f3n y Arbitraje, como parte del proceso de la demanda de imputabilidad que interpusieron los trabajadores para resolver la Huelga que cumple 327 d\u00edas.<\/p>\n\n\n\n<p class=\"wp-block-paragraph\">Adriana Urrea sostuvo que la huelga podr\u00eda levantarse en breve, toda vez que las y los trabajadores mantienen la apertura y la disposici\u00f3n para ello, y en que se restablezca la operaci\u00f3n en la Agencia Notimex, ante la crisis sanitaria y econ\u00f3mica que atraviesa el pa\u00eds, para brindar el derecho a la informaci\u00f3n al pueblo mexicano. El pr\u00f3ximo viernes habr\u00e1 audiencia confesional para resolver Huelga de Notimex.<\/p>\n\n\n\n<p class=\"wp-block-paragraph\">Durante la audiencia que inici\u00f3 a las 11:00 horas, ambas partes presentaron la informaci\u00f3n requerida por la autoridad laboral que actuar\u00e1 en consecuencia y tras lo cual, se estableci\u00f3 una nueva audiencia para desahogar las pruebas confesionales para el pr\u00f3ximo viernes 15 de enero, a la misma hora.<\/p>\n\n\n\n<p class=\"wp-block-paragraph\">El encuentro se llev\u00f3 a cabo en buenos t\u00e9rminos, lo que implic\u00f3 un avance para resolver el conflicto laboral que llev\u00f3 al estallamiento de la huelga en Notimex desde el 21 de febrero de 2020 y que fue ocasionado por violaciones reiteradas a los derechos laborales y humanos por parte de la empresa.<\/p>\n\n\n\n<p class=\"wp-block-paragraph\">El Sutnotimex conf\u00eda en que el proceso se desarrolle con apego a la ley, tal y como lo ha instruido en repetidas ocasiones el presidente Andr\u00e9s Manuel L\u00f3pez Obrador, quien hoy en su conferencia ma\u00f1anera reconoci\u00f3 que \u00abha pasado mucho tiempo\u00bb desde que inici\u00f3 el conflicto.<\/p>\n\n\n\n<p class=\"wp-block-paragraph\">L\u00f3pez Obrador adelant\u00f3 que esta semana sostendr\u00e1 una reuni\u00f3n con la directora de Notimex, Sanjuana Mart\u00ednez, &nbsp;para conversar al respecto y expres\u00f3 que su vocero Jes\u00fas Ram\u00edrez ya le hab\u00eda informado sobre los avances del acuerdo.<\/p>\n\n\n\n<p class=\"wp-block-paragraph\">SEM\/sj<\/p>\n","protected":false},"excerpt":{"rendered":"<p>Hoy en audiencia ambas partes presentaron la informaci\u00f3n requerida por la autoridad laboral<\/p>\n","protected":false},"author":3,"featured_media":30582,"comment_status":"open","ping_status":"open","sticky":false,"template":"","format":"standard","meta":{"_monsterinsights_skip_tracking":false,"footnotes":""},"categories":[692,55],"tags":[],"class_list":["post-30581","post","type-post","status-publish","format-standard","has-post-thumbnail","category-692","category-periodistas"],"_links":{"self":[{"href":"https:\/\/redsemlac.com\/semmexico\/wp-json\/wp\/v2\/posts\/30581","targetHints":{"allow":["GET"]}}],"collection":[{"href":"https:\/\/redsemlac.com\/semmexico\/wp-json\/wp\/v2\/posts"}],"about":[{"href":"https:\/\/redsemlac.com\/semmexico\/wp-json\/wp\/v2\/types\/post"}],"author":[{"embeddable":true,"href":"https:\/\/redsemlac.com\/semmexico\/wp-json\/wp\/v2\/users\/3"}],"replies":[{"embeddable":true,"href":"https:\/\/redsemlac.com\/semmexico\/wp-json\/wp\/v2\/comments?post=30581"}],"version-history":[{"count":0,"href":"https:\/\/redsemlac.com\/semmexico\/wp-json\/wp\/v2\/posts\/30581\/revisions"}],"wp:featuredmedia":[{"embeddable":true,"href":"https:\/\/redsemlac.com\/semmexico\/wp-json\/wp\/v2\/media\/30582"}],"wp:attachment":[{"href":"https:\/\/redsemlac.com\/semmexico\/wp-json\/wp\/v2\/media?parent=30581"}],"wp:term":[{"taxonomy":"category","embeddable":true,"href":"https:\/\/redsemlac.com\/semmexico\/wp-json\/wp\/v2\/categories?post=30581"},{"taxonomy":"post_tag","embeddable":true,"href":"https:\/\/redsemlac.com\/semmexico\/wp-json\/wp\/v2\/tags?post=30581"}],"curies":[{"name":"wp","href":"https:\/\/api.w.org\/{rel}","templated":true}]}}