{"id":30574,"date":"2021-01-11T21:42:58","date_gmt":"2021-01-11T21:42:58","guid":{"rendered":"https:\/\/redsemlac.com\/semmexico\/?p=30574"},"modified":"2023-07-21T16:45:27","modified_gmt":"2023-07-21T21:45:27","slug":"cronologia-del-caso-felix-salgado-macedonio","status":"publish","type":"post","link":"https:\/\/redsemlac.com\/semmexico\/cronologia-del-caso-felix-salgado-macedonio\/","title":{"rendered":"Cronolog\u00eda del caso F\u00e9lix Salgado Macedonio"},"content":{"rendered":"\n<ul class=\"wp-block-list\"><li><strong>Carpeta de Investigaci\u00f3n 12030270100002020117, Fiscal\u00eda de Guerrero<\/strong><\/li><\/ul>\n\n\n\n<ul class=\"wp-block-list\"><li><strong>Denuncia por el delito de violaci\u00f3n agravada en contra del senador con licencia de Morena<\/strong><\/li><\/ul>\n\n\n\n<p class=\"wp-block-paragraph\">SemM\u00e9xico, Cd. de M\u00e9xico, 11 de enero, 2021.- Hechos, dichos y circunstancias de la precandidatura a Guerrero, de F\u00e9lix Salgado Macedonio, acusado de violaci\u00f3n sexual y a quien MORENA promueve como candidato al gobierno de Guerrero.<\/p>\n\n\n\n<h2 class=\"wp-block-heading\"><strong>2016<\/strong><\/h2>\n\n\n\n<ul class=\"wp-block-list\"><li>20 de mayo:&nbsp;primer abuso sexual, seg\u00fan la v\u00edctima.<\/li><li>21 de mayo:&nbsp;presuntamente ocurre segunda violaci\u00f3n.<\/li><li>5 de julio:&nbsp;ocurre un tercer ataque, de acuerdo a la mujer JDC.<\/li><li>28 de diciembre:&nbsp;ante acusaci\u00f3n, se abre carpeta de investigaci\u00f3n.<\/li><\/ul>\n\n\n\n<h2 class=\"wp-block-heading\"><strong>2017<\/strong><\/h2>\n\n\n\n<ul class=\"wp-block-list\"><li>2 de enero:&nbsp;la presunta v\u00edctima ratifica denuncia.<\/li><li>11 de diciembre:&nbsp;asesinan a quien encabezaba la investigaci\u00f3n.<\/li><li>La denunciante abandona su domicilio alegando amenazas.<\/li><\/ul>\n\n\n\n<h2 class=\"wp-block-heading\"><strong>2020<\/strong><\/h2>\n\n\n\n<ul class=\"wp-block-list\"><li>7 de septiembre: inicia a\u00f1o electoral, rumbo a votaciones del 6 de junio.<\/li><li>11 de noviembre:&nbsp;v\u00edctima se\u00f1ala que el caso fue \u201centerrado\u201d.<\/li><li>30 de diciembre:&nbsp;Morena anuncia a Salgado Macedonio como candidato a la gubernatura de Guerrero.<\/li><\/ul>\n\n\n\n<h2 class=\"wp-block-heading\"><strong>2021<\/strong><\/h2>\n\n\n\n<ul class=\"wp-block-list\"><li>5 de enero:&nbsp;el ex procurador de Guerrero, Xavier Olea, afirm\u00f3 que el gobernador H\u00e9ctor Astudillo le orden\u00f3 no actuar en contra de F\u00e9lix Salgado.<\/li><li>6 de enero:&nbsp;la dirigencia guerrerense de Morena presenta al senador con licencia como virtual candidato a gobernador.<\/li><li>7 de enero:&nbsp;Fiscal\u00eda de Guerrero comunica que revisar\u00e1 el caso y que Olea ser\u00e1 investigado.<\/li><li>7 de enero: Comisi\u00f3n de Honestidad y Justicia de Morena investiga ya a Salgado Macedonio<\/li><li>Diputadas, regidoras, militantes y mujeres de base de&nbsp; exigen a Mario Delgado Carrillo act\u00fae para que Salgado Macedonio no sea el candidatoe candidato.<\/li><li>8 de enero:&nbsp;AMLO asegura que denuncia es \u201cpor temporada\u201d electoral.<\/li><li>10 de enero: El grupo Mujeres en Plural pide que no se encubra a Salgado Macedonio<\/li><li>10 de enero: AMLO dice que puede ser un invento electoral y una campa\u00f1a negra contra el favorito de Morena para el Gobierno de Guerrero<\/li><li>10 de enero:&nbsp; Movimiento Ciudadano advierte que es muy grave apoyar a Salgado Macedionio<\/li><li>11 de enero:&nbsp; Mujeres de Guerrero llaman a una movilizaci\u00f3n de protesta contra Salgado Macedonio, se anuncia para el d\u00eda siguiente una movilizaci\u00f3n de apoyo a Salgado Macedonio.<\/li><\/ul>\n","protected":false},"excerpt":{"rendered":"<p>Denuncia por el delito de violaci\u00f3n agravada en contra del senador con licencia de Morena<\/p>\n","protected":false},"author":3,"featured_media":16575,"comment_status":"open","ping_status":"open","sticky":false,"template":"","format":"standard","meta":{"_monsterinsights_skip_tracking":false,"footnotes":""},"categories":[692,141],"tags":[],"class_list":["post-30574","post","type-post","status-publish","format-standard","has-post-thumbnail","category-692","category-elecciones-2020-2021"],"_links":{"self":[{"href":"https:\/\/redsemlac.com\/semmexico\/wp-json\/wp\/v2\/posts\/30574","targetHints":{"allow":["GET"]}}],"collection":[{"href":"https:\/\/redsemlac.com\/semmexico\/wp-json\/wp\/v2\/posts"}],"about":[{"href":"https:\/\/redsemlac.com\/semmexico\/wp-json\/wp\/v2\/types\/post"}],"author":[{"embeddable":true,"href":"https:\/\/redsemlac.com\/semmexico\/wp-json\/wp\/v2\/users\/3"}],"replies":[{"embeddable":true,"href":"https:\/\/redsemlac.com\/semmexico\/wp-json\/wp\/v2\/comments?post=30574"}],"version-history":[{"count":0,"href":"https:\/\/redsemlac.com\/semmexico\/wp-json\/wp\/v2\/posts\/30574\/revisions"}],"wp:featuredmedia":[{"embeddable":true,"href":"https:\/\/redsemlac.com\/semmexico\/wp-json\/wp\/v2\/media\/16575"}],"wp:attachment":[{"href":"https:\/\/redsemlac.com\/semmexico\/wp-json\/wp\/v2\/media?parent=30574"}],"wp:term":[{"taxonomy":"category","embeddable":true,"href":"https:\/\/redsemlac.com\/semmexico\/wp-json\/wp\/v2\/categories?post=30574"},{"taxonomy":"post_tag","embeddable":true,"href":"https:\/\/redsemlac.com\/semmexico\/wp-json\/wp\/v2\/tags?post=30574"}],"curies":[{"name":"wp","href":"https:\/\/api.w.org\/{rel}","templated":true}]}}