{"id":30566,"date":"2021-01-11T21:35:28","date_gmt":"2021-01-11T21:35:28","guid":{"rendered":"https:\/\/redsemlac.com\/semmexico\/?p=30566"},"modified":"2023-07-21T16:45:27","modified_gmt":"2023-07-21T21:45:27","slug":"fallece-leticia-animas-coordinadora-nacional-de-becas","status":"publish","type":"post","link":"https:\/\/redsemlac.com\/semmexico\/fallece-leticia-animas-coordinadora-nacional-de-becas\/","title":{"rendered":"Fallece Leticia \u00c1nimas coordinadora nacional de Becas"},"content":{"rendered":"\n<ul class=\"wp-block-list\"><li><strong>AMLO da a conocer la noticia en la ma\u00f1anera<\/strong><\/li><\/ul>\n\n\n\n<ul class=\"wp-block-list\"><li><strong>V\u00edctima de Covid 19<\/strong><\/li><\/ul>\n\n\n\n<p class=\"wp-block-paragraph\"><strong>Lizbeth \u00c1lvarez Mart\u00ednez<\/strong><\/p>\n\n\n\n<p class=\"wp-block-paragraph\">SemM\u00e9xico, Cd. de M\u00e9xico, 11 de enero, 2021.- El presidente Andr\u00e9s Manuel L\u00f3pez Obrador dio a conocer durante la conferencia ma\u00f1anera que Leticia \u00c1nimas Vargas, coordinadora nacional de Becas para el Bienestar, falleci\u00f3 luego de padecer Covid-19.<\/p>\n\n\n\n<p class=\"wp-block-paragraph\">\u00abAcaba de fallecer Leti \u00c1nimas, que era coordinadora del programa de becas de nuestro gobierno. Una mujer extraordinaria. Es una noticia muy dolorosa, dijo el mandatario.<\/p>\n\n\n\n<p class=\"wp-block-paragraph\">Hace una semana, el presidente hab\u00eda dado a conocer que \u00c1nimas Vargas estaba enferma de Covid-19.<\/p>\n\n\n\n<p class=\"wp-block-paragraph\">Por su parte, en sus redes sociales, la Jefa de Gobierno, Claudia Sheinbaum Pardo, lament\u00f3 su fallecimiento.<\/p>\n\n\n\n<p class=\"wp-block-paragraph\">\u201cQuerida Leticia \u00c1nimas: Compa\u00f1era, te nos fuiste. Tu sencillez, alegr\u00eda y voluntad de lucha est\u00e1 con nosotros. Cari\u00f1o a tu familia y amigas. De coraz\u00f3n, hasta siempre\u201d.<\/p>\n\n\n\n<p class=\"wp-block-paragraph\">Cabe destacar que \u00c1nimas Vargas era poblana, originaria del municipio de Huauchinango. Estudi\u00f3 Derecho en la BUAP y colabor\u00f3 en varios medios de comunicaci\u00f3n.<\/p>\n\n\n\n<p class=\"wp-block-paragraph\">SEM\/lam\/sj<\/p>\n","protected":false},"excerpt":{"rendered":"<p>AMLO da a conocer la noticia en la ma\u00f1anera<\/p>\n","protected":false},"author":3,"featured_media":30567,"comment_status":"open","ping_status":"open","sticky":false,"template":"","format":"standard","meta":{"_monsterinsights_skip_tracking":false,"footnotes":""},"categories":[692,51],"tags":[],"class_list":["post-30566","post","type-post","status-publish","format-standard","has-post-thumbnail","category-692","category-ejecutivo"],"_links":{"self":[{"href":"https:\/\/redsemlac.com\/semmexico\/wp-json\/wp\/v2\/posts\/30566","targetHints":{"allow":["GET"]}}],"collection":[{"href":"https:\/\/redsemlac.com\/semmexico\/wp-json\/wp\/v2\/posts"}],"about":[{"href":"https:\/\/redsemlac.com\/semmexico\/wp-json\/wp\/v2\/types\/post"}],"author":[{"embeddable":true,"href":"https:\/\/redsemlac.com\/semmexico\/wp-json\/wp\/v2\/users\/3"}],"replies":[{"embeddable":true,"href":"https:\/\/redsemlac.com\/semmexico\/wp-json\/wp\/v2\/comments?post=30566"}],"version-history":[{"count":0,"href":"https:\/\/redsemlac.com\/semmexico\/wp-json\/wp\/v2\/posts\/30566\/revisions"}],"wp:featuredmedia":[{"embeddable":true,"href":"https:\/\/redsemlac.com\/semmexico\/wp-json\/wp\/v2\/media\/30567"}],"wp:attachment":[{"href":"https:\/\/redsemlac.com\/semmexico\/wp-json\/wp\/v2\/media?parent=30566"}],"wp:term":[{"taxonomy":"category","embeddable":true,"href":"https:\/\/redsemlac.com\/semmexico\/wp-json\/wp\/v2\/categories?post=30566"},{"taxonomy":"post_tag","embeddable":true,"href":"https:\/\/redsemlac.com\/semmexico\/wp-json\/wp\/v2\/tags?post=30566"}],"curies":[{"name":"wp","href":"https:\/\/api.w.org\/{rel}","templated":true}]}}