{"id":30559,"date":"2021-01-11T20:50:56","date_gmt":"2021-01-11T20:50:56","guid":{"rendered":"https:\/\/redsemlac.com\/semmexico\/?p=30559"},"modified":"2023-07-21T16:45:27","modified_gmt":"2023-07-21T21:45:27","slug":"mexico-igualitario-logra-acta-de-nacimiento-para-hija-de-familia-lesboparental","status":"publish","type":"post","link":"https:\/\/redsemlac.com\/semmexico\/mexico-igualitario-logra-acta-de-nacimiento-para-hija-de-familia-lesboparental\/","title":{"rendered":"M\u00e9xico Igualitario logra acta de nacimiento para hija de familia lesboparental"},"content":{"rendered":"\n<ul class=\"wp-block-list\"><li><strong> El Registro Civil de Oaxaca hab\u00eda negado el registro<\/strong><\/li><\/ul>\n\n\n\n<ul class=\"wp-block-list\"><li><strong> Han acompa\u00f1ado de forma legal a cuatro familias, todos los casos han sido favorables<\/strong><\/li><\/ul>\n\n\n\n<p class=\"wp-block-paragraph\"><strong>Redacci\u00f3n<\/strong><\/p>\n\n\n\n<p class=\"wp-block-paragraph\">SemM\u00e9xico, Oaxaca, 11 de enero, 2021.- Gabriela y Adriana recibieron del Registro Civil de la entidad, el acta de nacimiento de su mejor hija con los apellidos de ambas madres, esto en cumplimiento  a la suspensi\u00f3n definitiva dictada por el Juez Decimoprimero de Distrito en el estado de Oaxaca.<\/p>\n\n\n\n<div class=\"wp-block-image\"><figure class=\"alignleft size-large\"><a href=\"https:\/\/redsemlac.com\/semmexico\/wp-content\/uploads\/2021\/01\/mexico-igualitario.jpg\"><img decoding=\"async\" src=\"https:\/\/redsemlac.com\/semmexico\/wp-content\/uploads\/2021\/01\/mexico-igualitario-234x1024.jpg\" alt=\"\" class=\"wp-image-30562\"\/><\/a><\/figure><\/div>\n\n\n\n<p class=\"wp-block-paragraph\">As\u00ed lo da a conocer M\u00e9xico Igualitario en un bolet\u00edn de prensa en el que destaca que el pasado 4 de diciembre, Andrea y Gabriela vieron reconocida a su familia lesbomaternal, tras una lucha que inici\u00f3 el pasado 22 de octubre, cuando ambas acudieron al Registro Civil para presentar la solicitud para el acta de nacimiento de su hija.<\/p>\n\n\n\n<p class=\"wp-block-paragraph\">El 26 de octubre el Registro Civil respondi\u00f3 que no era procedente su solicitud, \u201cen virtud de que no se hace referencia al origen biol\u00f3gico de la menor o en su caso que se acredite la imposibilidad del padre biol\u00f3gico para reconocer a su menor hijo, tratando de establecer de facto la afiliaci\u00f3n de manera directa con persona distinta, lo cual va en contra del derecho a la filiaci\u00f3n que tiene la menor y los derechos que emana del mismo\u201d.<\/p>\n\n\n\n<p class=\"wp-block-paragraph\">Esta respuesta del Registro atenta contra el derecho a la igualdad y no discriminaci\u00f3n, el derecho a la identidad y el derecho a la vida privada de las familias, por lo cual, acompa\u00f1adas de M\u00e9xico Igualitario, presentaron un amparo, que actualmente continua en proceso.<\/p>\n\n\n\n<p class=\"wp-block-paragraph\">M\u00e9xico Igualitario ha acompa\u00f1ado a cuatro familias lesbomaternales en Aguascalientes, Hidalgo, Tabasco y ahora Oaxaca, que han dado la batalla para el reconocimiento de sus familias y erradicar la discriminaci\u00f3n y lesbofobia en las instituciones.<\/p>\n\n\n\n<p class=\"wp-block-paragraph\">SEM\/sj<\/p>\n","protected":false},"excerpt":{"rendered":"<p> El Registro Civil de Oaxaca hab\u00eda negado el registro<\/p>\n","protected":false},"author":3,"featured_media":30560,"comment_status":"open","ping_status":"open","sticky":false,"template":"","format":"standard","meta":{"_monsterinsights_skip_tracking":false,"footnotes":""},"categories":[692,54],"tags":[],"class_list":["post-30559","post","type-post","status-publish","format-standard","has-post-thumbnail","category-692","category-mujeres"],"_links":{"self":[{"href":"https:\/\/redsemlac.com\/semmexico\/wp-json\/wp\/v2\/posts\/30559","targetHints":{"allow":["GET"]}}],"collection":[{"href":"https:\/\/redsemlac.com\/semmexico\/wp-json\/wp\/v2\/posts"}],"about":[{"href":"https:\/\/redsemlac.com\/semmexico\/wp-json\/wp\/v2\/types\/post"}],"author":[{"embeddable":true,"href":"https:\/\/redsemlac.com\/semmexico\/wp-json\/wp\/v2\/users\/3"}],"replies":[{"embeddable":true,"href":"https:\/\/redsemlac.com\/semmexico\/wp-json\/wp\/v2\/comments?post=30559"}],"version-history":[{"count":0,"href":"https:\/\/redsemlac.com\/semmexico\/wp-json\/wp\/v2\/posts\/30559\/revisions"}],"wp:featuredmedia":[{"embeddable":true,"href":"https:\/\/redsemlac.com\/semmexico\/wp-json\/wp\/v2\/media\/30560"}],"wp:attachment":[{"href":"https:\/\/redsemlac.com\/semmexico\/wp-json\/wp\/v2\/media?parent=30559"}],"wp:term":[{"taxonomy":"category","embeddable":true,"href":"https:\/\/redsemlac.com\/semmexico\/wp-json\/wp\/v2\/categories?post=30559"},{"taxonomy":"post_tag","embeddable":true,"href":"https:\/\/redsemlac.com\/semmexico\/wp-json\/wp\/v2\/tags?post=30559"}],"curies":[{"name":"wp","href":"https:\/\/api.w.org\/{rel}","templated":true}]}}