{"id":30556,"date":"2021-01-11T20:44:49","date_gmt":"2021-01-11T20:44:49","guid":{"rendered":"https:\/\/redsemlac.com\/semmexico\/?p=30556"},"modified":"2023-07-21T16:45:28","modified_gmt":"2023-07-21T21:45:28","slug":"cuba-bolsas-ecologicas-la-apuesta-de-amaya","status":"publish","type":"post","link":"https:\/\/redsemlac.com\/semmexico\/cuba-bolsas-ecologicas-la-apuesta-de-amaya\/","title":{"rendered":"Cuba: Bolsas ecol\u00f3gicas, la apuesta de Amaya"},"content":{"rendered":"\n<ul class=\"wp-block-list\"><li><strong> jBAG proyecto local responsable con el medio ambiente<\/strong><\/li><\/ul>\n\n\n\n<ul class=\"wp-block-list\"><li><strong>Mochilas, carteras de paseo, bolsas de playa o de regalo, con valor est\u00e9tico y artesanal<\/strong><\/li><\/ul>\n\n\n\n<p class=\"wp-block-paragraph\"><strong>Redacci\u00f3n<\/strong><\/p>\n\n\n\n<p class=\"wp-block-paragraph\">SemM\u00e9xico\/SEMlac, La Habana, 11 de enero, 2021.- Amaya Torres Casa\u00f1as no podr\u00eda explicar si fue su atracci\u00f3n por la naturaleza &#8211;que la marc\u00f3 desde ni\u00f1a&#8211; o su pasi\u00f3n por el dise\u00f1o lo que la impuls\u00f3, en medio de la pandemia, a emprender un nuevo camino.<\/p>\n\n\n\n<p class=\"wp-block-paragraph\"><br>Quiz\u00e1 fueron las dos opciones, que se fundieron en una sola idea cuando vio las im\u00e1genes de la vida salvaje regresando a las ciudades desiertas, debido al confinamiento que impuso la Covid-19.<\/p>\n\n\n\n<p class=\"wp-block-paragraph\"><br>Naci\u00f3 entonces&nbsp;<a href=\"https:\/\/www.facebook.com\/lajirafaecologicacubana\" target=\"_blank\" rel=\"noreferrer noopener\">jBAG<\/a>, un proyecto local responsable con el medio ambiente y enfocado en la confecci\u00f3n de bolsas hechas a mano, a partir de textiles crudos recuperados o nuevos, pero que tambi\u00e9n ofrece una segunda vida al papel, mediante el reciclado.<\/p>\n\n\n\n<p class=\"wp-block-paragraph\"><br>Est\u00e1n pensadas para diversos fines: sea para llevarlas como mochilas, carteras de paseo, bolsas de playa o de regalo. Su denominador com\u00fan es su valor est\u00e9tico y artesanal.<\/p>\n\n\n\n<p class=\"wp-block-paragraph\"><br>En cada una de ellas va, adem\u00e1s, el deseo de Torres Casa\u00f1as de contribuir a preservar la casa com\u00fan de todos los seres humanos.<\/p>\n\n\n\n<p class=\"wp-block-paragraph\"><br>Quiz\u00e1 por ello en el perfil de Facebook del proyecto hay mensajes como \u00abno existe un planeta B\u00bb, que remite a la necesidad de ser parte activa y ayudar al cambio de consumo y la protecci\u00f3n ambiental, a veces con una acci\u00f3n tan sencilla como sustituir las bolsas de pl\u00e1stico o de distintos materiales sint\u00e9ticos por otros.<br>\u00abjBAG es parte de un proyecto m\u00e1s grande, \u00abLa jirafa ecol\u00f3gica cubana\u00bb, creado para desarrollar el potencial de materiales locales alternativos, biodegradables, recuperados o reciclados\u00bb, explica a&nbsp;<a href=\"http:\/\/www.redsemlac-cuba.net\/quienes_somos.html\" target=\"_blank\" rel=\"noreferrer noopener\">SEMlac&nbsp;<\/a>su creadora, dise\u00f1adora de profesi\u00f3n.<\/p>\n\n\n\n<p class=\"wp-block-paragraph\"><br>Desde esta l\u00ednea ecol\u00f3gica, la idea es desarrollar productos locales textiles o hechos con materiales naturales y alternativos, que van desde las bolsas que ya fabrica, hasta vestuario en general, como chaquetas hechas con <em>jean <\/em>reutilizados.<\/p>\n\n\n\n<p class=\"wp-block-paragraph\"><br>Incluso ha pensado en mascarillas personalizadas, porque eso \u00abes algo que se ha vuelto parte de la nueva sociedad y, poco a poco, debemos integrarlas a nuestra personalidad\u00bb.<\/p>\n\n\n\n<p class=\"wp-block-paragraph\"><br>Amaya tambi\u00e9n pretende rescatar tradiciones artesanales desarrolladas por mujeres en otras partes del mundo y adaptarlas al contexto cubano, pues si de algo est\u00e1n llenas sus piezas es de cuban\u00eda.<\/p>\n\n\n\n<p class=\"wp-block-paragraph\"><br>De ese esp\u00edritu rebosan sus dise\u00f1os en lienzo crudo, combinados con soga de henequ\u00e9n o cord\u00f3n de algod\u00f3n blanco, en los que alterna pinturas decorativas tambi\u00e9n hechas a mano, como girasoles, y otros motivos naturales.<\/p>\n\n\n\n<p class=\"wp-block-paragraph\"><br>Es una manera de hacer especial el producto, pero igualmente Torres Casa\u00f1as espera que ayude a despertar la fibra sensible de quien las vea.<\/p>\n\n\n\n<p class=\"wp-block-paragraph\"><br>As\u00ed se suma a otras mujeres que, al escoger la ruta del emprendimiento, encuentran en la protecci\u00f3n del entorno un espacio donde hacer confluir sus inquietudes sociales y profesionales, con sus necesidades materiales.<\/p>\n\n\n\n<p class=\"wp-block-paragraph\"><br>Enfrentarse a trabas, obst\u00e1culos y estereotipos tal pareciera estar lejos de la realidad citadina de Amaya Torres Casa\u00f1as, pero no es as\u00ed. \u00abEn ning\u00fan lugar emprender es algo f\u00e1cil\u00bb, precisa, al referirse a la coyuntura en la cual surgi\u00f3 jBAG.<\/p>\n\n\n\n<p class=\"wp-block-paragraph\"><br>\u00abInicialmente debes hacer un esfuerzo mayor en el trabajo, pues tienes que integrar a tu vida todas las nuevas tareas que conlleva sacar algo adelante, sin desplazar al resto de las responsabilidades habituales\u00bb, dijo.<\/p>\n\n\n\n<p class=\"wp-block-paragraph\"><br>En su caso, represent\u00f3 robarle tiempo al sue\u00f1o para poder equilibrar todo, mientras el proyecto iba ganando espacio, hasta convertirse en el centro de su actividad laboral.<\/p>\n\n\n\n<p class=\"wp-block-paragraph\"><br>Sin embargo, reconoce que la atenci\u00f3n a su familia e hijos peque\u00f1os complejiz\u00f3 el proceso. \u00abQuien quiere puede\u00bb, apunta. \u00abNo hay imposibles para quien sue\u00f1a y se dispone a conseguir un objetivo, pero tambi\u00e9n tiene un costo\u00bb, asegura.<\/p>\n\n\n\n<p class=\"wp-block-paragraph\"><br>Aunque ha encontrado no pocos obst\u00e1culos, tambi\u00e9n ha recibido mucho apoyo de su familia y una buena acogida entre mujeres emprendedoras con propuestas muy diferentes.<\/p>\n\n\n\n<p class=\"wp-block-paragraph\"><br>Para Amaya Torres Casa\u00f1as, Cuba vive un momento de cambio que genera mucha incertidumbre y crea angustias, a partir de las dificultades para acceder a los insumos necesarios para sus producciones.<\/p>\n\n\n\n<p class=\"wp-block-paragraph\"><br>No obstante, a nivel social, su proyecto ha recibido una buena acogida del p\u00fablico, \u00e1vido de un producto diferente, refiere.<\/p>\n\n\n\n<p class=\"wp-block-paragraph\"><br>Seguir creando soluciones \u00fanicas, con las que aspira a disminuir el empleo de bolsas de pl\u00e1stico u otros materiales sint\u00e9ticos, es uno de los deseos de la joven. \u00abSoy dise\u00f1adora industrial, por lo que las jBAG son, adem\u00e1s de mi pasi\u00f3n, el reflejo de mi manera de ver el mundo, donde la forma toma el control y existe en funci\u00f3n del uso\u00bb, asegura.<\/p>\n\n\n\n<p class=\"wp-block-paragraph\">SEM-SEMlac<\/p>\n","protected":false},"excerpt":{"rendered":"<p>Mochilas, carteras de paseo, bolsas de playa o de regalo, con valor est\u00e9tico y artesanal<\/p>\n","protected":false},"author":3,"featured_media":30557,"comment_status":"open","ping_status":"open","sticky":false,"template":"","format":"standard","meta":{"_monsterinsights_skip_tracking":false,"footnotes":""},"categories":[692,53],"tags":[],"class_list":["post-30556","post","type-post","status-publish","format-standard","has-post-thumbnail","category-692","category-internacional"],"_links":{"self":[{"href":"https:\/\/redsemlac.com\/semmexico\/wp-json\/wp\/v2\/posts\/30556","targetHints":{"allow":["GET"]}}],"collection":[{"href":"https:\/\/redsemlac.com\/semmexico\/wp-json\/wp\/v2\/posts"}],"about":[{"href":"https:\/\/redsemlac.com\/semmexico\/wp-json\/wp\/v2\/types\/post"}],"author":[{"embeddable":true,"href":"https:\/\/redsemlac.com\/semmexico\/wp-json\/wp\/v2\/users\/3"}],"replies":[{"embeddable":true,"href":"https:\/\/redsemlac.com\/semmexico\/wp-json\/wp\/v2\/comments?post=30556"}],"version-history":[{"count":0,"href":"https:\/\/redsemlac.com\/semmexico\/wp-json\/wp\/v2\/posts\/30556\/revisions"}],"wp:featuredmedia":[{"embeddable":true,"href":"https:\/\/redsemlac.com\/semmexico\/wp-json\/wp\/v2\/media\/30557"}],"wp:attachment":[{"href":"https:\/\/redsemlac.com\/semmexico\/wp-json\/wp\/v2\/media?parent=30556"}],"wp:term":[{"taxonomy":"category","embeddable":true,"href":"https:\/\/redsemlac.com\/semmexico\/wp-json\/wp\/v2\/categories?post=30556"},{"taxonomy":"post_tag","embeddable":true,"href":"https:\/\/redsemlac.com\/semmexico\/wp-json\/wp\/v2\/tags?post=30556"}],"curies":[{"name":"wp","href":"https:\/\/api.w.org\/{rel}","templated":true}]}}