{"id":30553,"date":"2021-01-11T20:37:24","date_gmt":"2021-01-11T20:37:24","guid":{"rendered":"https:\/\/redsemlac.com\/semmexico\/?p=30553"},"modified":"2023-07-21T16:45:28","modified_gmt":"2023-07-21T21:45:28","slug":"ong-feministas-exigen-reinstalacion-de-funcionaria-en-jalisco","status":"publish","type":"post","link":"https:\/\/redsemlac.com\/semmexico\/ong-feministas-exigen-reinstalacion-de-funcionaria-en-jalisco\/","title":{"rendered":"ONG feministas exigen reinstalaci\u00f3n de funcionaria en Jalisco"},"content":{"rendered":"\n<ul class=\"wp-block-list\"><li><strong>Piden que Mariela Mart\u00ednez Lomel\u00ed siga al frente de Delitos de Violencia contra las Mujeres en Raz\u00f3n de G\u00e9nero y Trata de Personas<\/strong><\/li><\/ul>\n\n\n\n<ul class=\"wp-block-list\"><li><strong>Consideran organismos que cumple con el perfil que requiere el cargo<\/strong><\/li><\/ul>\n\n\n\n<p class=\"wp-block-paragraph\"><strong>Redacci\u00f3n<\/strong><\/p>\n\n\n\n<p class=\"wp-block-paragraph\">SemM\u00e9xico, Guadalajara, Jal., 11 de enero, 2021.- Las organizaciones peticionarias de la Alerta de Violencia de G\u00e9nero y redes de mujeres que en las \u00faltimas d\u00e9cadas han trabajado en la exigencia de pol\u00edticas p\u00fablicas en favor de los derechos de las ni\u00f1as y mujeres en esta entidad, pidieron al gobernador Enrique Alfaro Ram\u00edrez la reinstalaci\u00f3n de Mariela Mart\u00ednez Lomel\u00ed, como Directora General en Delitos de Violencia contra las Mujeres en Raz\u00f3n de G\u00e9nero y Trata de Personas.<\/p>\n\n\n\n<p class=\"wp-block-paragraph\">En una carta p\u00fablica, firmada por m\u00e1s de diez organizaciones no gubernamentales y redes de mujeres, se\u00f1alan que en los \u00faltimos cinco a\u00f1os Jalisco ha estado en los primeros lugares a nivel nacional de violencia feminicida, destacando las elevadas cifras de feminicidios y desapariciones de ni\u00f1as y mujeres, lo que deriv\u00f3 en la declaratoria de Alerta de Violencia de G\u00e9nero contra las Mujeres (AVGM) en noviembre de 2018.<\/p>\n\n\n\n<p class=\"wp-block-paragraph\">Refieren que en el contexto de la emergencia sanitaria se agudiz\u00f3 la violencia contra las mujeres. En 2020 ocurrieron en esta entidad 266 asesinatos violentos contra mujeres y ni\u00f1as.<\/p>\n\n\n\n<p class=\"wp-block-paragraph\">Las organizaciones de la sociedad civil, dice la carta p\u00fablica, impulsaron la creaci\u00f3n de instituciones y mecanismos que coadyuven a eliminar esa violencia, como es la creaci\u00f3n de la Direcci\u00f3n General en delitos de violencia contra las mujeres en raz\u00f3n de g\u00e9nero y trata de personas.<\/p>\n\n\n\n<p class=\"wp-block-paragraph\">Indican que Mariela Mart\u00ednez Lomel\u00ed, quien estuvo al frente de esa dependencia, \u201cre\u00fane el perfil y compromiso para la atenci\u00f3n de la problem\u00e1tica de la violencia contra las mujeres, ha demostrado sensibilidad ante la problem\u00e1tica y se ha destacado por su acercamiento con las v\u00edctimas, organizaciones locales, nacionales e internacionales\u201d.<\/p>\n\n\n\n<p class=\"wp-block-paragraph\">Aunado a ello, la ahora ex funcionaria fortaleci\u00f3 la instituci\u00f3n y a su personal para que cuenten con las capacidades y herramientas necesarias para investigar con perspectiva de g\u00e9nero, derechos humanos, respetando los derechos de las v\u00edctimas.<\/p>\n\n\n\n<p class=\"wp-block-paragraph\">Entre otros datos, refieren que Mart\u00ednez Lomel\u00ed labor\u00f3 previamente por 18 a\u00f1os en la Fiscal\u00eda y m\u00e1s tarde en la Direcci\u00f3n General en Delitos de Violencia contra las Mujeres en Raz\u00f3n de G\u00e9nero y Trata de Personas, por lo que exigieron su reinstalaci\u00f3n, adem\u00e1s de atender la creaci\u00f3n de la Fiscal\u00eda especializada en Delitos de violencia contra las mujeres en raz\u00f3n de g\u00e9nero y trata de personas.<\/p>\n\n\n\n<p class=\"wp-block-paragraph\">La carta p\u00fablica ha sido firmada por Cat\u00f3licas por el Derechos a Decidir AC, Comit\u00e9 de Am\u00e9rica Latina y El Caribe para la Defensa de los Derechos de las Mujeres (CLADEM), Red por los Derechos Sexuales y Reproductivos en M\u00e9xico Capitulo Jalisco (Ddsser), Justicia, Derechos Humanos y G\u00e9nero A.C, Observatorio Ciudadano Nacional de Feminicidio (OCNF).<\/p>\n\n\n\n<p class=\"wp-block-paragraph\">As\u00ed como Calle sin Acoso, Cuepaliztli, AC. (Centro para la Prevenci\u00f3n y Atenci\u00f3n de la Violencia de G\u00e9nero y Abuso Sexual), DEFIENDE-T (Servicios Especializados Psico Jur\u00eddicos y Psico Forenses con Perspectiva de G\u00e9nero, Derechos Humanos e Inter\u00e9s Superior de la Infancia), C.A.R.M. Servicios Periciales en Psicolog\u00eda Feminista, Colectivo Mujeres Puerto Vallarta, Tejidos Feministas, Justicia Derechos Humanos y G\u00e9nero AC y G 10 X Jalisco.<\/p>\n\n\n\n<p class=\"wp-block-paragraph\">SEM\/sj<\/p>\n","protected":false},"excerpt":{"rendered":"<p>Piden que Mariela Mart\u00ednez Lomel\u00ed siga al frente de Delitos de Violencia contra las Mujeres en Raz\u00f3n de G\u00e9nero y Trata de Personas<\/p>\n","protected":false},"author":3,"featured_media":30554,"comment_status":"open","ping_status":"open","sticky":false,"template":"","format":"standard","meta":{"_monsterinsights_skip_tracking":false,"footnotes":""},"categories":[692,54],"tags":[],"class_list":["post-30553","post","type-post","status-publish","format-standard","has-post-thumbnail","category-692","category-mujeres"],"_links":{"self":[{"href":"https:\/\/redsemlac.com\/semmexico\/wp-json\/wp\/v2\/posts\/30553","targetHints":{"allow":["GET"]}}],"collection":[{"href":"https:\/\/redsemlac.com\/semmexico\/wp-json\/wp\/v2\/posts"}],"about":[{"href":"https:\/\/redsemlac.com\/semmexico\/wp-json\/wp\/v2\/types\/post"}],"author":[{"embeddable":true,"href":"https:\/\/redsemlac.com\/semmexico\/wp-json\/wp\/v2\/users\/3"}],"replies":[{"embeddable":true,"href":"https:\/\/redsemlac.com\/semmexico\/wp-json\/wp\/v2\/comments?post=30553"}],"version-history":[{"count":0,"href":"https:\/\/redsemlac.com\/semmexico\/wp-json\/wp\/v2\/posts\/30553\/revisions"}],"wp:featuredmedia":[{"embeddable":true,"href":"https:\/\/redsemlac.com\/semmexico\/wp-json\/wp\/v2\/media\/30554"}],"wp:attachment":[{"href":"https:\/\/redsemlac.com\/semmexico\/wp-json\/wp\/v2\/media?parent=30553"}],"wp:term":[{"taxonomy":"category","embeddable":true,"href":"https:\/\/redsemlac.com\/semmexico\/wp-json\/wp\/v2\/categories?post=30553"},{"taxonomy":"post_tag","embeddable":true,"href":"https:\/\/redsemlac.com\/semmexico\/wp-json\/wp\/v2\/tags?post=30553"}],"curies":[{"name":"wp","href":"https:\/\/api.w.org\/{rel}","templated":true}]}}