{"id":30548,"date":"2021-01-11T18:41:01","date_gmt":"2021-01-11T18:41:01","guid":{"rendered":"https:\/\/redsemlac.com\/semmexico\/?p=30548"},"modified":"2023-07-21T16:45:28","modified_gmt":"2023-07-21T21:45:28","slug":"oaxaca-tres-feminicidios-el-fin-de-semana-edomex-exigen-justiciaparamonica","status":"publish","type":"post","link":"https:\/\/redsemlac.com\/semmexico\/oaxaca-tres-feminicidios-el-fin-de-semana-edomex-exigen-justiciaparamonica\/","title":{"rendered":"Oaxaca: tres feminicidios el fin de semana; Edomex: exigen #JusticiaParaM\u00f3nica"},"content":{"rendered":"\n<ul class=\"wp-block-list\"><li><strong>En distintos puntos de la entidad, armas de fuego predominan en los ataques<\/strong><\/li><li><strong>De forma virtual piden justicia para M\u00f3nica Laguna, su cuerpo fue hallado en el R\u00edo Lerma<\/strong><\/li><\/ul>\n\n\n\n<p class=\"wp-block-paragraph\"><strong>Patricia Brise\u00f1o-Elda Montiel<\/strong><br>SemM\u00e9xico, Cd. de M\u00e9xico, 11 de enero, 2021.- Este fin de semana tres mujeres fueron asesinadas de forma violenta en distintos puntos de Oaxaca, cifra que eleva a cuatro muertes violentas de mujeres cometidas en el incipiente 2021, en esa entidad. Mientras que en el Estado de M\u00e9xico exigen justicia por el feminicidio de M\u00f3nica Laguna Urbina, cuyo cuerpo fue encontrado en diciembre pasado.<\/p>\n\n\n\n<p class=\"wp-block-paragraph\">Elementos de Seguridad P\u00fablica de Oaxaca atendieron este domingo la denuncia an\u00f3nima del hallazgo de los cuerpos sin vida de dos personas, incluida una mujer, abandonados sobre la carretera La Granja-Temazcal, en jurisdicci\u00f3n de San Miguel Soyaltepec, ubicada en l\u00edmites de Oaxaca y Veracruz.<\/p>\n\n\n\n<p class=\"wp-block-paragraph\">Seg\u00fan versiones, las v\u00edctimas fueron torturadas y ejecutadas, adem\u00e1s de que los presuntos atacantes cubrieron los cuerpos con cartulinas.<\/p>\n\n\n\n<p class=\"wp-block-paragraph\">Por otro parte, autoridades ministeriales en Santa Cruz Huatulco, en la regi\u00f3n Costa, levantaron el cuerpo de Irma, de 50 a\u00f1os de edad, asesinada la noche del s\u00e1bado; elementos de Polic\u00eda Municipal arrestaron a Antonio, de 46 a\u00f1os, como probable responsable de la muerte de su conyugue.<\/p>\n\n\n\n<p class=\"wp-block-paragraph\">Tambi\u00e9n el s\u00e1bado pasado, el cuerpo de una mujer fue localizado a un costado del r\u00edo Salado, en el municipio conurbado de San Antonio de la Cal, al sur de la ciudad de Oaxaca.<\/p>\n\n\n\n<p class=\"wp-block-paragraph\">La v\u00edctima de unos 30 a\u00f1os presentaba varios disparos por arma de fuego, seg\u00fan versiones de la misma corporaci\u00f3n. Luego de recibir el reporte an\u00f3nimo, registrado antes de las 09:00 horas, elementos de la Polic\u00eda Estatal acudieron a la escena del delito, para aislar y proteger el \u00e1rea.<\/p>\n\n\n\n<p class=\"wp-block-paragraph\">Al respecto, la Defensor\u00eda de los Derechos Humanos del Pueblo de Oaxaca (DDHPO) consider\u00f3 fundamental disminuir los niveles de violencia contra las mujeres que se viven en la entidad, particularmente en su vertiente feminicida.<br>El organismo aut\u00f3nomo se propone evaluar los resultados de las diversas autoridades en el cumplimiento de las acciones mandatadas por la Alerta de Violencia de G\u00e9nero declarada en Oaxaca, ya que es una tarea que se manifiesta inconclusa.<\/p>\n\n\n\n<p class=\"wp-block-paragraph\">El 5 de enero rescatistas recuperaron el cuerpo sin vida de una mujer de 54 a\u00f1os de edad, en el fondo de un barranco de San Pablo Villa de Mitla. La v\u00edctima desapareci\u00f3 el 17 de diciembre del a\u00f1o pasado, de la comunidad ind\u00edgena zapoteca de San Miguel Albarradas, distrito de Tlacolula de Matamoros.<\/p>\n\n\n\n<p class=\"wp-block-paragraph\"><strong>Justicia para M\u00f3nica<\/strong><\/p>\n\n\n\n<p class=\"wp-block-paragraph\">Por otra parte, de forma virtual exige al gobernador del Estado de M\u00e9xico, Alfredo del Mazo Maza; a la fiscal\u00eda de esa entidad y a la Comisi\u00f3n Nacional de Derechos Humanos su intervenci\u00f3n para que se investigue y se haga justicia en el feminicidio de M\u00f3nica Laguna Urbina, cuyo cuerpo fue hallado en el R\u00edo Lerma el pasado 26 de diciembre, en solo unas horas han recabado m\u00e1s de 13 mil firmas.<\/p>\n\n\n\n<p class=\"wp-block-paragraph\">Debido a que en la entidad, las autoridades s\u00f3lo reconocen 132 feminicidios de los 366 casos registrados en el 2020, la petici\u00f3n se subi\u00f3 a la plataforma de denuncia Change.org por parte del colectivo \u201cJusticia para M\u00f3nica\u201d, integrado por familiares, compa\u00f1eras y compa\u00f1eros de trabajo y miembros de la comunidad.<\/p>\n\n\n\n<p class=\"wp-block-paragraph\">M\u00f3nica Laguna Urbina de 22 a\u00f1os dej\u00f3 dos ni\u00f1as y fue reportada como desaparecida la noche del 24 de diciembre por sus familiares, fue localizada sin vida el 26 de diciembre en el R\u00edo Lerma a la altura del municipio de Ixtlahuaca, en el Estado de M\u00e9xico.<\/p>\n\n\n\n<p class=\"wp-block-paragraph\">Era maestra voluntaria en el municipio de Jocotitl\u00e1n, donde viv\u00eda en la comunidad de la Providencia. El Consejo Nacional de Fomento Educativo conden\u00f3 el asesinado y pidi\u00f3 aclarar los hechos a la Fiscal\u00eda General del Estado de M\u00e9xico.<\/p>\n\n\n\n<p class=\"wp-block-paragraph\">SEM\/pb-em\/sj<\/p>\n","protected":false},"excerpt":{"rendered":"<p>En distintos puntos de la entidad, armas de fuego predominan en los ataques<\/p>\n","protected":false},"author":3,"featured_media":26071,"comment_status":"open","ping_status":"open","sticky":false,"template":"","format":"standard","meta":{"_monsterinsights_skip_tracking":false,"footnotes":""},"categories":[692,47,48],"tags":[],"class_list":["post-30548","post","type-post","status-publish","format-standard","has-post-thumbnail","category-692","category-no-mas-impunidad","category-no-mas-impunidad-no-mas-impunidad"],"_links":{"self":[{"href":"https:\/\/redsemlac.com\/semmexico\/wp-json\/wp\/v2\/posts\/30548","targetHints":{"allow":["GET"]}}],"collection":[{"href":"https:\/\/redsemlac.com\/semmexico\/wp-json\/wp\/v2\/posts"}],"about":[{"href":"https:\/\/redsemlac.com\/semmexico\/wp-json\/wp\/v2\/types\/post"}],"author":[{"embeddable":true,"href":"https:\/\/redsemlac.com\/semmexico\/wp-json\/wp\/v2\/users\/3"}],"replies":[{"embeddable":true,"href":"https:\/\/redsemlac.com\/semmexico\/wp-json\/wp\/v2\/comments?post=30548"}],"version-history":[{"count":0,"href":"https:\/\/redsemlac.com\/semmexico\/wp-json\/wp\/v2\/posts\/30548\/revisions"}],"wp:featuredmedia":[{"embeddable":true,"href":"https:\/\/redsemlac.com\/semmexico\/wp-json\/wp\/v2\/media\/26071"}],"wp:attachment":[{"href":"https:\/\/redsemlac.com\/semmexico\/wp-json\/wp\/v2\/media?parent=30548"}],"wp:term":[{"taxonomy":"category","embeddable":true,"href":"https:\/\/redsemlac.com\/semmexico\/wp-json\/wp\/v2\/categories?post=30548"},{"taxonomy":"post_tag","embeddable":true,"href":"https:\/\/redsemlac.com\/semmexico\/wp-json\/wp\/v2\/tags?post=30548"}],"curies":[{"name":"wp","href":"https:\/\/api.w.org\/{rel}","templated":true}]}}