{"id":30545,"date":"2021-01-11T18:37:03","date_gmt":"2021-01-11T18:37:03","guid":{"rendered":"https:\/\/redsemlac.com\/semmexico\/?p=30545"},"modified":"2023-07-21T16:45:28","modified_gmt":"2023-07-21T21:45:28","slug":"presentan-denuncia-publica-contra-ex-catedratico-de-la-uagro","status":"publish","type":"post","link":"https:\/\/redsemlac.com\/semmexico\/presentan-denuncia-publica-contra-ex-catedratico-de-la-uagro\/","title":{"rendered":"Presentan denuncia p\u00fablica contra ex catedr\u00e1tico de la UAGro"},"content":{"rendered":"\n<ul class=\"wp-block-list\"><li><strong>Es la segunda vez que el maestro es denunciado, la primera fue por la v\u00eda legal<\/strong><\/li><li><strong>Organizaci\u00f3n revela que en el 2020, pese a la pandemia, se presentaron 16 casos de hostigamiento sexual escolar<\/strong><\/li><\/ul>\n\n\n\n<p class=\"wp-block-paragraph\">Josefina Aguilar Pastor<br>SemM\u00e9xico, Chilpancingo, Gro., 11 de enero, 2021.- Alumna de la Escuela de Enfermer\u00eda de la Universidad Aut\u00f3noma de Guerrero (UAGro) denunci\u00f3 de manera p\u00fablica al ex catedr\u00e1tico de la Facultad de Filosof\u00eda y Letras, C\u00e9sar C. M., por abuso y hostigamiento sexual.<\/p>\n\n\n\n<p class=\"wp-block-paragraph\">La v\u00edctima de 17 a\u00f1os de edad dio a conocer que se anim\u00f3 a denunciar su caso, luego de conocer la historia de Aneliz V. F., quien en 2018 denunci\u00f3 la violencia ejercida por el mismo ex catedr\u00e1tico C\u00e9sar C. M.<\/p>\n\n\n\n<p class=\"wp-block-paragraph\">En su narraci\u00f3n explic\u00f3 que C\u00e9sar C. M. fue su maestro en 2016, cuando ella era estudiante de Secundaria en el Colegio Sim\u00f3n Bol\u00edvar. Dijo que el maestro no se despegada de su lugar lo que dio lugar a burlas de sus compa\u00f1eros y compa\u00f1eras.<\/p>\n\n\n\n<p class=\"wp-block-paragraph\">Debido a sus bajas calificaciones, recibi\u00f3 el ofrecimiento de su maestro para ayudarla sin embargo fue entonces cuando comenz\u00f3 el acoso, con el tiempo se hizo su amigo. Ella se fue a vivir a Ometepec donde concluy\u00f3 su secundaria. Volvi\u00f3 a Chilpancingo para estudiar Enfermer\u00eda.<\/p>\n\n\n\n<p class=\"wp-block-paragraph\">Aqu\u00ed volvi\u00f3 a ser contactada por su ex maestro, con quien inici\u00f3 una relaci\u00f3n de amistad. A sus relatos sobre su relaci\u00f3n con su novio, el maestro le hac\u00eda preguntas de tipo sexual. Al terminar con su novio empez\u00f3 a salir con C\u00e9sar C.M. y fue entonces cuando se enter\u00f3 de la denuncia interpuesta por otra estudiante de la Facultad de Filosof\u00eda y Letras, Aneliz V.F., a quien busc\u00f3.<\/p>\n\n\n\n<p class=\"wp-block-paragraph\">Su denuncia la ha hecho p\u00fablica ante la imposibilidad de que sea por la v\u00eda legal, al considerar que C\u00e9sar C. M. no era su profesor al momento en que sucedieron los hechos, y porque el citado ex profesor fue expulsado de la UAGro tras la denuncia presentada en su contra, actualmente tiene 40 a\u00f1os y es estudiante de Ciencias de la Educaci\u00f3n.<\/p>\n\n\n\n<p class=\"wp-block-paragraph\"><strong>Se recrudece la violencia en espacios educativos<\/strong><\/p>\n\n\n\n<p class=\"wp-block-paragraph\">El 16 de diciembre, integrantes del Observatorio \u201cMarmaid\u201d, presentaron el informe anual de casos documentados en la entidad por violencia contra las mujeres y ni\u00f1as en espacios educativos, realizado del 6 de enero al 7 de diciembre del 2020.<\/p>\n\n\n\n<p class=\"wp-block-paragraph\">El informe, concentra los datos recabados de 16 instituciones educativas tanto p\u00fablicas como privadas, en las que las alumnas, manifestaron casos de acoso y hostigamiento sexual, de los cuales, solo tres presentaron denuncias ante las instancias correspondientes.<\/p>\n\n\n\n<p class=\"wp-block-paragraph\">Las denuncias van desde el nivel preescolar hasta licenciatura, pero es en el medio superior, en el que se concentran el mayor n\u00famero de denuncias, destacan que la mayor\u00eda de casos documentados, ocurrieron en el primer trimestre el a\u00f1o, cuando las clases eran formales y presenciales.<\/p>\n\n\n\n<p class=\"wp-block-paragraph\">Las edades de las mujeres encuestadas a trav\u00e9s de un formulario difundido por medio de redes sociales, van de los 19 a los 28 a\u00f1os; se ubican en la regi\u00f3n de la Monta\u00f1a, Costa Grande y Chilpancingo, y un caso reportado de la ciudad de Morelia.<\/p>\n\n\n\n<p class=\"wp-block-paragraph\">El 50 por ciento de las mujeres que respondieron el cuestionario son estudiantes activas y el 30 por ciento egresadas. El 90 por ciento enfrent\u00f3 las agresiones dentro de los planteles y el 10 por ciento restante fuera de ellos.<\/p>\n\n\n\n<p class=\"wp-block-paragraph\">De acuerdo a los datos recabados, las situaciones de acoso u hostigamiento empezaron a presentarse en el nivel b\u00e1sico principalmente en la secundaria hasta llegar al nivel de posgrado, \u201cestos resultados nos dan una muestra de c\u00f3mo los actos de acoso y agresiones est\u00e1n presentes y son invisibles para ciertos ojos del sistema estructural educativo\u201d, se\u00f1alaron las activistas.<\/p>\n\n\n\n<p class=\"wp-block-paragraph\">Al dar seguimiento a las denuncias encontraron que en la UAGro, a pesar de contar con Protocolo de Actuaci\u00f3n para la Prevenci\u00f3n, Atenci\u00f3n y Sanci\u00f3n de Acoso y Hostigamiento de G\u00e9nero, este contiene lagunas jur\u00eddicas y no ha sido presentado a las alumnas para la atenci\u00f3n debida de los casos antes mencionados.<\/p>\n\n\n\n<p class=\"wp-block-paragraph\">De las denuncias presentadas ante la Defensor\u00eda de Derechos Humanos Universitarios de la UAGro por asuntos de violencia de g\u00e9nero, en ninguna han sido resuelta, no existe una sentencia ni sanci\u00f3n para los agresores; el \u00f3rgano defensor dio a conocer que derivado de la situaci\u00f3n que se vive actualmente, no existen condiciones para efectuar las diligencias y notificaciones correspondientes a las denuncias presentadas.<\/p>\n\n\n\n<p class=\"wp-block-paragraph\">Esto luego de que a partir del 23 de marzo a la fecha se ha decretado la suspensi\u00f3n de actividades presenciales en los procedimientos de investigaci\u00f3n de las quejas con el prop\u00f3sito de prevenir la propagaci\u00f3n y contagio del COVID 19.<\/p>\n\n\n\n<p class=\"wp-block-paragraph\">En consecuencia, las quejas se encuentran pendientes de investigaci\u00f3n, en tanto existan condiciones para hacerlo, lo que genera un estado de vulnerabilidad para las v\u00edctimas y violenta sus derechos humanos y universitarios a un debido proceso, se\u00f1alaron.<\/p>\n\n\n\n<p class=\"wp-block-paragraph\">SEM\/jap\/sj<\/p>\n","protected":false},"excerpt":{"rendered":"<p>Es la segunda vez que el maestro es denunciado, la primera fue por la v\u00eda legal<\/p>\n","protected":false},"author":3,"featured_media":30546,"comment_status":"open","ping_status":"open","sticky":false,"template":"","format":"standard","meta":{"_monsterinsights_skip_tracking":false,"footnotes":""},"categories":[692,47,48],"tags":[],"class_list":["post-30545","post","type-post","status-publish","format-standard","has-post-thumbnail","category-692","category-no-mas-impunidad","category-no-mas-impunidad-no-mas-impunidad"],"_links":{"self":[{"href":"https:\/\/redsemlac.com\/semmexico\/wp-json\/wp\/v2\/posts\/30545","targetHints":{"allow":["GET"]}}],"collection":[{"href":"https:\/\/redsemlac.com\/semmexico\/wp-json\/wp\/v2\/posts"}],"about":[{"href":"https:\/\/redsemlac.com\/semmexico\/wp-json\/wp\/v2\/types\/post"}],"author":[{"embeddable":true,"href":"https:\/\/redsemlac.com\/semmexico\/wp-json\/wp\/v2\/users\/3"}],"replies":[{"embeddable":true,"href":"https:\/\/redsemlac.com\/semmexico\/wp-json\/wp\/v2\/comments?post=30545"}],"version-history":[{"count":0,"href":"https:\/\/redsemlac.com\/semmexico\/wp-json\/wp\/v2\/posts\/30545\/revisions"}],"wp:featuredmedia":[{"embeddable":true,"href":"https:\/\/redsemlac.com\/semmexico\/wp-json\/wp\/v2\/media\/30546"}],"wp:attachment":[{"href":"https:\/\/redsemlac.com\/semmexico\/wp-json\/wp\/v2\/media?parent=30545"}],"wp:term":[{"taxonomy":"category","embeddable":true,"href":"https:\/\/redsemlac.com\/semmexico\/wp-json\/wp\/v2\/categories?post=30545"},{"taxonomy":"post_tag","embeddable":true,"href":"https:\/\/redsemlac.com\/semmexico\/wp-json\/wp\/v2\/tags?post=30545"}],"curies":[{"name":"wp","href":"https:\/\/api.w.org\/{rel}","templated":true}]}}