{"id":30543,"date":"2021-01-11T16:13:41","date_gmt":"2021-01-11T16:13:41","guid":{"rendered":"https:\/\/redsemlac.com\/semmexico\/?p=30543"},"modified":"2023-07-21T16:45:28","modified_gmt":"2023-07-21T21:45:28","slug":"mas-mexicanos-y-mexicanas-debieran-saber-del-comunista-marcos-leonel","status":"publish","type":"post","link":"https:\/\/redsemlac.com\/semmexico\/mas-mexicanos-y-mexicanas-debieran-saber-del-comunista-marcos-leonel\/","title":{"rendered":"M\u00e1s mexicanos y mexicanas  debieran saber del comunista Marcos Leonel"},"content":{"rendered":"\n<h2 class=\"wp-block-heading\"><strong><u>Miradas de reportero<\/u><\/strong><\/h2>\n\n\n\n<p class=\"wp-block-paragraph\"><strong>Por Rogelio Hern\u00e1ndez L\u00f3pez<\/strong><\/p>\n\n\n\n<p class=\"wp-block-paragraph\">SemM\u00e9xico, Cd. de M\u00e9xico, 11 de enero, 2021.- Desde el mediod\u00eda del lunes 28 de diciembre el chat de <em>Ex militantes del Partido Comunista Mexicano<\/em> comenz\u00f3 a rebullir por el nerviosismo colectivo\u2026<\/p>\n\n\n\n<p class=\"wp-block-paragraph\"><em>&#8212; \u00bfAlguno de ustedes sabe c\u00f3mo sigue Marcos Leonel Posadas?<\/em> \u2014inquiri\u00f3 Rodolfo Echeverr\u00eda Mart\u00ednez, el Chicali:<\/p>\n\n\n\n<p class=\"wp-block-paragraph\"><em>&#8212; Buscar\u00e9 informaci\u00f3n<\/em>\u2014reaccion\u00f3 Francisco Rosas, el administrador del chat.<\/p>\n\n\n\n<p class=\"wp-block-paragraph\">Se quer\u00eda saber la condici\u00f3n de uno de los principales continuadores de esta corriente de pensamiento en M\u00e9xico porque no aparec\u00eda noticia en alg\u00fan medio de prensa. Era inexplicable el desinter\u00e9s del periodismo no obstante su importante personalidad entre la izquierda pol\u00edtica mexicana.<\/p>\n\n\n\n<p class=\"wp-block-paragraph\"><em>&#8212; Est\u00e1 hospitalizado con neumon\u00eda en el hospital Ajusco Medio. Hoy no hemos recibido noticias, hasta ayer<\/em> (domingo 27) <em>su estado era grave<\/em>\u2014inform\u00f3 la exguerrillera Mar\u00eda de la Luz Aguilar Terres.<\/p>\n\n\n\n<p class=\"wp-block-paragraph\"><em>&#8212; Contin\u00faa mal<\/em>\u2014confirm\u00f3 Alejandro Encinas Rodr\u00edguez, el subsecretario de Derechos Humanos de la Secretar\u00eda de Gobernaci\u00f3n.<\/p>\n\n\n\n<p class=\"wp-block-paragraph\"><em>&#8212; La situaci\u00f3n de Posadas es muy grave, efectivamente tiene neumon\u00eda y para colmo se le fractur\u00f3 la tr\u00e1quea lo que dificulta que le llegue el ox\u00edgeno. Est\u00e1 muy mal\u2014<\/em>ratific\u00f3Martha Recasens, viuda de Arnoldo Mart\u00ednez Verdugo\u2026<\/p>\n\n\n\n<p class=\"wp-block-paragraph\">La preocupaci\u00f3n se incrementaba junto a mensajes deseosos para que se recuperara Posadas.<\/p>\n\n\n\n<p class=\"wp-block-paragraph\">Brotaron tambi\u00e9n decenas de chispazos de memoria sobre la personalidad y acciones de quien ya acumulaba 64 a\u00f1os de comunista. Posadas ingres\u00f3 en 1956 al destacamento juvenil de su partido, casi simult\u00e1neamente a que se convirtiera en obrero electricista en Petr\u00f3leos Mexicanos.<\/p>\n\n\n\n<p class=\"wp-block-paragraph\">A las 0:16 horas del jueves 31 de diciembre cundi\u00f3 all\u00ed la noticia temida. Daniel Carlos Garc\u00eda, coeditor la revista <em>Tribuna Comunista<\/em> y Luciano Concheiro, Subsecretario de Educaci\u00f3n Superior fueron de los primeros en confirmar que Marcos Leonel Posadas hab\u00eda fallecido horas antes.<\/p>\n\n\n\n<p class=\"wp-block-paragraph\"><strong>Dejadez en el periodismo<\/strong><\/p>\n\n\n\n<p class=\"wp-block-paragraph\">El extendido duelo entre las decenas de participantes de ese chat tampoco interes\u00f3 a ning\u00fan medio de prensa el 31 de diciembre ni el primer d\u00eda de 2021. &nbsp;<\/p>\n\n\n\n<p class=\"wp-block-paragraph\">Hasta el 2 de enero los lectores de <em>La Jornada<\/em> se enteraron del fallecimiento por una esquela que pagaron comunistas. Ese mismo d\u00eda hizo p\u00fablicas sus condolencias la Secretaria de Gobernaci\u00f3n, Olga S\u00e1nchez Cordero y Teresa Gil G\u00e1lvez, periodista de izquierda, dedic\u00f3 una parte de su columna a Marcos Leonel en la agencia <em>Quadrat\u00edn. <\/em>D\u00edas despu\u00e9s hizo una menci\u00f3n en su columna el periodista Humberto Musacchio.<\/p>\n\n\n\n<p class=\"wp-block-paragraph\">Tere Gil reproch\u00f3 en su texto el desinter\u00e9s de la prensa<em>: \u201cla muerte de un dirigente que hizo de la lucha comunista toda su vida quiz\u00e1 no tendr\u00e1 la repercusi\u00f3n de la muerte de un m\u00fasico popular, ni su foto se repetir\u00e1 por centenares en los medios.\u201d<\/em><\/p>\n\n\n\n<p class=\"wp-block-paragraph\">Y tuvo raz\u00f3n. El 31 de diciembre, los medios de prensa impresos o digitales mexicanos destacaron al menos 17 fallecimientos del d\u00eda anterior que les parecieron trascendentales, entre otros del pol\u00edtico brit\u00e1nico Ronald Atkins, del pianista de jazz estadounidense Frank Kimbrough, de la actriz mexicana Martha Navarro y hasta de Joel Higuera Acosta, integrante del grupo Los Tucanes de Tijuana\u2026<\/p>\n\n\n\n<p class=\"wp-block-paragraph\">Y de Marcos Leonel Posadas, nada.<\/p>\n\n\n\n<p class=\"wp-block-paragraph\"><strong>Esa trayectoria<\/strong><\/p>\n\n\n\n<p class=\"wp-block-paragraph\">Desde horas antes de su fallecimiento decenas de recuerdos, en el chat de los comunistas, formaron un c\u00famulo de escenas &#8211;de \u00e9l y con \u00e9l&#8211; que perfilaron esa dimensi\u00f3n singular que ignora la prensa pol\u00edtica.<\/p>\n\n\n\n<p class=\"wp-block-paragraph\">La compilaci\u00f3n m\u00e1s completa la hizo en un d\u00eda Arturo Mart\u00ednez Nateras, ex secretario de organizaci\u00f3n del PCM y la comparti\u00f3 con este reportero.<\/p>\n\n\n\n<p class=\"wp-block-paragraph\">Marcos Leonel Posadas naci\u00f3 en Tampico hace 82 a\u00f1os y 3 meses (el 7 de octubre de 1938) y muy pronto se decidi\u00f3 por la militancia pol\u00edtica desde la izquierda comunista. Nunca cambi\u00f3 de filiaci\u00f3n.<\/p>\n\n\n\n<p class=\"wp-block-paragraph\">De ni\u00f1o a adolescente Posadas fue vendedor ambulante; a los 18 a\u00f1os ingres\u00f3 a la Juventud Comunista de M\u00e9xico (JCM); de los 19 a los 25 fue obrero electricista en PEMEX; de los 26 a los 31 fue secretario general de la JCM. Desde los 29 a\u00f1os (1967) fue parte del Comit\u00e9 Central de su partido hasta 1981 cuando se acord\u00f3 disolverlo para unificarlo con otras izquierdas y dar paso a Partido Socialista Unificado de M\u00e9xico (PSUM), luego al Partido Mexicano Socialista (PMS) y el PRD, En todos cumpli\u00f3 responsabilidades directivas, pero en el PRD se mantuvo pocos meses.<\/p>\n\n\n\n<p class=\"wp-block-paragraph\">Sus responsabilidades, de acuerdo con la compilaci\u00f3n de Mart\u00ednez Nateras, aparte de dirigente de la JCM, fueron las relaciones internacionales del PCM y del PSUM, editor de la <em>Revista Internacional<\/em> de los comunistas del mundo, director del semanario <em>Oposici\u00f3n <\/em>(\u00f3rgano oficial del PCM) cuando circulaba en los puestos de peri\u00f3dicos y de mano en mano entre miles de militantes. Fue autor de ensayos sobre educaci\u00f3n, democracia en M\u00e9xico, problemas internacionales y muchos para formaci\u00f3n de militantes.<\/p>\n\n\n\n<p class=\"wp-block-paragraph\">Despu\u00e9s de abandonar los partidos electorales se incorpor\u00f3 al equipo de Arturo Mart\u00ednez Nateras primero como director editorial de una edici\u00f3n ilustrada del <em>Ingenioso Hidalgo don Quijote de la Mancha (<\/em>premiada internacionalmente) y luego como director de contenidos de cinco tomos de la enciclopedia de <em>La Izquierda Mexicana del Siglo XX. <\/em>Adem\u00e1s, colabor\u00f3 para el libro: <em>El 68. Conspiraci\u00f3n comunista.<\/em><\/p>\n\n\n\n<p class=\"wp-block-paragraph\">Paralelamente, desde 1989 cuando ya contaba 51 a\u00f1os impuls\u00f3 varias iniciativas de reagrupamiento de socialistas y comunistas tales como la Corriente del Socialismo Revolucionario, la Corriente del Socialismo Democr\u00e1tico, Dignidad Ciudadana, Coordinadora Socialista. Desde enero de 2011 fue el principal promotor del Movimiento Comunista Mexicano donde fue Director de su revista-libro semanal <em>Tribuna Comunista<\/em>. Desde all\u00ed promovi\u00f3 la unidad con otras expresiones marxistas. Y todo este tiempo se neg\u00f3 a la formaci\u00f3n de un partido electoral \u201c<em>porque eso corrompi\u00f3 la pol\u00edtica\u201d<\/em>, dijo varias veces.<\/p>\n\n\n\n<p class=\"wp-block-paragraph\"><strong>Promesa incumplida<\/strong><\/p>\n\n\n\n<p class=\"wp-block-paragraph\">Al saber de la muerte de Marcos Leonel este viejo reportero especializado en las izquierdas resinti\u00f3, en autom\u00e1tico, un impacto por incumplimiento de una promesa hecha en 2013.<\/p>\n\n\n\n<p class=\"wp-block-paragraph\">A fines de ese a\u00f1o le busqu\u00e9 para una entrevista period\u00edstica formal con los temas del fallecimiento reciente de Arnoldo Mart\u00ednez Verdugo y el inminente registro del partido Morena que confirmaba la gran segregaci\u00f3n del movimiento de izquierda socialista y comunista.<\/p>\n\n\n\n<p class=\"wp-block-paragraph\">Para entonces Marcos Leonel ya no militaba en partidos formales, ten\u00eda unos tres a\u00f1os coordinando la revista <em>Tribuna Comunista<\/em> y era de los m\u00e1s activos en proponer la reunificaci\u00f3n de las izquierdas.<\/p>\n\n\n\n<p class=\"wp-block-paragraph\">En una cafeter\u00eda de insurgentes sur, en Tlalpan conversamos de esos temas. En alg\u00fan momento fui invasivo de lo personal con una broma:<\/p>\n\n\n\n<p class=\"wp-block-paragraph\">&#8212; \u00bfSupiste c\u00f3mo alguien te caracteriz\u00f3 en <em>Oposici\u00f3n<\/em>?<\/p>\n\n\n\n<p class=\"wp-block-paragraph\">&#8212; \u00bfC\u00f3mo? mano \u2013pregunt\u00f3.<\/p>\n\n\n\n<p class=\"wp-block-paragraph\">&#8212; Como ab\u00falico y desp\u00f3tico, por autoritario y frio\u2014le dije.<\/p>\n\n\n\n<p class=\"wp-block-paragraph\">Y reaccion\u00f3 con una tremenda carcajada con ese tono profundamente cavernoso de siempre. Varios comensales se alertaron con lo impactante de su voz.<\/p>\n\n\n\n<p class=\"wp-block-paragraph\">&nbsp;Luego se solt\u00f3 a hablar de su formaci\u00f3n, de algunos intereses personales m\u00e1s all\u00e1 de la pol\u00edtica\u2026<\/p>\n\n\n\n<p class=\"wp-block-paragraph\">En realidad, con la guasa yo quer\u00eda aprovechar para resta\u00f1ar tensiones personales que hab\u00edamos tenido por all\u00e1 de 1978 cuando \u00e9l era mi jefe como director del semanario del PCM, <em>Oposici\u00f3n. <\/em>All\u00ed empec\u00e9como reportero profesional con salario.<\/p>\n\n\n\n<p class=\"wp-block-paragraph\">La charla prosigui\u00f3 con m\u00e1s amenidad. Mostr\u00f3 singularidades que explicaban su personalidad, m\u00e1s bien introvertida, formal, circunspecta esencialmente. Nada desp\u00f3tica. Le propuse una segunda entrevista para completar su perfil personal, m\u00e1s que pol\u00edtico. Se resist\u00eda. Al final, convenimos encontrarnos pronto.<\/p>\n\n\n\n<p class=\"wp-block-paragraph\">Pero\u2026<\/p>\n\n\n\n<p class=\"wp-block-paragraph\"><strong>Alteridad de comunista<\/strong><\/p>\n\n\n\n<p class=\"wp-block-paragraph\">De la compilaci\u00f3n de Mart\u00ednez Nateras y otras historias narradas estos d\u00edas de enero de 2021 este reportero puede completar un poco m\u00e1s el perfil de un pol\u00edtico mexicano que conjunt\u00f3 las tres caracter\u00edsticas fundamentales de integridad: sensible a lo social, organizador natural y con capacidad de elaboraci\u00f3n prospectiva.<\/p>\n\n\n\n<p class=\"wp-block-paragraph\">Adem\u00e1s, Posadas agreg\u00f3 la decisi\u00f3n personal de ser un militante ind\u00f3mito y permanente, aportar sin aspavientos, moderado y sin ostentaciones hasta en el vestir, no buscar fama ni poder personal, formador de militante atentos a los problemas de la gente, editor empe\u00f1oso, elaborador te\u00f3rico, pero sobre todo considerado con los otros, a veces dando la espalda a s\u00ed mismo. Muri\u00f3 sin riquezas materiales. Lo que m\u00e1s atesor\u00f3 fueron sus miles de libros. Un pol\u00edtico mexicano de los que quedan pocos.<\/p>\n\n\n\n<p class=\"wp-block-paragraph\">A eso puede llamarse alteridad comunista. Principios de vida del Ser pol\u00edtico: ocuparse permanentemente por el bienestar de los cercanos y los dem\u00e1s, pero con disposici\u00f3n a modificar la propia perspectiva con otras visiones y opiniones.<\/p>\n\n\n\n<p class=\"wp-block-paragraph\">Gabriel Garc\u00eda M\u00e1rquez, escribi\u00f3 que \u201cun hombre p\u00fablico puede tener dos muertes, la privada y la p\u00fablica\u201d. As\u00ed se entiende porque sus camaradas cercanos reflejen ternura y duelo por su muerte y tambi\u00e9n decidan mantener vivos sus aportes: alimentar los recuerdos, editar sus escritos, seguir sus ejemplos; no dejarlo morir p\u00fablicamente.<\/p>\n\n\n\n<p class=\"wp-block-paragraph\">M\u00e1s mexicanos debieran saber del comunista Marcos Leonel.<\/p>\n\n\n\n<p class=\"wp-block-paragraph\"><\/p>\n","protected":false},"excerpt":{"rendered":"<p>M\u00e1s mexicanos debieran saber del comunista Marcos Leonel.<\/p>\n","protected":false},"author":3,"featured_media":8473,"comment_status":"open","ping_status":"open","sticky":false,"template":"","format":"standard","meta":{"_monsterinsights_skip_tracking":false,"footnotes":""},"categories":[692,106,35,85],"tags":[],"class_list":["post-30543","post","type-post","status-publish","format-standard","has-post-thumbnail","category-692","category-mirada-de-reportero","category-opinion","category-rogelio-hernandez-lopez"],"_links":{"self":[{"href":"https:\/\/redsemlac.com\/semmexico\/wp-json\/wp\/v2\/posts\/30543","targetHints":{"allow":["GET"]}}],"collection":[{"href":"https:\/\/redsemlac.com\/semmexico\/wp-json\/wp\/v2\/posts"}],"about":[{"href":"https:\/\/redsemlac.com\/semmexico\/wp-json\/wp\/v2\/types\/post"}],"author":[{"embeddable":true,"href":"https:\/\/redsemlac.com\/semmexico\/wp-json\/wp\/v2\/users\/3"}],"replies":[{"embeddable":true,"href":"https:\/\/redsemlac.com\/semmexico\/wp-json\/wp\/v2\/comments?post=30543"}],"version-history":[{"count":0,"href":"https:\/\/redsemlac.com\/semmexico\/wp-json\/wp\/v2\/posts\/30543\/revisions"}],"wp:featuredmedia":[{"embeddable":true,"href":"https:\/\/redsemlac.com\/semmexico\/wp-json\/wp\/v2\/media\/8473"}],"wp:attachment":[{"href":"https:\/\/redsemlac.com\/semmexico\/wp-json\/wp\/v2\/media?parent=30543"}],"wp:term":[{"taxonomy":"category","embeddable":true,"href":"https:\/\/redsemlac.com\/semmexico\/wp-json\/wp\/v2\/categories?post=30543"},{"taxonomy":"post_tag","embeddable":true,"href":"https:\/\/redsemlac.com\/semmexico\/wp-json\/wp\/v2\/tags?post=30543"}],"curies":[{"name":"wp","href":"https:\/\/api.w.org\/{rel}","templated":true}]}}