{"id":30539,"date":"2021-01-11T16:05:48","date_gmt":"2021-01-11T16:05:48","guid":{"rendered":"https:\/\/redsemlac.com\/semmexico\/?p=30539"},"modified":"2023-07-21T16:45:28","modified_gmt":"2023-07-21T21:45:28","slug":"anecdotas-del-mas-longevo-y-polemico-expresidente","status":"publish","type":"post","link":"https:\/\/redsemlac.com\/semmexico\/anecdotas-del-mas-longevo-y-polemico-expresidente\/","title":{"rendered":"An\u00e9cdotas del M\u00e1s Longevo y Pol\u00e9mico Expresidente"},"content":{"rendered":"\n<h2 class=\"wp-block-heading\"><strong>R \u00c1 F A G A<\/strong><\/h2>\n\n\n\n<p class=\"wp-block-paragraph\"><strong>Jorge Herrera Valenzuela<\/strong><\/p>\n\n\n\n<p class=\"wp-block-paragraph\"><strong>M\u00c9XICO NOS NECESITA UNION DE TODAS Y TODOS,&nbsp; &#8211; ES PRIOTARIO<\/strong><\/p>\n\n\n\n<p class=\"wp-block-paragraph\">SemM\u00e9xico, Cd. de M\u00e9xico, 11 de enero 2021.- Por \u201cindisciplinado\u201d no fue diputado federal. Por \u201cdisciplinado\u201d lleg\u00f3 a Presidente de M\u00e9xico.<\/p>\n\n\n\n<p class=\"wp-block-paragraph\">Comentar\u00e9 en torno al \u00faltimo candidato presidencial con larga trayectoria en el Partido Revolucionario Institucional. Pol\u00e9mico. Satanizado por el suceso del 2 de octubre. Se\u00f1alado como responsable del \u201chalconazo\u201d, ocurrido el 10 de junio de 1971, era Jueves de Corpus. Lo procesaron penalmente, se le sentenci\u00f3, cumpli\u00f3 con arresto domiciliario y fue absuelto, exonerado.<\/p>\n\n\n\n<p class=\"wp-block-paragraph\">El pr\u00f3ximo domingo 17, el D\u00eda de San Antonio Abad, fecha en que los cat\u00f3licos llevan a sus animalitos-mascotas a bendecir en el Templo de San Fernando, Ciudad de M\u00e9xico, en ese d\u00eda cumplir\u00e1 99 a\u00f1os de edad el abogado defe\u00f1o, pol\u00edtico desde su juventud y diplom\u00e1tico de 1972 a 1979: <strong>Luis Echeverr\u00eda \u00c1lvarez<\/strong>, quien durante 54 a\u00f1os fue esposo de la <a>jalisciense<\/a><a href=\"#_msocom_1\">[JHyV1]<\/a>&nbsp; do\u00f1a <strong>Mar\u00eda Esther Zuno Arce<\/strong>. Padres de Luis Vicente (+), Mar\u00eda del Carmen, \u00c1lvaro (+), Mar\u00eda Esther, Rodolfo (+), Pablo, Benito y Adolfo.<\/p>\n\n\n\n<p class=\"wp-block-paragraph\"><strong>QUIZO \u201cVOLAR\u201d S\u00d3LO<\/strong><\/p>\n\n\n\n<p class=\"wp-block-paragraph\">El joven Echeverr\u00eda, estudiante de la Escuela Nacional de Jurisprudencia, donde se titul\u00f3 en 1945, inici\u00f3 su vida pol\u00edtica como secretario particular del general poblano <strong>Rodolfo S\u00e1nchez Taboada<\/strong>, segundo presidente nacional del PRI en los a\u00f1os cuarenta. Pues, a <strong>Luisito<\/strong> se le ocurri\u00f3 ir a las oficinas del primer Distrito Electoral en el Distrito Federal y revelar su intenci\u00f3n de ser candidato a diputado federal.<\/p>\n\n\n\n<p class=\"wp-block-paragraph\">Al ser enterado el divisionario, de la petici\u00f3n de su secretario particular, dio un golpe sobre el escritorio y grit\u00f3 que Echeverr\u00eda no le hab\u00eda informado nada. Dos determinaciones tom\u00f3 el militar poblano, no autoriz\u00f3 el registro del aspirante a legislador y se qued\u00f3 sin secretario particular. La notica cimbr\u00f3 en las oficinas priistas y uno de los primeros en saber la suerte de Luis, fue <strong>Pancho Galindo Ochoa.<\/strong><\/p>\n\n\n\n<p class=\"wp-block-paragraph\">El profesor y licenciado <strong>Miguel Osorio Marb\u00e1n<\/strong>, narr\u00f3 en uno de los tomos de la Historia del PRI, que&nbsp; don Pancho, pol\u00edtico con experiencia, aprovech\u00f3 su cercan\u00eda con S\u00e1nchez Taboada para interceder por el impetuoso joven Echeverr\u00eda, quien estaba arrepentido y el general le dijo que aprendiera la lecci\u00f3n y regresara a su puesto de secretario particular. Nuestro personaje, hoy casi centenario, nunca tuvo un cargo de elecci\u00f3n popular, antes de Presidente de la Rep\u00fablica.<\/p>\n\n\n\n<p class=\"wp-block-paragraph\"><strong>DE MADRUGADA RECOG\u00cdA LOS DIARIOS<\/strong><\/p>\n\n\n\n<p class=\"wp-block-paragraph\">Durante su estancia, por a\u00f1os en el Revolucionario Institucional, Luis Echeverr\u00eda tuvo diversos encargos administrativos y pol\u00edticos. Uno de ellos fue el de tener a hora temprana una s\u00edntesis period\u00edstica para su jefe. Me contaba Ernesto Monta\u00f1ez, empleado del diario La Prensa, que \u201ca las cuatro o cinco de la ma\u00f1ana, llegaba el licenciado Echeverr\u00eda, a quien tute\u00e1bamos, a recoger ejemplares del diario y a veces se echaba un cafecito con nosotros\u201d. Luego segu\u00eda su recorrido por El Universal, Exc\u00e9lsior, Novedades.<\/p>\n\n\n\n<p class=\"wp-block-paragraph\">Fue responsable del \u00e1rea administrativa y en la campa\u00f1a del candidato presidencial <strong>Adolfo L\u00f3pez Mateos<\/strong>, ascendi\u00f3 a oficial mayor; el general bajacaliforniano Agust\u00edn Olachea Avil\u00e9s presid\u00eda el PRI. Echeverr\u00eda recibi\u00f3 la encomienda de pronunciar el discurso cuando el exsecretario del Trabajo, en el gabinete de don Adolfo Ruiz Cortines, rindi\u00f3 protesta como candidato presidencial. Para esos d\u00edas, el licenciado Echeverr\u00eda ya hab\u00eda sido oficial mayor en la SEP, donde tom\u00f3 posesi\u00f3n un d\u00eda de julio de 1954, cuando se desarrollaba una manifestaci\u00f3n de j\u00f3venes que demandaban, en el patio central de la SEP, que no fuera cerrado el Instituto Nacional de la Juventud Mexicana. Lo recuerdo, porque, trepado en el toldo de un coche, pronunci\u00e9 el discurso, solicitando audiencia con el licenciado Jos\u00e9 \u00c1ngel Ceniceros, titular de la dependencia. El INJM sigui\u00f3 funcionando, bajo la direcci\u00f3n de Antonio Mena Brito, tras el regreso de don Mariano Ram\u00edrez V\u00e1zquez a su sitial de ministro de la Suprema Corte de Justicia de la Naci\u00f3n.<\/p>\n\n\n\n<p class=\"wp-block-paragraph\"><strong>SEIS SOBREVIVIENTES DE SU GABINETE<\/strong><\/p>\n\n\n\n<p class=\"wp-block-paragraph\">Durante el sexenio 1970-1976 el presidente Echeverr\u00eda integr\u00f3 a un nutrido grupo de mexicanos, todos con trayectoria pol\u00edtica, acad\u00e9micos, t\u00e9cnicos de primer nivel, especialistas en finanzas reconocidos internacionalmente, diplom\u00e1ticos de primera l\u00ednea. El michoacano Alfonso Garc\u00eda Robles, secretario de Relaciones Exteriores, recibi\u00f3 el <strong>Premio Nobel de la Paz<\/strong>, en 1982, por su autor\u00eda en los <strong>Tratados de Tlatelolco<\/strong>. Emilio Oscar Rabasa, Mario Ram\u00f3n Beteta, t\u00e9cnicos como Leandro Rovirosa Wade y Eugenio M\u00e9ndez Docurro, tambi\u00e9n fueron del gabinete echeverrista.<\/p>\n\n\n\n<p class=\"wp-block-paragraph\">Los j\u00f3venes tuvieron una oportunidad de oro, pues los incluy\u00f3 en &nbsp;&nbsp;&nbsp;&nbsp;&nbsp;&nbsp;&nbsp;&nbsp;&nbsp;&nbsp;&nbsp;&nbsp;tareas de primer orden dentro del gabinete presidencial, como fue el caso de Francisco Javier Alejo L\u00f3pez, Ignacio Ovalle Fern\u00e1ndez, Fausto Zapata Loredo y Mauro Jim\u00e9nez Lazcano. Fausto falleci\u00f3 hace 6 a\u00f1os. Fuimos compa\u00f1eros en la redacci\u00f3n de La Prensa, igual que mi estimado amigo Mauro, con quien compart\u00ed cr\u00e9ditos en el Populibro La Prensa titulado \u201cBob Kennedy y Los Asesinos Sin Cara\u201d, cuyo tiraje, en 1968, fue un \u00e9xito editorial y comercial.<\/p>\n\n\n\n<p class=\"wp-block-paragraph\">Entre los supervivientes de ese gabinete, integrado por m\u00e1s de 320 personajes, siguen en el activo dos figuras muy conocidas. Los dos con carrera pol\u00edtica, acad\u00e9mica, legislativa y diplom\u00e1tica. El aguascalentense <strong>Augusto G\u00f3mez Villanueva<\/strong> y <strong>Porfirio Alejandro Mu\u00f1oz Ledo y Laso de la Vega<\/strong>. Augusto es el Decano de los Pol\u00edticos y actualmente es el responsable del proceso electoral por parte del PRI. Porfirio acaba de ser presidente de la C\u00e1mara de Diputados y busca la reelecci\u00f3n como diputado federal. &nbsp;<\/p>\n\n\n\n<p class=\"wp-block-paragraph\">Augusto, como l\u00edder de la CNC, lanz\u00f3 la candidatura de Echeverr\u00eda, en la Glorieta de Huipulco, Tlalpan, donde estaba una estatua ecuestre de Emiliano Zapata. Despu\u00e9s G\u00f3mez Villanueva fue el \u00faltimo jefe del Departamento de Asuntos y Colonizaci\u00f3n y el primer secretario de la Reforma Agraria. Porfirio figur\u00f3 como titular de la Secretar\u00eda del Trabajo y Previsi\u00f3n Social. En 1975 Mu\u00f1oz Ledo, presidente nacional del PRI y G\u00f3mez Villanueva, secretario general del mismo partido. Ambos coordinaron la campa\u00f1a presidencial de Jos\u00e9 L\u00f3pez Portillo.<\/p>\n\n\n\n<p class=\"wp-block-paragraph\">Los otros supervivientes son: Nacho Ovalle, -Integrante del actual gobierno- Francisco Javier Alejo L\u00f3pez, Oscar Brauer Herrera y Mauro Jim\u00e9nez Lazcano. Por el gabinete desfilaron 34 personajes, 28 ya cerraron su historia.<\/p>\n\n\n\n<p class=\"wp-block-paragraph\"><strong>DIPLOM\u00c1TICO A LA FUERZA<\/strong><\/p>\n\n\n\n<p class=\"wp-block-paragraph\">El licenciado Echeverr\u00eda&nbsp; fue el primero de los expresidentes que rompi\u00f3 la ley del silencio para quienes dejaban el poder. Cierto es que sus antecesores fueron llamados por L\u00f3pez Mateos para desempe\u00f1ar comisiones muy concretas. Si el expresidente Manuel \u00c1vila Camacho fue llamado \u201cEl presidente de la Unidad\u201d al convocar a sus antecesores en Palacio Nacional, \u201cEl Toluco\u201d (todav\u00eda no se pon\u00eda en uso el gentilicio de mexiquense) se rode\u00f3 de quienes hab\u00edan conducido las riendas del pa\u00eds.<\/p>\n\n\n\n<p class=\"wp-block-paragraph\">En la sucesi\u00f3n de 1976 el hombre fuerte para llegar a Palacio Nacional era el secretario de Gobernaci\u00f3n, <strong>Mario Moya Palencia. <\/strong>Sin embargo \u201cel dedito elector\u201d se\u00f1al\u00f3 hacia el despacho de <strong>Jos\u00e9 L\u00f3pez Portillo<\/strong>, titular de la Secretar\u00eda de Hacienda y Cr\u00e9dito P\u00fablico. Cuentan que la compa\u00f1era Mar\u00eda Esther abog\u00f3 \u201cpor Pepe, amigo desde la juventud\u201d. En alguna ocasi\u00f3n don Adolfo Ruiz Cortines nos dijo, a los reporteros, que \u201cnunca el que cobra los impuestos es simp\u00e1tico a la gente y no ser\u00eda presidente\u201d.<\/p>\n\n\n\n<p class=\"wp-block-paragraph\">El caso es que el presidente L\u00f3pez Portillo y Pacheco en un momento dado determin\u00f3 alejar del pa\u00eds a su entra\u00f1able amigo, convirti\u00e9ndolo en diplom\u00e1tico. Extra\u00f1\u00f3 ese nombramiento que romp\u00eda las buenas relaciones entre Luis y \u201cPepe\u201d. Mu\u00f1oz Ledo le entreg\u00f3 la oficina de embajador en la UNESCO, donde Echeverr\u00eda estuvo seis a\u00f1os y uno m\u00e1s en la embajada de Australia y Nueva Zelanda. Se recuerda aquel desplegado period\u00edstico de JLP con la frase \u201cT\u00fa Tambi\u00e9n Luis\u201d.<\/p>\n\n\n\n<p class=\"wp-block-paragraph\"><strong>EL EXPRESIDENTE DE MAYOR EDAD<\/strong><\/p>\n\n\n\n<p class=\"wp-block-paragraph\">En mi archivo encontr\u00e9 que el expresidente <strong>Pedro Lascur\u00e1in Paredes<\/strong> (bautizado como <strong>Pedro<\/strong> Jos\u00e9 Domingo de la Calzada Manuel Mar\u00eda <strong>Lascur\u00e1in Paredes<\/strong>) muri\u00f3 a los 94 a\u00f1os, el 21 de julio de 1954 y dur\u00f3 41 a\u00f1os como expresidente. Lascur\u00e1in es el que solamente permaneci\u00f3, en la silla presidencial, escasos 45 minutos y entreg\u00f3 el poder al usurpador Victoriano Huerta.<\/p>\n\n\n\n<p class=\"wp-block-paragraph\">El tamaulipeco <strong>Emilio C\u00e1ndido Portes Gil <\/strong>fue presidente interino a ra\u00edz del asesinato del general \u00c1lvaro Obreg\u00f3n. Ten\u00eda 37 a\u00f1os de edad al asumir la presidencia y despach\u00f3 en Palacio Nacional del 1 de diciembre de 1928 al 5 de febrero de 1930. Como expresidente registr\u00f3 48 a\u00f1os; muri\u00f3 en octubre de 1978, a los 88 a\u00f1os. Luego fue electo el general <strong>Pascual Jos\u00e9 Rodrigo Ortiz Rubio<\/strong>, quien renunci\u00f3 y el sexenio lo concluy\u00f3 otro militar, <strong>Abelardo Rodr\u00edguez Luj\u00e1n<\/strong>, \u00faltimo presidente interino y despu\u00e9s, hemos tenido 15 gobiernos sexenales, consecutivos.<\/p>\n\n\n\n<p class=\"wp-block-paragraph\">Llego al final de mi comentario, el segundo del 2021.<\/p>\n\n\n\n<p class=\"wp-block-paragraph\"><strong>Luis Echeverr\u00eda \u00c1lvarez<\/strong>, es uno de los 13 presidentes nacidos en la Capital del Pa\u00eds. Est\u00e1 cumpliendo 44 a\u00f1os de expresidente o sea es el segundo en la lista, Lascur\u00e1in el tercero y Portes Gil el primero. Echeverr\u00eda pertenece al grupo de 22 abogados que han gobernado M\u00e9xico y es uno de los cinco egresados de la UNAM, los otros fueron Miguel Alem\u00e1n Vald\u00e9s, Adolfo L\u00f3pez Mateos, Miguel de la Madrid Hurtado y Carlos Salinas de Gortari.<\/p>\n\n\n\n<p class=\"wp-block-paragraph\"><strong>P.D.<\/strong> Con mucha alegr\u00eda retorno a mi mesa de trabajo. Reitero que la exhortaci\u00f3n a que los mexicanos estemos <strong>TO2 UNIDOS<\/strong> es del \u201cT\u00edo To\u00f1o\u201d que vive en el Sur de Monterrey\u2026El 1 de enero tiene historias, adem\u00e1s de ser el comienzo de un a\u00f1o. En 1959 Cuba recibi\u00f3 a los guerrilleros que bajaban de Sierra Maestra comandados por <strong>Fidel Castro Ruz, <\/strong>acompa\u00f1ado de su hermano <strong>Ra\u00fal, \u201cEl Che\u201d Guevara y Camilo Cienfuegos<\/strong>. Desde entonces domina la dictadura castrista, luego de derrotar al dictador <strong>Fulgencio Batista<\/strong>\u2026Primer d\u00eda de 1994 y se anuncia que la guerrilla denominada Ej\u00e9rcito Zapatista de Liberaci\u00f3n Nacional, a las \u00f3rdenes del \u201c<strong>subcomandante Marcos<\/strong>\u201d, se levantaba en armas en cinco municipios de Chiapas, contra el Gobierno Federal. \u201cLa guerra\u201d termin\u00f3 el 10 del mismo enero. Anunciaron que en este 2021, elementos del EZLN har\u00e1n giras por Europa.- Dej\u00f3 el negocio de ser \u201crebeldes\u201d, aunque los verdaderos zapatistas no andaban encapuchados\u2026El pasado mi\u00e9rcoles 6 del presente record\u00e9 que en 1915 en el Puerto de Veracruz el presidente <strong>Venustiano Carranza<\/strong> promulg\u00f3 la Ley Agraria. Antes era motivo de una ceremonia promovida por la Presidencia de la Rep\u00fablica, tal vez por la pandemia no hubo acto oficial\u2026.Hoy, m\u00e1s que nunca antes, estamos en deuda con gremio de profesionistas que realizan una labor valiosa, riesgosa y humanitaria, poco reconocida: el de las enfermeras y los enfermeros, cuyo <strong>D\u00eda de la Enfermera y el Enfermero<\/strong> fue el pasado mi\u00e9rcoles. La fecha la instituy\u00f3, en 1931,&nbsp; el doctor <strong>Jos\u00e9 Castro Villagrana<\/strong>, entonces director general del Hospital Ju\u00e1rez de M\u00e9xico y la respald\u00f3 el presidente <strong>Emilio C. Portes Gil. <\/strong>Un cari\u00f1oso saludo para la enfermera jalisciense <strong>Reyna Mata Novoa<\/strong>, ejemplo de servicio profesional y humanitario a sus pacientes; la Familia Herrera Valenzuela le est\u00e1 reconocida. &nbsp;&nbsp;&nbsp;&nbsp;<\/p>\n\n\n\n<p class=\"wp-block-paragraph\"><strong>jherrerav@live.com.mx<\/strong> \u00a0\u00a0\u00a0<\/p>\n","protected":false},"excerpt":{"rendered":"<p>Por \u201cindisciplinado\u201d no fue diputado federal. Por \u201cdisciplinado\u201d lleg\u00f3 a Presidente de M\u00e9xico.<\/p>\n","protected":false},"author":3,"featured_media":7843,"comment_status":"open","ping_status":"open","sticky":false,"template":"","format":"standard","meta":{"_monsterinsights_skip_tracking":false,"footnotes":""},"categories":[692,94,35,107],"tags":[],"class_list":["post-30539","post","type-post","status-publish","format-standard","has-post-thumbnail","category-692","category-jorge-herrera-valenzuela","category-opinion","category-rafaga"],"_links":{"self":[{"href":"https:\/\/redsemlac.com\/semmexico\/wp-json\/wp\/v2\/posts\/30539","targetHints":{"allow":["GET"]}}],"collection":[{"href":"https:\/\/redsemlac.com\/semmexico\/wp-json\/wp\/v2\/posts"}],"about":[{"href":"https:\/\/redsemlac.com\/semmexico\/wp-json\/wp\/v2\/types\/post"}],"author":[{"embeddable":true,"href":"https:\/\/redsemlac.com\/semmexico\/wp-json\/wp\/v2\/users\/3"}],"replies":[{"embeddable":true,"href":"https:\/\/redsemlac.com\/semmexico\/wp-json\/wp\/v2\/comments?post=30539"}],"version-history":[{"count":0,"href":"https:\/\/redsemlac.com\/semmexico\/wp-json\/wp\/v2\/posts\/30539\/revisions"}],"wp:featuredmedia":[{"embeddable":true,"href":"https:\/\/redsemlac.com\/semmexico\/wp-json\/wp\/v2\/media\/7843"}],"wp:attachment":[{"href":"https:\/\/redsemlac.com\/semmexico\/wp-json\/wp\/v2\/media?parent=30539"}],"wp:term":[{"taxonomy":"category","embeddable":true,"href":"https:\/\/redsemlac.com\/semmexico\/wp-json\/wp\/v2\/categories?post=30539"},{"taxonomy":"post_tag","embeddable":true,"href":"https:\/\/redsemlac.com\/semmexico\/wp-json\/wp\/v2\/tags?post=30539"}],"curies":[{"name":"wp","href":"https:\/\/api.w.org\/{rel}","templated":true}]}}