{"id":30516,"date":"2021-01-08T19:54:33","date_gmt":"2021-01-08T19:54:33","guid":{"rendered":"https:\/\/redsemlac.com\/semmexico\/?p=30516"},"modified":"2023-07-21T16:45:29","modified_gmt":"2023-07-21T21:45:29","slug":"el-cine-permite-dimensionar-como-se-reproduce-la-idea-de-ser-mujer-en-relatos-y-expresiones-infinitas","status":"publish","type":"post","link":"https:\/\/redsemlac.com\/semmexico\/el-cine-permite-dimensionar-como-se-reproduce-la-idea-de-ser-mujer-en-relatos-y-expresiones-infinitas\/","title":{"rendered":"El cine permite dimensionar c\u00f3mo se reproduce la idea de ser mujer en relatos y expresiones infinitas"},"content":{"rendered":"\n<p class=\"wp-block-paragraph\">Por: Lizbeth \u00c1lvarez Mart\u00ednez.&nbsp;<\/p>\n\n\n\n<p class=\"wp-block-paragraph\">SemM\u00e9xico. 8 de enero de 2020.- En el marco de la lucha contra la violencia contra las mujeres, la Presidenta de la Comisi\u00f3n de Derechos Humanos de la Ciudad de M\u00e9xico (CDHCM), Nashieli Ram\u00edrez Hern\u00e1ndez, se pronunci\u00f3 por visibilizar a las artistas y reconocerlas como protagonistas y sujetas de derechos.<\/p>\n\n\n\n<p class=\"wp-block-paragraph\">Lo manifest\u00f3 al participar en el Cinedebate Virtual del documental \u201cCanciones de amor y desprecio\u201d, obra de la directora de cine, Ana B\u00e1rcenas.<\/p>\n\n\n\n<p class=\"wp-block-paragraph\">El documental \u201cCanciones de amor y desprecio\u201d cuenta la historia de amor de los cantantes de cardenche en Sapioriz, Durango, campesinos que comparten sus vivencias desde una alegre y tr\u00e1gica visi\u00f3n del amor, y que al mismo tiempo cuenta el asesinato de Mar\u00eda Cristina Salazar Olvera (hija del cardenchero Don Guadalupe Salzar), perpetrada por su ex marido.<\/p>\n\n\n\n<p class=\"wp-block-paragraph\">La Ombudsperson capitalina se\u00f1al\u00f3 que la dupla mujeres y cine ha estado mediada por el g\u00e9nero e hist\u00f3ricamente han colaborado para que no sean entendidas \u00fanicamente como musas, sino como sujetas de derechos.<\/p>\n\n\n\n<p class=\"wp-block-paragraph\">\u201cLa Comisi\u00f3n de Derechos Humanos ha pugnado constantemente por exponer en todos los espacios posibles que las mujeres artistas han sido invisibilizadas por siglos y miradas s\u00f3lo desde el esquema patriarcal\u201d, apunt\u00f3.<\/p>\n\n\n\n<p class=\"wp-block-paragraph\">Por ello, agreg\u00f3, generar espacios que visibilicen su trabajo destacado como guionistas, directoras, productoras y creadoras de arte, forma parte de las acciones en las cuales la Comisi\u00f3n se ha sumado.<\/p>\n\n\n\n<p class=\"wp-block-paragraph\">Expuso que entender el cine como un discurso de g\u00e9nero permite dimensionar c\u00f3mo se reproduce la idea de ser mujer en relatos m\u00faltiples y expresiones infinitas.<\/p>\n\n\n\n<p class=\"wp-block-paragraph\">A su vez, el Director de Procine CDMX, Cristi\u00e1n Cal\u00f3nico, agradeci\u00f3 el trabajo conjunto con la CDHCM, porque ello permitir\u00e1 alfabetizar audiovisualmente y crear comunidad en beneficio de los derechos de las personas en la capital del pa\u00eds.<\/p>\n\n\n\n<p class=\"wp-block-paragraph\">Destac\u00f3 que Procine CDMX present\u00f3 el Protocolo para la Prevenci\u00f3n de la Violencia de Genero en la Comunidad Audiovisual, el primero en su tipo en la ciudad, relacionado con la colectividad cinematogr\u00e1fica a favor de los derechos de las mujeres.<\/p>\n","protected":false},"excerpt":{"rendered":"<p>Por: Lizbeth \u00c1lvarez Mart\u00ednez.&nbsp; SemM\u00e9xico. 8 de enero de 2020.- En el marco de la lucha contra la violencia contra las mujeres, la Presidenta de la Comisi\u00f3n de Derechos Humanos de la Ciudad de M\u00e9xico (CDHCM), Nashieli Ram\u00edrez Hern\u00e1ndez, se pronunci\u00f3 por visibilizar a las artistas y reconocerlas como protagonistas y sujetas de derechos. Lo [&hellip;]<\/p>\n","protected":false},"author":3,"featured_media":30517,"comment_status":"open","ping_status":"open","sticky":false,"template":"","format":"standard","meta":{"_monsterinsights_skip_tracking":false,"footnotes":""},"categories":[692,51],"tags":[],"class_list":["post-30516","post","type-post","status-publish","format-standard","has-post-thumbnail","category-692","category-ejecutivo"],"_links":{"self":[{"href":"https:\/\/redsemlac.com\/semmexico\/wp-json\/wp\/v2\/posts\/30516","targetHints":{"allow":["GET"]}}],"collection":[{"href":"https:\/\/redsemlac.com\/semmexico\/wp-json\/wp\/v2\/posts"}],"about":[{"href":"https:\/\/redsemlac.com\/semmexico\/wp-json\/wp\/v2\/types\/post"}],"author":[{"embeddable":true,"href":"https:\/\/redsemlac.com\/semmexico\/wp-json\/wp\/v2\/users\/3"}],"replies":[{"embeddable":true,"href":"https:\/\/redsemlac.com\/semmexico\/wp-json\/wp\/v2\/comments?post=30516"}],"version-history":[{"count":0,"href":"https:\/\/redsemlac.com\/semmexico\/wp-json\/wp\/v2\/posts\/30516\/revisions"}],"wp:featuredmedia":[{"embeddable":true,"href":"https:\/\/redsemlac.com\/semmexico\/wp-json\/wp\/v2\/media\/30517"}],"wp:attachment":[{"href":"https:\/\/redsemlac.com\/semmexico\/wp-json\/wp\/v2\/media?parent=30516"}],"wp:term":[{"taxonomy":"category","embeddable":true,"href":"https:\/\/redsemlac.com\/semmexico\/wp-json\/wp\/v2\/categories?post=30516"},{"taxonomy":"post_tag","embeddable":true,"href":"https:\/\/redsemlac.com\/semmexico\/wp-json\/wp\/v2\/tags?post=30516"}],"curies":[{"name":"wp","href":"https:\/\/api.w.org\/{rel}","templated":true}]}}