{"id":30499,"date":"2021-01-08T17:33:43","date_gmt":"2021-01-08T17:33:43","guid":{"rendered":"https:\/\/redsemlac.com\/semmexico\/?p=30499"},"modified":"2023-07-21T16:45:29","modified_gmt":"2023-07-21T21:45:29","slug":"exigen-en-guerrero-que-se-garantice-la-paridad-en-las-prixomas-elecciones","status":"publish","type":"post","link":"https:\/\/redsemlac.com\/semmexico\/exigen-en-guerrero-que-se-garantice-la-paridad-en-las-prixomas-elecciones\/","title":{"rendered":"Exigen en Guerrero que se garantice la paridad en las pr\u00f3ximas elecciones"},"content":{"rendered":"\n<p class=\"wp-block-paragraph\">Josefina Aguilar Pastor<\/p>\n\n\n\n<p class=\"wp-block-paragraph\">SemM\u00e9xico.Chilpancingo, Guerrero, 8 de enero de 20121.- Que ya no sean los pol\u00edticos de siempre, y que los partidos pol\u00edticos as\u00ed como las instancias electorales garanticen la paridad de g\u00e9nero, exigen integrantes de la organizaci\u00f3n civil Fuerza Ciudadana Guerrerense que este jueves marcharon por las principales calles de la capital del estado de Guerrero.<\/p>\n\n\n\n<p class=\"wp-block-paragraph\">Las manifestantes, en su mayor\u00eda mujeres, acompa\u00f1adas algunas de ni\u00f1os y ni\u00f1as,&nbsp;&nbsp;aunque tambi\u00e9n hubo varones, salieron del conocido como \u201cEl Caballito\u201d, al norte de la ciudad de Chilpancingo, dirigi\u00e9ndose al Tribunal electoral el Estado (TEE).<\/p>\n\n\n\n<p class=\"wp-block-paragraph\">La demanda principal dijo Blanca Reyes Romero, integrante de esta organizaci\u00f3n Fuerza Ciudadana Guerrerense, es que garanticen la paridad de g\u00e9nero, el 50 por ciento para mujeres y otro y tanto para los hombres de los cargos de elecci\u00f3n popular que se disputaran en el presente proceso electoral, en el que se renovar\u00e1n las 81 alcald\u00edas, el congreso del Estado, y la gubernatura.<\/p>\n\n\n\n<p class=\"wp-block-paragraph\">La manifestante asegur\u00f3 que no pertenecen a ning\u00fan partido pol\u00edtico, la mayor\u00eda son amas de casa&nbsp;&nbsp;y trabajadoras, tambi\u00e9n dijo que no se han acercado a ning\u00fan instituto o dirigente pol\u00edtico, \u201cpero si nos gustar\u00eda que se unieran a nosotros, que nos apoyaran, que&nbsp;&nbsp;se nos acercaran, que vieran hacia ac\u00e1, a las mujeres que estamos aqu\u00ed ahora y se unieran, porque la uni\u00f3n hace la fuerza\u201d, expuso: y agreg\u00f3 que ojala y los partidos pol\u00edticos se tomen la molestia de buscarlas,&nbsp;&nbsp;preguntarles y apoyarlas.<\/p>\n\n\n\n<p class=\"wp-block-paragraph\">\u201cTenemos derechos fundamentales y exigimos que los partidos pol\u00edticos garanticen la participaci\u00f3n paritaria en la postulaci\u00f3n de cargos p\u00fablicos, queremos ser tomadas en cuenta, paridad\u201d, exigieron las manifestantes.<\/p>\n\n\n\n<p class=\"wp-block-paragraph\">Al mismo tiempo, se pronunciaron por el principio de paridad en todo, y la mitad de los cargos en los tres poderes p\u00fablicos, en los \u00f3rganos de gobierno, organismos aut\u00f3nomos, y cargos de elecci\u00f3n popular.<\/p>\n\n\n\n<p class=\"wp-block-paragraph\">Que no sean los mismos pol\u00edticos de siempre, los que en este proceso electoral ocupen los cargos&nbsp;&nbsp;de elecci\u00f3n popular, que los partidos pol\u00edticos volteen a ver a las mujeres, mismas que recalcaron, tienen la misma capacidad que los hombres, para acceder a los cargos de elecci\u00f3n popular,&nbsp;&nbsp;y en aquellos de toma de decisi\u00f3n.<\/p>\n\n\n\n<p class=\"wp-block-paragraph\">Con el estandarte de \u201cRevoluci\u00f3n Rosa\u201d, las manifestantes sostuvieron que cuentan con liderazgos, talento, responsabilidad, de procurar, cuidar, \u201cpor eso le pedimos a los candidatos, al gobierno las tomen en cuenta\u201d, porque hay mujeres que pueden con un cargo pol\u00edtico, que pueden dignificar Guerrero y sacarlo adelante, subrayaron.<\/p>\n\n\n\n<p class=\"wp-block-paragraph\">Destacaron que las mujeres est\u00e1n preparadas para ocupar cualquier cargo p\u00fablico, y exigen la designaci\u00f3n del 50 por ciento de los espacios, en todos los \u00e1mbitos p\u00fablicos y pol\u00edticos para lograr la justicia, democracia, libertad y equidad.<\/p>\n\n\n\n<figure class=\"wp-block-image size-large\"><a href=\"https:\/\/redsemlac.com\/semmexico\/wp-content\/uploads\/2021\/01\/IMG_3721-scaled.jpg\"><img decoding=\"async\" src=\"https:\/\/redsemlac.com\/semmexico\/wp-content\/uploads\/2021\/01\/IMG_3721-1024x768.jpg\" alt=\"\" class=\"wp-image-30500\"\/><\/a><\/figure>\n\n\n\n<p class=\"wp-block-paragraph\">REITERA TEE RESPETO A LA PARIDAD DE G\u00c9NERO<\/p>\n\n\n\n<p class=\"wp-block-paragraph\">En atenci\u00f3n a la petici\u00f3n de una reuni\u00f3n por parte de las manifestantes, magistradas y magistrados del Tribunal Electoral del Estado (TEE),&nbsp;&nbsp;sostuvieron un encuentro con una comisi\u00f3n representativa.<\/p>\n\n\n\n<p class=\"wp-block-paragraph\">Alma Delia Eugenio Alcaraz, magistrada del TEE, dio a conocer que dio \u00f3rgano electoral, tuvo la atenci\u00f3n de&nbsp;&nbsp;recibir a una comisi\u00f3n de manifestantes, que se pronunciaron en la entrada de dicha dependencia, de quienes escucharon su petici\u00f3n de garantizar el principio de paridad de g\u00e9nero en los cargos de elecci\u00f3n popular&nbsp;&nbsp;y aseguren los espacios de participaci\u00f3n pol\u00edtica bajo el principio de g\u00e9nero mujer.<\/p>\n\n\n\n<p class=\"wp-block-paragraph\">En respuesta, la TEE, reiter\u00f3 su compromiso de estar regido por el marco jur\u00eddico nacional local, para garantizar este principio de paridad, por lo que destac\u00f3 que no debe haber desconfianza de que cumplir\u00e1n&nbsp;&nbsp;cabalmente con su obligaci\u00f3n de aplicar las acciones pertinentes para garantizar dicho principio, refiri\u00f3 la magistrada.<\/p>\n\n\n\n<p class=\"wp-block-paragraph\">Al mismo tiempo agreg\u00f3 Eugenio Alcaraz, comentaron que deber\u00e1n como organizaciones de mujeres, estar&nbsp;&nbsp;vigilantes de que el acceso a los medios de impugnaci\u00f3n a los que pudieran recurrir en caso de considerar que sus derechos pol\u00edticos electorales, han sido vulnerados, sean con un acompa\u00f1amiento para que est\u00e9n informadas de como ejercer estas herramientas jur\u00eddicas y accesar a los medios de impugnaci\u00f3n.<\/p>\n\n\n\n<p class=\"wp-block-paragraph\">En esta misma platica, las magistradas y magistrados del TEE, subrayaron&nbsp;&nbsp;que la mejor herramienta es estar informadas, por lo que ofrecieron que a trav\u00e9s del \u00e1rea de difusi\u00f3n y capacitaci\u00f3n, dicho \u00f3rgano abre sus puertas&nbsp;&nbsp;para realizar capacitaci\u00f3n o formaci\u00f3n sobre las diferentes figuras jur\u00eddico pol\u00edtico electorales \u201cpara que si ellas lo desean, pudiesen realizarse cualquier capacitaci\u00f3n, en cualquier foro para que tuvieran mayor acceso a cada una de esta complejidades que es el sistema electoral\u201d, precis\u00f3 la magistrada.<\/p>\n\n\n\n<p class=\"wp-block-paragraph\">Al final, la comisi\u00f3n de manifestantes, se retir\u00f3 con el compromiso de estar vigilantes de que el TEE, cumplir\u00e1 con su compromiso de garantizar la paridad de g\u00e9nero.<\/p>\n\n\n\n<p class=\"wp-block-paragraph\">Sin embargo, Eugenio Alcaraz, puntualiz\u00f3 que \u00e9ste, no es un compromiso exclusivo con este grupo de mujeres, \u201cno, es una obligaci\u00f3n del Tribunal Electoral establecido en la ley, en el marco jur\u00eddico que establece que tendr\u00e1 que existir el principio de paridad de g\u00e9nero, y tendremos que realizar el estudio de cada caso concreto para revisar si hay o no, si son fundados o no los agravios que hagan valer en cada uno de los casos\u201d.<\/p>\n","protected":false},"excerpt":{"rendered":"<p>Josefina Aguilar Pastor SemM\u00e9xico.Chilpancingo, Guerrero, 8 de enero de 20121.- Que ya no sean los pol\u00edticos de siempre, y que los partidos pol\u00edticos as\u00ed como las instancias electorales garanticen la paridad de g\u00e9nero, exigen integrantes de la organizaci\u00f3n civil Fuerza Ciudadana Guerrerense que este jueves marcharon por las principales calles de la capital del estado [&hellip;]<\/p>\n","protected":false},"author":3,"featured_media":30501,"comment_status":"open","ping_status":"open","sticky":false,"template":"","format":"standard","meta":{"_monsterinsights_skip_tracking":false,"footnotes":""},"categories":[692,141],"tags":[],"class_list":["post-30499","post","type-post","status-publish","format-standard","has-post-thumbnail","category-692","category-elecciones-2020-2021"],"_links":{"self":[{"href":"https:\/\/redsemlac.com\/semmexico\/wp-json\/wp\/v2\/posts\/30499","targetHints":{"allow":["GET"]}}],"collection":[{"href":"https:\/\/redsemlac.com\/semmexico\/wp-json\/wp\/v2\/posts"}],"about":[{"href":"https:\/\/redsemlac.com\/semmexico\/wp-json\/wp\/v2\/types\/post"}],"author":[{"embeddable":true,"href":"https:\/\/redsemlac.com\/semmexico\/wp-json\/wp\/v2\/users\/3"}],"replies":[{"embeddable":true,"href":"https:\/\/redsemlac.com\/semmexico\/wp-json\/wp\/v2\/comments?post=30499"}],"version-history":[{"count":0,"href":"https:\/\/redsemlac.com\/semmexico\/wp-json\/wp\/v2\/posts\/30499\/revisions"}],"wp:featuredmedia":[{"embeddable":true,"href":"https:\/\/redsemlac.com\/semmexico\/wp-json\/wp\/v2\/media\/30501"}],"wp:attachment":[{"href":"https:\/\/redsemlac.com\/semmexico\/wp-json\/wp\/v2\/media?parent=30499"}],"wp:term":[{"taxonomy":"category","embeddable":true,"href":"https:\/\/redsemlac.com\/semmexico\/wp-json\/wp\/v2\/categories?post=30499"},{"taxonomy":"post_tag","embeddable":true,"href":"https:\/\/redsemlac.com\/semmexico\/wp-json\/wp\/v2\/tags?post=30499"}],"curies":[{"name":"wp","href":"https:\/\/api.w.org\/{rel}","templated":true}]}}