{"id":30487,"date":"2021-01-08T17:22:53","date_gmt":"2021-01-08T17:22:53","guid":{"rendered":"https:\/\/redsemlac.com\/semmexico\/?p=30487"},"modified":"2023-07-21T16:44:55","modified_gmt":"2023-07-21T21:44:55","slug":"acusaciones-contra-felix-salgado-partidistas-y-producto-de-temporada-amlo","status":"publish","type":"post","link":"https:\/\/redsemlac.com\/semmexico\/acusaciones-contra-felix-salgado-partidistas-y-producto-de-temporada-amlo\/","title":{"rendered":"Acusaciones contra F\u00e9lix Salgado, \u00abpartidistas y producto de temporada\u00bb: AMLO"},"content":{"rendered":"\n<p class=\"wp-block-paragraph\">Por: Lizbeth \u00c1lvarez Mart\u00ednez.<br>SemM\u00e9xico. 8 de enero de 2021.-Desde Palacio Nacional. El presidente Andr\u00e9s Manuel L\u00f3pez Obrador (AMLO) fue cuestionado sobre F\u00e9lix Salgado Macedonio, precandidato de Morena a la gubernatura de Guerrero, quien es investigado por una denuncia de violaci\u00f3n, en Acapaulco.<br>El mandatario dijo que prefiere no meterse en el asunto al cual calific\u00f3 como \u201cpartidista y producto de la temporada\u201d. Asegur\u00f3 que ese tipo de acusaciones salen cuando es periodo electoral, por lo que dijo que la autoridad debe resolver.<br>Record\u00f3 que en 2006 \u00e9l fue acusado injustamente para evitar que compitiera por la Presidencia de la Rep\u00fablica.<br>\u201cMe fabricaron el delito, entonces, imag\u00ednense, yo no puedo, a la ligera, descalificar a nadie\u201d.<br>\u201cQue la autoridad competente decida. Eso lo tiene que decidir la autoridad competente, yo lo \u00fanico que puedo comentar es que cuando hay elecciones, competencia, se trata de descalificar al adversario de una u otra manera. Entonces, que la autoridad resuelva y que sean procesos justos\u201d, dijo el Ejecutivo Federal.<br>Se\u00f1al\u00f3 que a \u00e9l le ha tocado ver infinidad de veces cuando en el propio gobierno meten o influyen para que la oposici\u00f3n elija a determinado candidato que consideran d\u00e9bil y, por tanto, eliminar al fuerte.<br>As\u00ed ocurri\u00f3 en 1997 en Acapulco, Guerrero, cuando el gobernador quer\u00eda imponer a un opositor \u2013 en las filas del PRD- a modo, para sacar de la contienda a Zeferino Torreblanca.<br>\u201cY empezaron a golpear y el gobernador de aquel entonces, no deseo ofenderlo, empez\u00f3 a darle materiales de construcci\u00f3n al candidato contrario a Zeferino, del mismo partido opositor para que no fuera candidato Zeferino porque quer\u00edan uno a modo\u201d, expres\u00f3.<\/p>\n","protected":false},"excerpt":{"rendered":"<p>Por: Lizbeth \u00c1lvarez Mart\u00ednez.SemM\u00e9xico. 8 de enero de 2021.-Desde Palacio Nacional. El presidente Andr\u00e9s Manuel L\u00f3pez Obrador (AMLO) fue cuestionado sobre F\u00e9lix Salgado Macedonio, precandidato de Morena a la gubernatura de Guerrero, quien es investigado por una denuncia de violaci\u00f3n, en Acapaulco.El mandatario dijo que prefiere no meterse en el asunto al cual calific\u00f3 como [&hellip;]<\/p>\n","protected":false},"author":3,"featured_media":30488,"comment_status":"open","ping_status":"open","sticky":false,"template":"","format":"standard","meta":{"_monsterinsights_skip_tracking":false,"footnotes":""},"categories":[692,51],"tags":[],"class_list":["post-30487","post","type-post","status-publish","format-standard","has-post-thumbnail","category-692","category-ejecutivo"],"_links":{"self":[{"href":"https:\/\/redsemlac.com\/semmexico\/wp-json\/wp\/v2\/posts\/30487","targetHints":{"allow":["GET"]}}],"collection":[{"href":"https:\/\/redsemlac.com\/semmexico\/wp-json\/wp\/v2\/posts"}],"about":[{"href":"https:\/\/redsemlac.com\/semmexico\/wp-json\/wp\/v2\/types\/post"}],"author":[{"embeddable":true,"href":"https:\/\/redsemlac.com\/semmexico\/wp-json\/wp\/v2\/users\/3"}],"replies":[{"embeddable":true,"href":"https:\/\/redsemlac.com\/semmexico\/wp-json\/wp\/v2\/comments?post=30487"}],"version-history":[{"count":0,"href":"https:\/\/redsemlac.com\/semmexico\/wp-json\/wp\/v2\/posts\/30487\/revisions"}],"wp:featuredmedia":[{"embeddable":true,"href":"https:\/\/redsemlac.com\/semmexico\/wp-json\/wp\/v2\/media\/30488"}],"wp:attachment":[{"href":"https:\/\/redsemlac.com\/semmexico\/wp-json\/wp\/v2\/media?parent=30487"}],"wp:term":[{"taxonomy":"category","embeddable":true,"href":"https:\/\/redsemlac.com\/semmexico\/wp-json\/wp\/v2\/categories?post=30487"},{"taxonomy":"post_tag","embeddable":true,"href":"https:\/\/redsemlac.com\/semmexico\/wp-json\/wp\/v2\/tags?post=30487"}],"curies":[{"name":"wp","href":"https:\/\/api.w.org\/{rel}","templated":true}]}}