{"id":30475,"date":"2021-01-07T22:08:13","date_gmt":"2021-01-07T22:08:13","guid":{"rendered":"https:\/\/redsemlac.com\/semmexico\/?p=30475"},"modified":"2023-07-21T16:44:55","modified_gmt":"2023-07-21T21:44:55","slug":"10-diputadas-de-la-comision-de-igualdad-y-derechos-humanos-buscan-reelegirse","status":"publish","type":"post","link":"https:\/\/redsemlac.com\/semmexico\/10-diputadas-de-la-comision-de-igualdad-y-derechos-humanos-buscan-reelegirse\/","title":{"rendered":"10 diputadas de la Comisi\u00f3n de Igualdad y Derechos Humanos  buscan reelegirse"},"content":{"rendered":"\n<p class=\"wp-block-paragraph\">Seguir\u00e1n en funciones por acuerdo del Tribunal Electoral, lo que puede afectar la equidad en la contienda<\/p>\n\n\n\n<p class=\"wp-block-paragraph\">La C\u00e1mara funcionar\u00e1 con candidatas y diputadas al mismo tiempo hasta la elecci\u00f3n de junio 6&nbsp;<\/p>\n\n\n\n<p class=\"wp-block-paragraph\">En forma extraordinaria e irregular podr\u00edan aceptarse a quienes solicitan la reelecci\u00f3n: el&nbsp;&nbsp;90&nbsp;&nbsp;de las y los legisladores<\/p>\n\n\n\n<p class=\"wp-block-paragraph\">Sara Lovera<\/p>\n\n\n\n<p class=\"wp-block-paragraph\">Al menos 10 diputadas, destacadas en las comisiones de igualdad, feminicidio y derechos humanos buscan su reelecci\u00f3n para 2021.<\/p>\n\n\n\n<p class=\"wp-block-paragraph\">Ellas, entre 221 legisladoras que buscan la elecci\u00f3n consecutiva, fueron elegidas por voto directo, es decir fueron ganadoras en sus distritos y podr\u00e1n mantener sus dietas y sus responsabilidades durante la campa\u00f1a, siempre y cuando&nbsp;&nbsp;las apoyen y&nbsp;&nbsp;lo acuerden sus partidos pol\u00edticos.&nbsp;<\/p>\n\n\n\n<p class=\"wp-block-paragraph\">Entre las legisladoras que buscan su&nbsp;&nbsp;&nbsp;reelecci\u00f3n m\u00e1s de 100 son de Morena; 27 de Acci\u00f3n Nacional PAN, 17 del Partido del Trabajo PT, 14 del Partido Revolucionario Institucional PRI, 11 del Partido Encuentro Solidario PES, 7 del Movimiento Ciudadano MC, 6 del Partido de la Revoluci\u00f3n Democr\u00e1tica PRD.<\/p>\n\n\n\n<p class=\"wp-block-paragraph\">Pero est\u00e1 claro que es la \u00fanica vez, en las elecciones de 2021 que lo podr\u00e1n hacer de esta manera.<\/p>\n\n\n\n<p class=\"wp-block-paragraph\">As\u00ed pidieron el beneficio integrante de la Comisi\u00f3n de Igualdad como su presidenta Mar\u00eda Wendy Brice\u00f1o Zuloaga, de Derechos Humanos Lorena Villavicecio Ayala y Aleida Alav\u00e9s Ruiz todas&nbsp;&nbsp;de Morena; Guadalupe Almaguer Pardo, del PRD,&nbsp;&nbsp;Laura Ang\u00e9lica Rojas Hern\u00e1ndez y&nbsp;&nbsp;Ver\u00f3nica Mar\u00eda Sobrado Rodr\u00edguez del PAN,&nbsp;&nbsp;Mar\u00eda Lucero Salda\u00f1a P\u00e9rez y&nbsp;Ma. Sara Rocha Medina del PRI,<\/p>\n\n\n\n<p class=\"wp-block-paragraph\">RESOLULCI\u00d3N APRESURADA<\/p>\n\n\n\n<p class=\"wp-block-paragraph\">Los lineamientos emitidos por el Instituto Nacional Electoral INE, indica que ir\u00e1n, casi sin requisitos, debido a que el&nbsp;&nbsp;Congreso fue omiso en determinar c\u00f3mo y cu\u00e1ndo las y los legisladores pueden reelegirse, lineamientos que fueron corregidos por el Tribunal Electoral del Poder Judicial de la Federaci\u00f3n.&nbsp;<\/p>\n\n\n\n<p class=\"wp-block-paragraph\">Algunos consejeros y consejeras del INE, discutieron sobre un proceso que ser\u00e1, en la pr\u00e1ctica inequitativo. Si bien el derecho de reelegirse se incluy\u00f3 en la reforma constitucional de 2014, que entre otras cosas incluy\u00f3 la paridad, fue el Congreso quien fue omiso para marcar las reglas.<\/p>\n\n\n\n<p class=\"wp-block-paragraph\">El Tribunal actu\u00f3 ante el acuerdo de la C\u00e1mara de Diputados, para quienes aspiran a continuar, lo hagan desde sus curules, manteniendo el cargo, las dietas y las responsabilidades.<\/p>\n\n\n\n<p class=\"wp-block-paragraph\">Adem\u00e1s&nbsp;&nbsp;podr\u00e1n acceder a este derecho, diputadas y diputados que llegaron a la c\u00e1mara, tanto por la v\u00eda de voto directo como en las listas de elecci\u00f3n plurinominal.&nbsp;<\/p>\n\n\n\n<p class=\"wp-block-paragraph\">La C\u00e1mara de Diputados inform\u00f3 el 6 de enero que 448 de los 500 legisladores, o sea el&nbsp;&nbsp;90 por ciento, buscar\u00e1 reelegirse en el pr\u00f3ximo proceso electoral.<\/p>\n\n\n\n<p class=\"wp-block-paragraph\">Y afirm\u00f3 que \u00abDe esta manera, se dio cumplimiento a la resoluci\u00f3n del Tribunal Electoral del Poder Judicial de la Federaci\u00f3n que marc\u00f3 esta fecha y hora como plazo para dicha recepci\u00f3n\u00bb, se\u00f1al\u00f3.<\/p>\n\n\n\n<p class=\"wp-block-paragraph\">De quienes contienden, hombres y mujeres,&nbsp;&nbsp;232 pertenecen a Morena, 64 del PAN, 44 del PRI, 43 del Partido del Trabajo, 22 de Movimiento Ciudadano, 22 del PES, 11 del PVEM y 7 del PRD.<\/p>\n\n\n\n<p class=\"wp-block-paragraph\">Los lineamientos sobre reelecci\u00f3n de diputaciones para el Proceso Electoral Federal 2020-2021,&nbsp;&nbsp;seg\u00fan el INE tienen por objeto regular la reelecci\u00f3n de diputadas y diputados para el pr\u00f3ximo a\u00f1o, con el fin de ponderar y garantizar tanto el derecho a ser votada o votado de la persona interesada en reelegirse, el derecho a votar de la ciudadan\u00eda, as\u00ed como salvaguardar los principios constitucionales de certeza y equidad de la contienda electoral.<\/p>\n\n\n\n<p class=\"wp-block-paragraph\">Originalmente el INE&nbsp;&nbsp;mandat\u00f3 su separaci\u00f3n de la C\u00e1mara, pero el Tribunal Electoral, donde se presentaron quejas, decidi\u00f3 lo contrario. As\u00ed estar\u00e1n en la C\u00e1mara y en campa\u00f1a al mismo tiempo.<\/p>\n\n\n\n<p class=\"wp-block-paragraph\">El Consejero Presidente del INE, Lorenzo C\u00f3rdova, record\u00f3 que estos lineamientos son aprobados por el Instituto debido a la omisi\u00f3n del Poder Legislativo en la emisi\u00f3n de una legislaci\u00f3n secundaria en la materia, ordenada por la reforma electoral de 2014.<\/p>\n\n\n\n<p class=\"wp-block-paragraph\">Lament\u00f3 que fuera el INE quien decidiera ya que debi\u00f3 haberse resuelto&nbsp;&nbsp;bajo las figuras que se quiera, incluso de parlamento abierto o en una gran discusi\u00f3n p\u00fablica y dem\u00e1s, pero en la sede legislativa, pero el Congreso nunca lo hizo.<\/p>\n\n\n\n<p class=\"wp-block-paragraph\">Lorenzo C\u00f3rdova a\u00f1adi\u00f3 que, a diferencia de otros pa\u00edses donde la reelecci\u00f3n tiene muy pocas restricciones, en M\u00e9xico no puede ser as\u00ed, porque existe el principio constitucional de equidad en la contienda. Aludiendo a la posibilidad de que quienes buscan la reelecci\u00f3n, tienen una situaci\u00f3n privilegiada, incluso de usar los recursos del Congreso para sus campa\u00f1as, lo que no es equitativo.<\/p>\n\n\n\n<p class=\"wp-block-paragraph\"><strong><em>Acuerdo aprobado por los diputados tiene un alcance limitado<\/em><\/strong><\/p>\n\n\n\n<p class=\"wp-block-paragraph\">Por su parte la Consejera Claudia Zavala, presidenta de la Comisi\u00f3n de Prerrogativas y Partidos Pol\u00edticos del INE, lament\u00f3 que en lugar de un di\u00e1logo abierto con los partidos pol\u00edticos tal como lo pidieron al diferir la aprobaci\u00f3n de estos lineamientos, se emitiera un acuerdo de forma unilateral por parte de la C\u00e1mara de Diputados. \u201cSe esperaba un intercambio de ideas franco, abierto y en buena lid democr\u00e1tica\u201d.&nbsp;<\/p>\n\n\n\n<p class=\"wp-block-paragraph\"><strong><em>No separarse del cargo y reforzar la fiscalizaci\u00f3n&nbsp;<\/em><\/strong><\/p>\n\n\n\n<p class=\"wp-block-paragraph\">El Consejero Jaime Rivera se pronunci\u00f3 \u201cno por la separaci\u00f3n del cargo y s\u00ed por un reforzamiento especial de las reglas de fiscalizaci\u00f3n de quienes aspiren a reelegirse\u201d. En su opini\u00f3n, \u201cal INE no le corresponde hacerse cargo de las reglas internas de la C\u00e1mara de Diputados y la reelecci\u00f3n no debe conducir a la inoperancia temporal del \u00f3rgano legislativo\u201d.&nbsp;&nbsp;<\/p>\n\n\n\n<p class=\"wp-block-paragraph\">Incluso plante\u00f3 las consecuencias que podr\u00eda tener para el funcionamiento de la C\u00e1mara de Diputados, ya que \u201csi la mayor\u00eda de las y los legisladores quisieran postularse a la reelecci\u00f3n y para ello, separarse del cargo el 3 de abril y quisieran adem\u00e1s acompa\u00f1arse de la misma f\u00f3rmula de suplentes, este \u00f3rgano quedar\u00eda imposibilitado para trabajar y tomar decisiones.<\/p>\n\n\n\n<p class=\"wp-block-paragraph\">La Consejera Dania Ravel coincidi\u00f3 en que no debe exigirse la separaci\u00f3n del cargo; no obstante, reconoci\u00f3 que esta permisi\u00f3n implicar\u00e1 mayores retos para la autoridad electoral en materia de fiscalizaci\u00f3n y para asegurar la observancia del art\u00edculo 134 constitucional. Manifest\u00f3 la necesidad de que se tome una serie de previsiones para que les permita cumplir de manera eficaz con sus atribuciones y plasmarlas de forma clara, de manera que los legisladores que busquen la reelecci\u00f3n conozcan sus obligaciones.&nbsp;<\/p>\n\n\n\n<p class=\"wp-block-paragraph\">La Consejera Adriana Favela estuvo a favor de que las personas que buscan reelegirse puedan ir por una v\u00eda u otra, independientemente de si fue por mayor\u00eda relativa o representaci\u00f3n proporcional, lo que se acord\u00f3.<\/p>\n\n\n\n<p class=\"wp-block-paragraph\">El Consejero Uuc-kib Espadas habl\u00f3 de otro problema, no resuelto para est\u00e1 relecci\u00f3n: no es claro mantenerse en el cargo mientras se compite o pretender&nbsp;&nbsp;y propuso&nbsp;&nbsp;que se compita por la misma v\u00eda o por el mismo distrito, a pesar de eses medidas no est\u00e1n previstas ni en la Constituci\u00f3n ni en la ley y, consecuentemente, no pueden estar previstas en los reglamentos., dijo.<\/p>\n\n\n\n<p class=\"wp-block-paragraph\"><strong><em>El punto central es la equidad en la contienda<\/em><\/strong><\/p>\n\n\n\n<p class=\"wp-block-paragraph\">La Consejera Carla Humphrey record\u00f3 que la reelecci\u00f3n legislativa busca fortalecer la profesionalizaci\u00f3n y la carrera legislativa, producir la especializaci\u00f3n tem\u00e1tica para enfrentar una mejor manera, una relaci\u00f3n equilibrada con el Ejecutivo, disponer de incentivos innovadores para una mejor, m\u00e1s frecuente y verdadera rendici\u00f3n de cuentas de las o los legisladores, reforzar la cercan\u00eda con las bases ciudadanas de su distrito o estado y la legitimidad social del Poder Legislativo.<\/p>\n\n\n\n<p class=\"wp-block-paragraph\">Debido a esta conexi\u00f3n social y rendici\u00f3n de cuentas que las y los diputados deben tener, dijo Humphrey, \u201cpara m\u00ed es irremediable que un legislador o legisladora deba contender por el mismo distrito, depende el principio en el mismo circuito o circunscripci\u00f3n\u201d.<\/p>\n\n\n\n<p class=\"wp-block-paragraph\"><strong><em>Diputados son juez y parte<\/em><\/strong><\/p>\n\n\n\n<p class=\"wp-block-paragraph\">El Consejero Ciro Murayama se\u00f1al\u00f3 que en el debate hay unos argumentos muy atendibles que reclaman a la autoridad electoral abordar la reelecci\u00f3n, pero tambi\u00e9n hay intereses.&nbsp;<\/p>\n\n\n\n<p class=\"wp-block-paragraph\">\u201cVarios de los legisladores que se van a postular son los que firmaron el acuerdo en donde nos dicen: no a la regulaci\u00f3n. Es decir, est\u00e1n siendo juez y parte, se oponen a un acuerdo, que les podr\u00eda aplicar en su situaci\u00f3n en particular\u201d.<\/p>\n\n\n\n<p class=\"wp-block-paragraph\">Murayama lament\u00f3 que el INE se hizo&nbsp;&nbsp;cargo de este tema, porque las y los legisladores no hicieron su trabajo como les orden\u00f3 la Constituci\u00f3n. La Constituci\u00f3n s\u00f3lo permite el derecho y las y los legisladores, pero no se puso la norma para la reelecci\u00f3n, entonces \u201cla omisi\u00f3n legislativa beneficia a quien fue omiso, pero ello implica abandonar los principios de la equidad\u201d.<\/p>\n\n\n\n<p class=\"wp-block-paragraph\"><strong><em>La reelecci\u00f3n no ser\u00e1 pretexto para incumplir con la paridad<\/em><\/strong><\/p>\n\n\n\n<p class=\"wp-block-paragraph\">Los lineamientos establecen que la reelecci\u00f3n, la paridad de g\u00e9nero, las candidaturas ind\u00edgenas y las acciones afirmativas en favor de grupos en situaci\u00f3n de vulnerabilidad ser\u00e1n atendidas al interior de los partidos pol\u00edticos; sin embargo, se deber\u00e1 priorizar el cumplimiento y observancia del principio de paridad frente al derecho de reelecci\u00f3n.<\/p>\n\n\n\n<p class=\"wp-block-paragraph\">En caso de que el partido pol\u00edtico nacional que postul\u00f3 la candidatura de una persona que pretenda su reelecci\u00f3n haya perdido su registro, la diputada o diputado podr\u00e1 ser postulada por cualquier partido pol\u00edtico.<\/p>\n\n\n\n<p class=\"wp-block-paragraph\">Las y los diputados que hayan sido postulados originalmente por un partido pol\u00edtico, sin haber sido militantes de \u00e9ste o, en su caso, de alguno de los partidos pol\u00edticos coaligados, deber\u00e1n ser postulados por el mismo partido o, en su caso, por alguno de los integrantes de la coalici\u00f3n.<\/p>\n\n\n\n<p class=\"wp-block-paragraph\">Los partidos pol\u00edticos de reciente creaci\u00f3n podr\u00e1n postular candidaturas en reelecci\u00f3n, siempre que la diputada o el diputado a postular hubiese renunciado o perdido su militancia antes de la mitad de su mandato, o bien, se trate de legisladores que provengan de partidos pol\u00edticos que hubiesen perdido el registro.<\/p>\n\n\n\n<p class=\"wp-block-paragraph\">Podr\u00e1n optar por la reelecci\u00f3n las diputadas y diputados federales elegidos tanto por el principio de mayor\u00eda relativa como por el principio de representaci\u00f3n proporcional, sin importar la forma de postulaci\u00f3n.<\/p>\n\n\n\n<p class=\"wp-block-paragraph\">Asimismo, las diputadas y los diputados que decidan contender por la reelecci\u00f3n deber\u00e1n hacerlo por el mismo distrito y\/o la misma circunscripci\u00f3n por el cual fueron elegidos en el proceso electoral anterior.<\/p>\n","protected":false},"excerpt":{"rendered":"<p>Seguir\u00e1n en funciones por acuerdo del Tribunal Electoral, lo que puede afectar la equidad en la contienda La C\u00e1mara funcionar\u00e1 con candidatas y diputadas al mismo tiempo hasta la elecci\u00f3n de junio 6&nbsp; En forma extraordinaria e irregular podr\u00edan aceptarse a quienes solicitan la reelecci\u00f3n: el&nbsp;&nbsp;90&nbsp;&nbsp;de las y los legisladores Sara Lovera Al menos 10 [&hellip;]<\/p>\n","protected":false},"author":3,"featured_media":30476,"comment_status":"open","ping_status":"open","sticky":false,"template":"","format":"standard","meta":{"_monsterinsights_skip_tracking":false,"footnotes":""},"categories":[692,141],"tags":[],"class_list":["post-30475","post","type-post","status-publish","format-standard","has-post-thumbnail","category-692","category-elecciones-2020-2021"],"_links":{"self":[{"href":"https:\/\/redsemlac.com\/semmexico\/wp-json\/wp\/v2\/posts\/30475","targetHints":{"allow":["GET"]}}],"collection":[{"href":"https:\/\/redsemlac.com\/semmexico\/wp-json\/wp\/v2\/posts"}],"about":[{"href":"https:\/\/redsemlac.com\/semmexico\/wp-json\/wp\/v2\/types\/post"}],"author":[{"embeddable":true,"href":"https:\/\/redsemlac.com\/semmexico\/wp-json\/wp\/v2\/users\/3"}],"replies":[{"embeddable":true,"href":"https:\/\/redsemlac.com\/semmexico\/wp-json\/wp\/v2\/comments?post=30475"}],"version-history":[{"count":0,"href":"https:\/\/redsemlac.com\/semmexico\/wp-json\/wp\/v2\/posts\/30475\/revisions"}],"wp:featuredmedia":[{"embeddable":true,"href":"https:\/\/redsemlac.com\/semmexico\/wp-json\/wp\/v2\/media\/30476"}],"wp:attachment":[{"href":"https:\/\/redsemlac.com\/semmexico\/wp-json\/wp\/v2\/media?parent=30475"}],"wp:term":[{"taxonomy":"category","embeddable":true,"href":"https:\/\/redsemlac.com\/semmexico\/wp-json\/wp\/v2\/categories?post=30475"},{"taxonomy":"post_tag","embeddable":true,"href":"https:\/\/redsemlac.com\/semmexico\/wp-json\/wp\/v2\/tags?post=30475"}],"curies":[{"name":"wp","href":"https:\/\/api.w.org\/{rel}","templated":true}]}}