{"id":30466,"date":"2021-01-07T21:56:30","date_gmt":"2021-01-07T21:56:30","guid":{"rendered":"https:\/\/redsemlac.com\/semmexico\/?p=30466"},"modified":"2023-07-21T16:44:55","modified_gmt":"2023-07-21T21:44:55","slug":"patrullas-violeta-en-azcapotzalco-para-atender-la-violencia-de-genero","status":"publish","type":"post","link":"https:\/\/redsemlac.com\/semmexico\/patrullas-violeta-en-azcapotzalco-para-atender-la-violencia-de-genero\/","title":{"rendered":"Patrullas Violeta en Azcapotzalco para atender la violencia de g\u00e9nero"},"content":{"rendered":"\n<p class=\"wp-block-paragraph\">* Seguir\u00e1n operando este mes de enero en esa demarcaci\u00f3n<\/p>\n\n\n\n<p class=\"wp-block-paragraph\">* Opera las 24 horas del d\u00eda<\/p>\n\n\n\n<p class=\"wp-block-paragraph\">Lizbeth \u00c1lvarez Mart\u00ednez.&nbsp;<\/p>\n\n\n\n<p class=\"wp-block-paragraph\">SemM\u00e9xico, Cd. de M\u00e9xico, 7 de enero, 2021.- Para apoyar a las ni\u00f1as y mujeres que sufren violencia de g\u00e9nero durante esta \u00e9poca de confinamiento para evitar contagios por Covid 19, la Polic\u00eda Auxiliar ha habilitado el programa Patrullas Violeta que seguir\u00e1 activo durante todo el mes de enero 2021 en la alcald\u00eda Azcapotzalco.<\/p>\n\n\n\n<p class=\"wp-block-paragraph\">Se trata de dos Patrullas Violeta que hasta el momento han realizado dos mil 500 visitas informativas a comercios y mil 500 visitas a domicilio en las que personal de la alcald\u00eda proporciona informaci\u00f3n sobre Igualdad de G\u00e9nero, y Prevenci\u00f3n de la Violencia, adem\u00e1s, de facilitar los n\u00fameros (55 5347 1527) del Centro Azcapotzalco de Respuesta a Emergencias (CARE) y los datos de la aplicaci\u00f3n MI POLIC\u00cdA, en caso de que se requiera asistencia.&nbsp;<\/p>\n\n\n\n<p class=\"wp-block-paragraph\">Las Patrullas Violeta son c\u00e9lulas de reacci\u00f3n inmediata con equipo de radiocomunicaci\u00f3n para casos de Violencia de G\u00e9nero. Cada unidad est\u00e1 conformada por dos elementos policiales y opera las 24 horas del d\u00eda.<\/p>\n\n\n\n<p class=\"wp-block-paragraph\">Estas patrullas brindan atenci\u00f3n en toda la demarcaci\u00f3n, con \u00e9nfasis en las colonias de mayor incidencia de violencia familiar y contra las mujeres. Para asegurar que proporcionen un servicio integral a la ciudadan\u00eda, trabajan en conjunto con la Fiscal\u00eda, Juez C\u00edvico, Centro de Justicia para Mujeres e Inmujeres.<\/p>\n\n\n\n<p class=\"wp-block-paragraph\">Su labor ser\u00e1 acompa\u00f1ar a las v\u00edctimas para evitar que sean agredidas y, en caso de presentar un suceso, detener al agresor. As\u00ed como realizar recorridos con personal de la Secretar\u00eda de Seguridad Ciudadana (SSC) y la Guardia Nacional en el centro de Azcapotzalco en apoyo a los filtros instalados para evitar la propagaci\u00f3n del Covid-19.<\/p>\n\n\n\n<p class=\"wp-block-paragraph\">El objetivo de este programa es contar con equipo policial especializado para dar protecci\u00f3n a la ciudadan\u00eda y prevenir casos de violencia de g\u00e9nero. El personal de las Patrullas Violeta servir\u00e1 como v\u00ednculo de atenci\u00f3n entre las mujeres que viven violencia de g\u00e9nero y las dependencias de procuraci\u00f3n y administraci\u00f3n de justicia, as\u00ed\u0301 como otras instancias de apoyo p\u00fablicas y privadas.&nbsp;<\/p>\n\n\n\n<p class=\"wp-block-paragraph\">Estas patrullas acudir\u00e1n a las llamadas de emergencias del CARE, la Direcci\u00f3n Ejecutiva de Igualdad de G\u00e9nero, la Coordinaci\u00f3n de Seguridad de la alcald\u00eda, de la polic\u00eda de proximidad, 911, C5 y Mi Polic\u00eda.&nbsp;<\/p>\n\n\n\n<p class=\"wp-block-paragraph\">SEM\/la\/sj<\/p>\n","protected":false},"excerpt":{"rendered":"<p>* Seguir\u00e1n operando este mes de enero en esa demarcaci\u00f3n * Opera las 24 horas del d\u00eda Lizbeth \u00c1lvarez Mart\u00ednez.&nbsp; SemM\u00e9xico, Cd. de M\u00e9xico, 7 de enero, 2021.- Para apoyar a las ni\u00f1as y mujeres que sufren violencia de g\u00e9nero durante esta \u00e9poca de confinamiento para evitar contagios por Covid 19, la Polic\u00eda Auxiliar ha [&hellip;]<\/p>\n","protected":false},"author":3,"featured_media":30467,"comment_status":"open","ping_status":"open","sticky":false,"template":"","format":"standard","meta":{"_monsterinsights_skip_tracking":false,"footnotes":""},"categories":[692,51],"tags":[],"class_list":["post-30466","post","type-post","status-publish","format-standard","has-post-thumbnail","category-692","category-ejecutivo"],"_links":{"self":[{"href":"https:\/\/redsemlac.com\/semmexico\/wp-json\/wp\/v2\/posts\/30466","targetHints":{"allow":["GET"]}}],"collection":[{"href":"https:\/\/redsemlac.com\/semmexico\/wp-json\/wp\/v2\/posts"}],"about":[{"href":"https:\/\/redsemlac.com\/semmexico\/wp-json\/wp\/v2\/types\/post"}],"author":[{"embeddable":true,"href":"https:\/\/redsemlac.com\/semmexico\/wp-json\/wp\/v2\/users\/3"}],"replies":[{"embeddable":true,"href":"https:\/\/redsemlac.com\/semmexico\/wp-json\/wp\/v2\/comments?post=30466"}],"version-history":[{"count":0,"href":"https:\/\/redsemlac.com\/semmexico\/wp-json\/wp\/v2\/posts\/30466\/revisions"}],"wp:featuredmedia":[{"embeddable":true,"href":"https:\/\/redsemlac.com\/semmexico\/wp-json\/wp\/v2\/media\/30467"}],"wp:attachment":[{"href":"https:\/\/redsemlac.com\/semmexico\/wp-json\/wp\/v2\/media?parent=30466"}],"wp:term":[{"taxonomy":"category","embeddable":true,"href":"https:\/\/redsemlac.com\/semmexico\/wp-json\/wp\/v2\/categories?post=30466"},{"taxonomy":"post_tag","embeddable":true,"href":"https:\/\/redsemlac.com\/semmexico\/wp-json\/wp\/v2\/tags?post=30466"}],"curies":[{"name":"wp","href":"https:\/\/api.w.org\/{rel}","templated":true}]}}