{"id":30464,"date":"2021-01-07T21:54:51","date_gmt":"2021-01-07T21:54:51","guid":{"rendered":"https:\/\/redsemlac.com\/semmexico\/?p=30464"},"modified":"2023-07-21T16:44:55","modified_gmt":"2023-07-21T21:44:55","slug":"don-raul-vera-un-contrapeso-a-los-poderes","status":"publish","type":"post","link":"https:\/\/redsemlac.com\/semmexico\/don-raul-vera-un-contrapeso-a-los-poderes\/","title":{"rendered":"Don Ra\u00fal Vera un contrapeso a los poderes"},"content":{"rendered":"\n<p class=\"wp-block-paragraph\">Soledad Jarqu\u00edn Edgar<\/p>\n\n\n\n<p class=\"wp-block-paragraph\">SemM\u00e9xico, 7 de enero 2021.- Don Ra\u00fal Vera L\u00f3pez dejar\u00e1 de ser obispo de la di\u00f3cesis de Saltillo en unos cuantos d\u00edas. Detr\u00e1s de su historia larga se quedan infinidad de hechos que se recordar\u00e1n siempre y que nos permitir\u00e1n ver su val\u00eda como contra peso a los poderes desde la teolog\u00eda de la liberaci\u00f3n. La voz de don Ra\u00fal Vera le har\u00e1 falta siempre al pa\u00eds, aunque seguramente seguir\u00e1 clamando por la justicia desde donde vaya.<\/p>\n\n\n\n<p class=\"wp-block-paragraph\">Hace cerca de 15 a\u00f1os llegu\u00e9 a Coahuila con encomiendas period\u00edsticas con diferencia de meses: la primera fue la explosi\u00f3n de la mina 8 de Pasta de Conchos, en Nueva Rosita, y la segunda la violaci\u00f3n a 14 mujeres en la zona de tolerancia de Casta\u00f1os, agredidas por un comando de soldados del ej\u00e9rcito mexicano.<\/p>\n\n\n\n<p class=\"wp-block-paragraph\">En la segunda ocasi\u00f3n toqu\u00e9 la puerta de la casa de don Ra\u00fal Vera, en la calle Hidalgo Sur, en poco tiempo estaba sentada en una sala, nerviosa y a la espera de quien ser\u00eda a partir de entonces un referente de opini\u00f3n para m\u00ed. En poco tiempo apareci\u00f3 vestido con un traje sacerdotal color blanco que impon\u00eda. Hablamos largo rato. Le dije hacia d\u00f3nde me dirig\u00eda, volvi\u00f3 la mirada para pedirle a Jackie Campbell, jefa de comunicaci\u00f3n de la di\u00f3cesis de Saltillo, que me acompa\u00f1ara para que no fuera sola a meterme a la boca del lobo, le agradec\u00ed. Sab\u00eda que nadie mejor que ella para acompa\u00f1arme a un lugar del que no ten\u00eda idea c\u00f3mo era ni qu\u00e9 encontrar\u00eda. Suerte de periodistas la m\u00eda, en unos cuantos minutos cambi\u00f3 de opini\u00f3n y dijo que \u00e9l tambi\u00e9n viajar\u00eda a Casta\u00f1os aquella tarde noche, que se regresar\u00eda a tiempo para estar en la celebraci\u00f3n de la misa de las 6 de la ma\u00f1ana. As\u00ed que nos fuimos a Casta\u00f1os.<\/p>\n\n\n\n<p class=\"wp-block-paragraph\">Inici\u00f3 para m\u00ed un acompa\u00f1amiento que podr\u00eda decir fue \u201ccelestial\u201d. Su voz de autoridad fue fundamental en los dos principales hechos que empec\u00e9 a reportear en aquella entidad del norte del pa\u00eds. Sin duda fueron muchos viajes los que emprend\u00ed desde entonces a Coahuila y casi siempre busqu\u00e9 su opini\u00f3n. Aprend\u00ed a conocerlo y admirar a un gran ser humano.<\/p>\n\n\n\n<p class=\"wp-block-paragraph\">En ese entonces, el pa\u00eds estaba inmerso en un proceso electoral federal, se eleg\u00eda al entonces presidente Felipe Calder\u00f3n. El obispo advert\u00eda lo que iba a suceder y muchas veces, con la experiencia de un hombre que hab\u00eda caminado mucho, afirmando su vocaci\u00f3n por los pobres en Guerrero y Chiapas, declar\u00f3 que vendr\u00eda un r\u00e9gimen de temor para M\u00e9xico, sus dichos se volvieron una realidad muy pronto y esa realidad, por desgracia, no ha dejado de penetrar la tierra mexicana con miles de cuerpos de hombres y mujeres que han sido sacrificados en la absurda guerra contra los c\u00e1rteles del narcotr\u00e1fico y ese ir contra \u201cla legalidad\u201d desde \u201clo institucional\u201d, c\u00f3mo se hizo por a\u00f1os al poner en las calles a los soldados mexicanos. Su advertencia era clara ante la deshumanizaci\u00f3n de los cuerpos de seguridad del pa\u00eds, como hemos visto en las ejecuciones arbitrarias de civiles.<\/p>\n\n\n\n<p class=\"wp-block-paragraph\">En ese camino las mujeres estaban de por medio. Los casos de Casta\u00f1os, Coahuila, como en la sierra de Zongolica, en Veracruz con Ernestina Ascencio,&nbsp;San Salvador Atenco en el Estado de M\u00e9xico y la represi\u00f3n en Oaxaca derivado del conflicto pol\u00edtico-magisterial-social, y los independientes e indeseados saldos de la violencia contra las mujeres fueron la muestra de c\u00f3mo en M\u00e9xico las mujeres se ir\u00edan convirtiendo, como sucede ahora, en el bot\u00edn de una guerra en la que, mayormente, ellas no tienen nada que ver, un paso ciego todav\u00eda para las autoridades que no aceptan la realidad y que niegan esos feminicidios. Estamos hablando de c\u00f3mo se multiplicaron las armas en el territorio mexicano y de los usos que sicarios dan. De esos peligros tambi\u00e9n advert\u00eda don Ra\u00fal Vera.&nbsp;<\/p>\n\n\n\n<p class=\"wp-block-paragraph\">Ya con Calder\u00f3n en la presidencia se\u00f1al\u00f3 que era una enorme preocupaci\u00f3n que con los hombres de verde no hubiera racionalidad, Estado de derecho y se impusiera un r\u00e9gimen de terror. Lo vimos y lo aprendimos las y los mexicanos a lo largo de estos tres lustros con Calder\u00f3n y con Enrique Pe\u00f1a Nieto. Hoy, \u201cremasterizados\u201d con la Guardia Nacional-fuerzas armadas. Es una guerra que ha dejado y sigue dejando miles de muertes y ha radicalizado la violencia contra las mujeres, dentro y fuera de sus hogares.<\/p>\n\n\n\n<p class=\"wp-block-paragraph\">En el caso de Casta\u00f1os, Coahuila, su voz fue fundamental para iniciar un proceso in\u00e9dito, el castigo a los responsables por el fuero civil y no por la v\u00eda militar, como era la costumbre, y as\u00ed se hizo el proceso, no con los resultados que se esperaban al final de un juicio, no todos los soldados violadores fueron castigados y los que fueron sentenciados recibieron castigos que en al menos dos casos les permitieron salir pronto de prisi\u00f3n. Esto luego de pasar por arbitrarias actuaciones judiciales, como ese careo durante toda una madrugada en la que el obispo acompa\u00f1\u00f3, como otras mujeres de otras entidades, a las v\u00edctimas de la violencia sexual.&nbsp;<\/p>\n\n\n\n<p class=\"wp-block-paragraph\">Muchas acciones en su contra, amenazas telef\u00f3nicas, una persecuci\u00f3n en la carretera y aquellas acusaciones contra \u00e9l, su titular de prensa Jackie Campbell y esta periodista tratando de desvirtuar los se\u00f1alamientos a los soldados violadores que actuaron la noche del 11 de julio de 2006, por decir lo menos ha pasado, pero nada ha manchado su traje sacerdotal blanco del dominico.<\/p>\n\n\n\n<p class=\"wp-block-paragraph\">Don Ra\u00fal Vera tambi\u00e9n sali\u00f3 a protestar a las calles en esa exigencia, haciendo ver a la sociedad la necesidad de quitar las cargas morales de sus pensamientos y mostrar que los soldados no eran intocables, esa fue su postura tambi\u00e9n con los empresarios del Grupo M\u00e9xico, que hasta hoy siguen sin un castigo real por la muerte de 65 mineros de Pasta de Conchos. Nunca por cierto ha quitado el dedo del rengl\u00f3n.<\/p>\n\n\n\n<p class=\"wp-block-paragraph\">Se va a descansar, con poco m\u00e1s de 75 a\u00f1os de vida, lo que permiti\u00f3 que el Papa aceptara en noviembre pasado su renuncia. Su voz, insisto, siempre har\u00e1 falta como contrapeso a la deshumanizaci\u00f3n no s\u00f3lo de los cuerpos de seguridad sino tambi\u00e9n de much\u00edsimas personas que hoy, como ayer, est\u00e1n al frente de las instituciones y que han sido incapaces de cerrar las heridas que siguen sangrando en miles de familias mexicanas, ante esa pol\u00edtica de militarizar el pa\u00eds, aunque muchos insistan en llamarlo de otro modo.<\/p>\n","protected":false},"excerpt":{"rendered":"<p>Soledad Jarqu\u00edn Edgar SemM\u00e9xico, 7 de enero 2021.- Don Ra\u00fal Vera L\u00f3pez dejar\u00e1 de ser obispo de la di\u00f3cesis de Saltillo en unos cuantos d\u00edas. Detr\u00e1s de su historia larga se quedan infinidad de hechos que se recordar\u00e1n siempre y que nos permitir\u00e1n ver su val\u00eda como contra peso a los poderes desde la teolog\u00eda [&hellip;]<\/p>\n","protected":false},"author":3,"featured_media":8460,"comment_status":"open","ping_status":"open","sticky":false,"template":"","format":"standard","meta":{"_monsterinsights_skip_tracking":false,"footnotes":""},"categories":[692,96,35,75],"tags":[],"class_list":["post-30464","post","type-post","status-publish","format-standard","has-post-thumbnail","category-692","category-mujeres-y-politica","category-opinion","category-soledad-jarquin-edgar"],"_links":{"self":[{"href":"https:\/\/redsemlac.com\/semmexico\/wp-json\/wp\/v2\/posts\/30464","targetHints":{"allow":["GET"]}}],"collection":[{"href":"https:\/\/redsemlac.com\/semmexico\/wp-json\/wp\/v2\/posts"}],"about":[{"href":"https:\/\/redsemlac.com\/semmexico\/wp-json\/wp\/v2\/types\/post"}],"author":[{"embeddable":true,"href":"https:\/\/redsemlac.com\/semmexico\/wp-json\/wp\/v2\/users\/3"}],"replies":[{"embeddable":true,"href":"https:\/\/redsemlac.com\/semmexico\/wp-json\/wp\/v2\/comments?post=30464"}],"version-history":[{"count":0,"href":"https:\/\/redsemlac.com\/semmexico\/wp-json\/wp\/v2\/posts\/30464\/revisions"}],"wp:featuredmedia":[{"embeddable":true,"href":"https:\/\/redsemlac.com\/semmexico\/wp-json\/wp\/v2\/media\/8460"}],"wp:attachment":[{"href":"https:\/\/redsemlac.com\/semmexico\/wp-json\/wp\/v2\/media?parent=30464"}],"wp:term":[{"taxonomy":"category","embeddable":true,"href":"https:\/\/redsemlac.com\/semmexico\/wp-json\/wp\/v2\/categories?post=30464"},{"taxonomy":"post_tag","embeddable":true,"href":"https:\/\/redsemlac.com\/semmexico\/wp-json\/wp\/v2\/tags?post=30464"}],"curies":[{"name":"wp","href":"https:\/\/api.w.org\/{rel}","templated":true}]}}