{"id":30461,"date":"2021-01-07T19:53:25","date_gmt":"2021-01-07T19:53:25","guid":{"rendered":"https:\/\/redsemlac.com\/semmexico\/?p=30461"},"modified":"2023-07-21T16:44:55","modified_gmt":"2023-07-21T21:44:55","slug":"estados-unidos-al-extremo-de-la-crisis-de-nervios","status":"publish","type":"post","link":"https:\/\/redsemlac.com\/semmexico\/estados-unidos-al-extremo-de-la-crisis-de-nervios\/","title":{"rendered":"Estados Unidos al extremo de la crisis de nervios"},"content":{"rendered":"\n<p class=\"wp-block-paragraph\">KYRA N\u00da\u00d1EZ<br>SemM\u00e9xico\/ El Sol de Chiapas. Tuxtla Guti\u00e9rrez, Chis. 7 de enero de 2020.- Se preguntan, afligidos, \u00bfc\u00f3mo se lleg\u00f3 a esto? a que una banda de extremistas irrumpa en el Capitolio precisamente cuando ambas c\u00e1maras de Representantes iniciaban el proceso tradicional de confirmaci\u00f3n legal del triunfador de las pasadas elecciones presidenciales de noviembre a favor de Joe Biden.<\/p>\n\n\n\n<p class=\"wp-block-paragraph\">Era inevitable. Hace cuatro a\u00f1os eligieron a un \u201cmadman\u201d que tom\u00f3 de reh\u00e9n a la llamada primera democracia mundial y la llev\u00f3 al lugar m\u00e1s bajo que se le da a un pa\u00eds: a comportarse como rep\u00fablica bananera, a ser reh\u00e9n de un eg\u00f3latra con comportamiento de dictador que incita al terrorismo dom\u00e9stico porque no admite que perdi\u00f3.<\/p>\n\n\n\n<p class=\"wp-block-paragraph\">Tarde, pero lleg\u00f3 la gran crisis de gobierno en Estados Unidos. Mostrando una de sus caras m\u00e1s tenebrosas: la del extremismo blanco.<\/p>\n\n\n\n<p class=\"wp-block-paragraph\">Se ven\u00eda venir desde el primer d\u00eda que el @realDonaldTrump se declar\u00f3 triunfador de la presidencia sobre el voto popular a favor de la pol\u00edtica Hillary Clinton, pero a pesar de las repetidas advertencias del problema de ego y multipolar del \u201cfake\u201d magnate estadounidense, la estructura pol\u00edtica norteamericana inclinada a la corriente Republicana no hizo caso de las llamadas, repetidas, de alarma de que la democracia estaba llevada al precipicio, porque es cierto lo dicho por Biden: la democracia es fr\u00e1gil, pero para serlo, pienso, se necesita un Trump.<\/p>\n\n\n\n<p class=\"wp-block-paragraph\">Quienes esper\u00e1bamos la asunci\u00f3n de Joe Biden como Presidente por el Congreso Electoral del vecino del norte, esper\u00e1bamos igualmente que el Vicepresidente Mike Pence no caer\u00eda en la presi\u00f3n de Trump, incluso esper\u00e1bamos el berrinche supremo del falso mandatario acompa\u00f1ada de la manifestaci\u00f3n de su grupo de j\u00f3venes seguidores actuando con violencia por las calles de Washington.<\/p>\n\n\n\n<p class=\"wp-block-paragraph\">Pero no esper\u00e1bamos la insurrecci\u00f3n de los \u201cpatriotas a la Trump\u201d con la rabia desplegada y el desparpajo para ingresar nada menos que al Capitolio como meros mafiosos y secuaces violentos reivindicadores de los Confederados sure\u00f1os.<\/p>\n\n\n\n<p class=\"wp-block-paragraph\">Todo ante la vista de millones de televidentes. Ante la mirada, incr\u00e9dula, de gobernantes dem\u00f3cratas del mundo.<\/p>\n\n\n\n<p class=\"wp-block-paragraph\">Imponerle la 5\u00aa. Enmienda, o sea sacarlo del poder presidencial, es v\u00e1lida, aunque sea a dos semanas antes del t\u00e9rmino de su nefasta presidencia que tanto da\u00f1o le ha hecho al pa\u00eds de las barras y estrellas, as\u00ed como al mundo entero.<\/p>\n\n\n\n<p class=\"wp-block-paragraph\">Esta horrible e incre\u00edble jornada de terror hoy en Washington \u00bfes el inicio del fin de las locuras de Trump o el inicio de una oleada de violentos actos ilegales por los Blancos Supremacistas que durar\u00e1 4 a\u00f1os a partir del 20 de enero?<\/p>\n\n\n\n<p class=\"wp-block-paragraph\">Imaginemos por un momento el mensaje para el mundo: si en Estados Unidos puede ocurrir lo de hoy, puede suceder tambi\u00e9n en todo pa\u00eds donde la democracia no sea la clave de gobierno estable, digno y de honor.<\/p>\n\n\n\n<p class=\"wp-block-paragraph\">Por ahora, D\u00eda de Reyes de 2021, es el d\u00eda de la verg\u00fcenza universal para Estados Unidos.<\/p>\n","protected":false},"excerpt":{"rendered":"<p>KYRA N\u00da\u00d1EZSemM\u00e9xico\/ El Sol de Chiapas. Tuxtla Guti\u00e9rrez, Chis. 7 de enero de 2020.- Se preguntan, afligidos, \u00bfc\u00f3mo se lleg\u00f3 a esto? a que una banda de extremistas irrumpa en el Capitolio precisamente cuando ambas c\u00e1maras de Representantes iniciaban el proceso tradicional de confirmaci\u00f3n legal del triunfador de las pasadas elecciones presidenciales de noviembre a [&hellip;]<\/p>\n","protected":false},"author":3,"featured_media":30462,"comment_status":"open","ping_status":"open","sticky":false,"template":"","format":"standard","meta":{"_monsterinsights_skip_tracking":false,"footnotes":""},"categories":[692,110,35],"tags":[],"class_list":["post-30461","post","type-post","status-publish","format-standard","has-post-thumbnail","category-692","category-la-opinion-columnas","category-opinion"],"_links":{"self":[{"href":"https:\/\/redsemlac.com\/semmexico\/wp-json\/wp\/v2\/posts\/30461","targetHints":{"allow":["GET"]}}],"collection":[{"href":"https:\/\/redsemlac.com\/semmexico\/wp-json\/wp\/v2\/posts"}],"about":[{"href":"https:\/\/redsemlac.com\/semmexico\/wp-json\/wp\/v2\/types\/post"}],"author":[{"embeddable":true,"href":"https:\/\/redsemlac.com\/semmexico\/wp-json\/wp\/v2\/users\/3"}],"replies":[{"embeddable":true,"href":"https:\/\/redsemlac.com\/semmexico\/wp-json\/wp\/v2\/comments?post=30461"}],"version-history":[{"count":0,"href":"https:\/\/redsemlac.com\/semmexico\/wp-json\/wp\/v2\/posts\/30461\/revisions"}],"wp:featuredmedia":[{"embeddable":true,"href":"https:\/\/redsemlac.com\/semmexico\/wp-json\/wp\/v2\/media\/30462"}],"wp:attachment":[{"href":"https:\/\/redsemlac.com\/semmexico\/wp-json\/wp\/v2\/media?parent=30461"}],"wp:term":[{"taxonomy":"category","embeddable":true,"href":"https:\/\/redsemlac.com\/semmexico\/wp-json\/wp\/v2\/categories?post=30461"},{"taxonomy":"post_tag","embeddable":true,"href":"https:\/\/redsemlac.com\/semmexico\/wp-json\/wp\/v2\/tags?post=30461"}],"curies":[{"name":"wp","href":"https:\/\/api.w.org\/{rel}","templated":true}]}}