{"id":30459,"date":"2021-01-07T19:51:14","date_gmt":"2021-01-07T19:51:14","guid":{"rendered":"https:\/\/redsemlac.com\/semmexico\/?p=30459"},"modified":"2023-07-21T16:44:55","modified_gmt":"2023-07-21T21:44:55","slug":"hijos-desobedientes-padre-complice","status":"publish","type":"post","link":"https:\/\/redsemlac.com\/semmexico\/hijos-desobedientes-padre-complice\/","title":{"rendered":"Hijos desobedientes, padre c\u00f3mplice"},"content":{"rendered":"\n<p class=\"wp-block-paragraph\">Mois\u00e9s S\u00e1nchez Lim\u00f3n<\/p>\n\n\n\n<p class=\"wp-block-paragraph\">SemM\u00e9xico, 7 de enero, 2021.- Aunque a estos hijos desobedientes no les ocurre lo que al personaje del corrido castigado con la muerte por la falta de respeto al padre, pol\u00edtica y socialmente son cad\u00e1veres, individuos carentes de credibilidad, insolentes que se burlan del sentido com\u00fan de los mexicanos que no se tragan las c\u00e1psulas patrioteras y de explicaciones no pedidas.&nbsp;<\/p>\n\n\n\n<p class=\"wp-block-paragraph\">\u00bfUsted le cree a Hugo L\u00f3pez-Gatell y a Manuel Bartlett D\u00edaz? Yo tampoco.<\/p>\n\n\n\n<p class=\"wp-block-paragraph\">Recupero una vez m\u00e1s la par\u00e1frasis de contundente descalificaci\u00f3n que la maestra Elba Esther Gordillo Morales hizo, en su momento, de Roberto Madrazo Pintado, quien se apoder\u00f3 del PRI como dirigente y luego oper\u00f3 alzarse candidato a la Presidencia s\u00f3lo para que el partidazo mordiera el polvo frente al PAN.<\/p>\n\n\n\n<p class=\"wp-block-paragraph\">S\u00ed, en aquellos comicios de 2006 en los que las huestes de Andr\u00e9s Manuel L\u00f3pez Obrador hicieron en el Palacio Legislativo de San L\u00e1zaro, algo parecido a lo ocurrido ayer en Washington, cuando los seguidores de Donald Trump irrumpieron en el Capitolio con el objetivo de desbarrancar la calificaci\u00f3n legislativa del triunfo de Joe Biden.<\/p>\n\n\n\n<p class=\"wp-block-paragraph\">En aquel 1 de diciembre de 2006, la bancada perredista y socios pese a la negativa de los l\u00edderes del PRD, entre ellos Jes\u00fas Zambrano Grijalva, de echar por la borda el bono democr\u00e1tico logrado en las urnas por el licenciado L\u00f3pez Obrador, por instrucciones de \u00e9ste armaron tal zipizape en el interior del Sal\u00f3n de Plenos de la C\u00e1mara de Diputados, en busca de evitar que Felipe Calder\u00f3n rindiera protesta como Presidente Constitucional de M\u00e9xico.<\/p>\n\n\n\n<p class=\"wp-block-paragraph\">Valga la referencia que pinta sobradamente la consecuencia de esa manga ancha con la que Andr\u00e9s Manuel oper\u00f3 en esos d\u00edas de crisis pol\u00edtica que estuvo a punto de estallar, en septiembre de ese 2006, cuando los magistrados del Tribunal Electoral del Poder Judicial de la Federaci\u00f3n declararon v\u00e1lida la elecci\u00f3n de Calder\u00f3n y le entregaron la constancia de mayor\u00eda como Presidente electo.<\/p>\n\n\n\n<p class=\"wp-block-paragraph\">Doce a\u00f1os despu\u00e9s, el licenciado Andr\u00e9s Manuel gan\u00f3 los comicios federales y logr\u00f3 su acariciado objetivo de convertirse en presidente de la rep\u00fablica, porque con sus actos y complicidades con integrantes de su equipo de trabajo, al que pomposamente llaman gabinete presidencial legal y ampliado \u2013Carlos Ferreyra aborrece esta denominaci\u00f3n\u2014no llega al nivel de las letras may\u00fasculas y mucho menos ser considerado jefe de estado.&nbsp;<\/p>\n\n\n\n<p class=\"wp-block-paragraph\">Por supuesto, sus colaboradores igual carecen de esa capacidad propositiva y de nivel de los cargos que ocupan, salvo honrosas excepciones, porque simplemente atienden las \u00f3rdenes que no instrucciones de su jefe el&nbsp;<em>se\u00f1orpresidente<\/em>&nbsp;que suele mentir y equivocarse ofensivamente, mas carece de la humildad de admitir yerros. En fin.<\/p>\n\n\n\n<p class=\"wp-block-paragraph\">De ah\u00ed el sustento que deriva en cuestionar el trabajo de Hugo L\u00f3pez-Gatell Ram\u00edrez como subsecretario de Prevenci\u00f3n y Promoci\u00f3n de la Salud, dependiente de la Secretar\u00eda de Salud, a quien el licenciado presidente L\u00f3pez Obrador ha defendido, dec\u00eda en el art\u00edculo del martes pasado, como don Pepe L\u00f3pez Portillo al peso, como declar\u00f3 en su \u00faltimo informe de gobierno en septiembre de 1982.&nbsp;<\/p>\n\n\n\n<p class=\"wp-block-paragraph\">\u00a1Vaya con Hugo, el hijo desobediente que se fue de pinta!<\/p>\n\n\n\n<p class=\"wp-block-paragraph\">El otro de los hijos de Andr\u00e9s Manuel, es el licenciado Manuel Bartlett D\u00edaz, cuya capacidad de mojarra enjabonada, \u00e9sta que se pinta con insolentes declaraciones y absoluto valemadrismo de lo que ocurre en la Comisi\u00f3n Federal de Electricidad, al grado de admitir el uso de un documento ap\u00f3crifo para disculpar un apag\u00f3n que afect\u00f3 a m\u00e1s de diez millones de habitantes en el pa\u00eds, sin que su jefe le imponga un correctivo que, en el mejor de los casos, ser\u00eda el despido.<\/p>\n\n\n\n<p class=\"wp-block-paragraph\">Acusado de actos de corrupci\u00f3n y de mentir, Bartlett D\u00edaz sigue en el cargo y hasta, cuando las graves inundaciones en Tabasco, se atrevi\u00f3 a descalificar al gobernador Ad\u00e1n Augusto L\u00f3pez y burlarse de la demanda que \u00e9ste dijo presentar\u00eda en su contra.<\/p>\n\n\n\n<p class=\"wp-block-paragraph\">\u00bfY cu\u00e1l es la respuesta del licenciado L\u00f3pez Obrador? La defensa de ambos personajes que, sin duda alguna, no ganar\u00edan un concurso de popularidad en su colonia. \u00bfUsted votar\u00eda por ellos para que cuidaran de su salud y le garantizaran el servicio el\u00e9ctrico? Tal vez su jefe tenga otros datos o simplemente no tenga de qui\u00e9n echar mano para sustituirlos. O de plano despedirlos implicar\u00eda debilidad en el mando. Bueno, bueno.<\/p>\n\n\n\n<p class=\"wp-block-paragraph\">Mire usted el tama\u00f1o de la defensa que el licenciado presidente hizo de L\u00f3pez-Gatell, a partir de la pregunta de quien se identific\u00f3 como \u201cMeme Yamel, de&nbsp;<em>The M\u00e9xico News&nbsp;<\/em>y&nbsp;<em>Sin Censura\u201d,&nbsp;<\/em>no dijo que fuera reportera. Pero es lo de menos, porque le puso en bandeja la respuesta.<\/p>\n\n\n\n<p class=\"wp-block-paragraph\"><strong>\u201c<\/strong>Y, presidente \u2013cit\u00f3 Meme (en serio, as\u00ed dijo llamarse)-, lamentablemente, hay muchos medios de comunicaci\u00f3n que est\u00e1n ya exigiendo la renuncia del doctor Hugo L\u00f3pez-Gatell. Esto es algo que vienen haciendo desde el d\u00eda de ayer medios de comunicaci\u00f3n, partidos pol\u00edticos, insisten con esta renuncia.<\/p>\n\n\n\n<p class=\"wp-block-paragraph\">\u201c(\u2026) Y rescato lo que menciona Ciro G\u00f3mez Leyva, porque dice que si el doctor Hugo L\u00f3pez-Gatell tuviera honor profesional se tendr\u00eda que ir, utiliz\u00f3 pr\u00e1cticamente ese t\u00e9rmino.<\/p>\n\n\n\n<p class=\"wp-block-paragraph\">\u201cPreguntarle si usted sabe si esa intenci\u00f3n del doctor Hugo L\u00f3pez-Gatell es real (de renunciar). \u00bfQu\u00e9 piensa acerca de este t\u00e9rmino?, m\u00e1s cuando estamos hablando de pol\u00edticos y medios de comunicaci\u00f3n que hablan de autoridad moral, autoridad pol\u00edtica y honor profesional\u201d.<\/p>\n\n\n\n<p class=\"wp-block-paragraph\"><strong>&#8212;<\/strong>No, al contrario \u2013respondi\u00f3 Andr\u00e9s Manuel&#8211;, para nosotros ha sido de mucha ayuda la participaci\u00f3n del doctor Hugo L\u00f3pez-Gatell, ejemplar.&nbsp;<strong>No creo que haya un funcionario en el mundo con esas caracter\u00edsticas, aunque se enojen y ya s\u00e9 lo que me van a contestar, a replicar. Es de primera el doctor Hugo L\u00f3pez-Gatell, preparado, es un gran profesional<\/strong>.<\/p>\n\n\n\n<p class=\"wp-block-paragraph\">Luego, casualmente pidi\u00f3 a Jes\u00fas Ram\u00edrez, quien cobra como vocero de la Presidencia de la Rep\u00fablica: \u201cA ver, \u00bfno tienes su curr\u00edculum?, sobre todo lo acad\u00e9mico. Comparen este curr\u00edculum con los que fueron antes secretarios de Salud. Adem\u00e1s, especialista en pandemias, preparado, con cultura general, con capacidad de exposici\u00f3n, porque es muy importante saber transmitirle al pueblo lo que debe hacerse y \u00e9l tiene mucha capacidad para eso; adem\u00e1s, honesto, honrado\u201d.<\/p>\n\n\n\n<p class=\"wp-block-paragraph\">Y, bueno, Chucho ley\u00f3 el curr\u00edculum de Hugo. Y etc\u00e9tera y etc\u00e9tera.<\/p>\n\n\n\n<p class=\"wp-block-paragraph\"><strong>&#8212;<\/strong>A ver \u00bfqui\u00e9nes piden que renuncie? \u2014pregunt\u00f3 L\u00f3pez Obrador &#8211;Krauze, por ejemplo.<\/p>\n\n\n\n<p class=\"wp-block-paragraph\"><strong>&#8212;<\/strong>S\u00ed, entre ellos. Ciro G\u00f3mez Leyva mencionando lo profesional, complet\u00f3 Meme Yamel.<\/p>\n\n\n\n<p class=\"wp-block-paragraph\"><strong>&#8212;<\/strong>A ver \u00bfpor qu\u00e9 no se produce un debate entre Hugo y Krauze? Ser\u00eda muy bueno, a ver qu\u00e9 nos dice el doctor Krauze\u2014ret\u00f3 el licenciado presidente y defendi\u00f3 al epidemi\u00f3logo, el hijo desobediente que se fue de pinta y abandon\u00f3 su responsabilidad como \u201czar de la pandemia de coronavirus\u201d.<\/p>\n\n\n\n<p class=\"wp-block-paragraph\">\u201c(\u2026) hay una campa\u00f1a de desprestigio en contra del doctor. Se me hace muy injusta, porque ha estado aplicado de tiempo completo. Imag\u00ednense la presi\u00f3n, lo que significa estar conduciendo acciones en contra de la pandemia con todo el dolor, con toda la tristeza, porque \u00e9l es un hombre sensible, humano. Y golpes y golpes y golpes. Entonces, se me hace injusto\u201d.&nbsp;<\/p>\n\n\n\n<p class=\"wp-block-paragraph\">Pregunt\u00e9 en el art\u00edculo del martes pasado: \u00bfcomplicidad? Bueno, lea usted la defensa que hizo Andr\u00e9s Manuel de Manuel Bartlett<\/p>\n\n\n\n<p class=\"wp-block-paragraph\">Judith S\u00e1nchez Reyes, quien se identific\u00f3 como corresponsal de&nbsp;<em>Imagen del Golfo,<\/em>&nbsp;de Veracruz, pidi\u00f3 la opini\u00f3n del licenciado presidente respecto de que la Comisi\u00f3n Federal de Electricidad reconoci\u00f3 que el documento que se present\u00f3 para dar a conocer las causas que provocaron el apag\u00f3n masivo el a\u00f1o pasado es falso, tal como se\u00f1al\u00f3, en su momento, el gobierno de Tamaulipas.<\/p>\n\n\n\n<p class=\"wp-block-paragraph\"><strong>&#8211;<\/strong>Bueno \u2013escurri\u00f3 el bulto el Peje (as\u00ed le gusta le digan)-, pues yo creo que es bueno reconocer que se cometi\u00f3 un error o, m\u00e1s que eso, el que se haya inventado un suceso, un incidente. Entonces, que la Comisi\u00f3n Federal siga llevando a cabo la investigaci\u00f3n y que se conozcan las causas.<\/p>\n\n\n\n<p class=\"wp-block-paragraph\">\u201c(\u2026) Y los que quisieran que fallara el sistema el\u00e9ctrico constantemente -por eso hubo tanta publicidad sobre este caso-, pues son los que han apostado a la privatizaci\u00f3n de la Comisi\u00f3n Federal de Electricidad, y tambi\u00e9n los que apuestan a que nos vaya mal como gobierno.<\/p>\n\n\n\n<p class=\"wp-block-paragraph\">\u201cPero qu\u00e9 bien que se tiene capacidad para rectificar, no caer en la autocomplacencia, ese es un distintivo de este gobierno. Adem\u00e1s, as\u00ed tiene que ser un gobierno democr\u00e1tico, tener capacidad para rectificar y decir la verdad siempre\u201d.<\/p>\n\n\n\n<p class=\"wp-block-paragraph\">\u00bfLa verdad siempre? \u00a1Sopas!<\/p>\n\n\n\n<p class=\"wp-block-paragraph\">Y luego se justific\u00f3:<\/p>\n\n\n\n<p class=\"wp-block-paragraph\">\u201cEntonces, ahora va a corresponder a la Comisi\u00f3n Federal de Electricidad aclarar si no fue lo que al principio sostuvieron, porque este documento es ap\u00f3crifo; entonces, que den la explicaci\u00f3n, qu\u00e9 fue lo que caus\u00f3 el apag\u00f3n, y adelante. Antes no cambiaba nada, o sea, antes hab\u00eda silencio por completo, pero ahora no, ahora la vida p\u00fablica tiene que ser cada vez m\u00e1s p\u00fablica, no se puede enga\u00f1ar al pueblo\u201d.<\/p>\n\n\n\n<p class=\"wp-block-paragraph\">\u00bfY la aplicaci\u00f3n de la ley? \u00bfD\u00f3nde el c\u00f3digo de \u00e9tica? L\u00f3pez-Gatell y Bartlett D\u00edaz, hijos desobedientes que proceden impunemente con la complacencia de su padre, el&nbsp;<em>se\u00f1orpresidente<\/em>&nbsp;que escurre responsabilidades y justifica atropellos y perversas actuaciones. S\u00ed, hay m\u00e1s, hijos e hijas como la secretaria de la Funci\u00f3n P\u00fablica y su marido el \u201cacad\u00e9mico\u201d que fueron exonerados por la Santa Inquisici\u00f3n encarnada en un solo hombre que habita en Palacio.&nbsp;<\/p>\n\n\n\n<p class=\"wp-block-paragraph\">Pregunta al calce:&nbsp;<\/p>\n\n\n\n<p class=\"wp-block-paragraph\">\u00bfLo ocurrido ayer mi\u00e9rcoles en el Capitolio, en Washington, se replicar\u00eda en el Tribunal Electoral del Poder Judicial de la Federaci\u00f3n, si antes no lo desaparece el pr\u00f3cer, en septiembre de 2024? Digo.<\/p>\n\n\n\n<p class=\"wp-block-paragraph\"><a href=\"mailto:sanchezlimon@gmail.com\">sanchezlimon@gmail.com<\/a><\/p>\n\n\n\n<p class=\"wp-block-paragraph\"><a href=\"http:\/\/www.entresemana.mx\/\">www.entresemana.mx<\/a><\/p>\n\n\n\n<p class=\"wp-block-paragraph\"><strong>@msanchezlimon<\/strong><\/p>\n","protected":false},"excerpt":{"rendered":"<p>Mois\u00e9s S\u00e1nchez Lim\u00f3n SemM\u00e9xico, 7 de enero, 2021.- Aunque a estos hijos desobedientes no les ocurre lo que al personaje del corrido castigado con la muerte por la falta de respeto al padre, pol\u00edtica y socialmente son cad\u00e1veres, individuos carentes de credibilidad, insolentes que se burlan del sentido com\u00fan de los mexicanos que no se [&hellip;]<\/p>\n","protected":false},"author":3,"featured_media":15805,"comment_status":"open","ping_status":"open","sticky":false,"template":"","format":"standard","meta":{"_monsterinsights_skip_tracking":false,"footnotes":""},"categories":[692,105,83,35],"tags":[],"class_list":["post-30459","post","type-post","status-publish","format-standard","has-post-thumbnail","category-692","category-entresemana","category-moises-sanchez-limon","category-opinion"],"_links":{"self":[{"href":"https:\/\/redsemlac.com\/semmexico\/wp-json\/wp\/v2\/posts\/30459","targetHints":{"allow":["GET"]}}],"collection":[{"href":"https:\/\/redsemlac.com\/semmexico\/wp-json\/wp\/v2\/posts"}],"about":[{"href":"https:\/\/redsemlac.com\/semmexico\/wp-json\/wp\/v2\/types\/post"}],"author":[{"embeddable":true,"href":"https:\/\/redsemlac.com\/semmexico\/wp-json\/wp\/v2\/users\/3"}],"replies":[{"embeddable":true,"href":"https:\/\/redsemlac.com\/semmexico\/wp-json\/wp\/v2\/comments?post=30459"}],"version-history":[{"count":0,"href":"https:\/\/redsemlac.com\/semmexico\/wp-json\/wp\/v2\/posts\/30459\/revisions"}],"wp:featuredmedia":[{"embeddable":true,"href":"https:\/\/redsemlac.com\/semmexico\/wp-json\/wp\/v2\/media\/15805"}],"wp:attachment":[{"href":"https:\/\/redsemlac.com\/semmexico\/wp-json\/wp\/v2\/media?parent=30459"}],"wp:term":[{"taxonomy":"category","embeddable":true,"href":"https:\/\/redsemlac.com\/semmexico\/wp-json\/wp\/v2\/categories?post=30459"},{"taxonomy":"post_tag","embeddable":true,"href":"https:\/\/redsemlac.com\/semmexico\/wp-json\/wp\/v2\/tags?post=30459"}],"curies":[{"name":"wp","href":"https:\/\/api.w.org\/{rel}","templated":true}]}}