{"id":30451,"date":"2021-01-07T17:05:18","date_gmt":"2021-01-07T17:05:18","guid":{"rendered":"https:\/\/redsemlac.com\/semmexico\/?p=30451"},"modified":"2023-07-21T16:44:55","modified_gmt":"2023-07-21T21:44:55","slug":"vinculan-a-proceso-probable-feminicida-de-ana-en-quintana-roo","status":"publish","type":"post","link":"https:\/\/redsemlac.com\/semmexico\/vinculan-a-proceso-probable-feminicida-de-ana-en-quintana-roo\/","title":{"rendered":"Vinculan a proceso probable feminicida de Ana, en Quintana Roo"},"content":{"rendered":"\n<p class=\"wp-block-paragraph\">* Evitar impunidad y prevenir delitos contra las mujeres prioridades, afirma el fiscal<\/p>\n\n\n\n<p class=\"wp-block-paragraph\">* El inculpado era empleado de seguridad del hotel donde fue encontrado el cuerpo de la joven<\/p>\n\n\n\n<p class=\"wp-block-paragraph\"><strong>\u00c1ngeles G\u00f3mez<\/strong><\/p>\n\n\n\n<p class=\"wp-block-paragraph\">SemM\u00e9xico, Canc\u00fan, Quintana Roo, 7 de enero, 2021.-En tanto, la Fiscal\u00eda General de Quintana Roo dio a conocer que ha sido vinculado a proceso el Carlos G. como presunto responsable del feminicidio de Ana G\u00f3mez Hern\u00e1ndez, el titular de la dependencia, Oscar Montes de Oca se\u00f1al\u00f3 que se emprenden acciones para prevenir la violencia contra las mujeres y la m\u00e1s importantes, dijo, es evitar que los hechos queden impunes.<\/p>\n\n\n\n<p class=\"wp-block-paragraph\">De acuerdo con las estad\u00edstica oficinales la entidad ubicada en el sureste mexicano y dedicada a la industria tur\u00edstica prioritariamente, no es la excepci\u00f3n en los casos de violencia de g\u00e9nero contra las mujeres, lo que provoc\u00f3 que al cierre de 2020 se realizaran movilizaciones de colectivos exigiendo justicia para Ana G\u00f3mez Hern\u00e1ndez quien fue localizada sin vida en las instalaciones del hotel Hard Rock Riviera Maya y que d\u00edas despu\u00e9s se determinara que el feminicida hab\u00eda sido un guardia de seguridad,\u00a0\u00a0quien este mi\u00e9rcoles fue vinculado a proceso y se espera una sentencia condenatoria, dijo.<\/p>\n\n\n\n<p class=\"wp-block-paragraph\">Poco antes, colectivos hab\u00edan expresado su molestia tras el crimen de Alexis, con movilizaciones en distintos puntos de la ciudad y cuyo caso alcanz\u00f3 notoriedad cuando la protesta social fue atacada a tiros por polic\u00edas a su llegada al palacio municipal de Benito Ju\u00e1rez.<\/p>\n\n\n\n<p class=\"wp-block-paragraph\">En ese sentido, el funcionario estatal sostuvo que el confinamiento sanitario provocado por la pandemia s\u00ed ha sido un detonante para el desencadenamiento de otros hechos violentos, de ah\u00ed que exista \u2013apunt\u00f3- una preocupaci\u00f3n real de atender cada denuncia de manera inmediata desde una perspectiva de g\u00e9nero.\u00a0<\/p>\n\n\n\n<p class=\"wp-block-paragraph\">En ese sentido, el fiscal general ponder\u00f3 que, aunque su trabajo es investigar los hechos, ha impulsado diversas acciones de prevenci\u00f3n junto con otras instancias gubernamentales como el Instituto Quintanarroense de las Mujeres y la Comisi\u00f3n Estatal de Protecci\u00f3n a V\u00edctimas.<\/p>\n\n\n\n<p class=\"wp-block-paragraph\">Entre esas acciones el fiscal de esta entidad ha sido enf\u00e1tico al menciona las denuncias en l\u00edneas, el Ministerio P\u00fablico m\u00f3vil, la asistencia a trav\u00e9s del 911, los grupos de protecci\u00f3n inmediata de Seguridad P\u00fablica para las mujeres y otras que buscan dar atenci\u00f3n inmediata a las mujeres y ni\u00f1as que viven o transitan por los distintos destinos tur\u00edsticos.<\/p>\n\n\n\n<p class=\"wp-block-paragraph\">Finalmente, Montes de Oca revel\u00f3 que con la detenci\u00f3n y vinculaci\u00f3n a proceso de Carlos N presunto feminicida de Ana G\u00f3mez, suman 12 de 14 casos judicializados por la Fiscal\u00eda ante el Tribunal de Justicia del Estado.<\/p>\n\n\n\n<p class=\"wp-block-paragraph\">SEM\/ag\/sj<\/p>\n","protected":false},"excerpt":{"rendered":"<p>* Evitar impunidad y prevenir delitos contra las mujeres prioridades, afirma el fiscal * El inculpado era empleado de seguridad del hotel donde fue encontrado el cuerpo de la joven \u00c1ngeles G\u00f3mez SemM\u00e9xico, Canc\u00fan, Quintana Roo, 7 de enero, 2021.-En tanto, la Fiscal\u00eda General de Quintana Roo dio a conocer que ha sido vinculado a [&hellip;]<\/p>\n","protected":false},"author":3,"featured_media":30452,"comment_status":"open","ping_status":"open","sticky":false,"template":"","format":"standard","meta":{"_monsterinsights_skip_tracking":false,"footnotes":""},"categories":[692,47],"tags":[],"class_list":["post-30451","post","type-post","status-publish","format-standard","has-post-thumbnail","category-692","category-no-mas-impunidad"],"_links":{"self":[{"href":"https:\/\/redsemlac.com\/semmexico\/wp-json\/wp\/v2\/posts\/30451","targetHints":{"allow":["GET"]}}],"collection":[{"href":"https:\/\/redsemlac.com\/semmexico\/wp-json\/wp\/v2\/posts"}],"about":[{"href":"https:\/\/redsemlac.com\/semmexico\/wp-json\/wp\/v2\/types\/post"}],"author":[{"embeddable":true,"href":"https:\/\/redsemlac.com\/semmexico\/wp-json\/wp\/v2\/users\/3"}],"replies":[{"embeddable":true,"href":"https:\/\/redsemlac.com\/semmexico\/wp-json\/wp\/v2\/comments?post=30451"}],"version-history":[{"count":0,"href":"https:\/\/redsemlac.com\/semmexico\/wp-json\/wp\/v2\/posts\/30451\/revisions"}],"wp:featuredmedia":[{"embeddable":true,"href":"https:\/\/redsemlac.com\/semmexico\/wp-json\/wp\/v2\/media\/30452"}],"wp:attachment":[{"href":"https:\/\/redsemlac.com\/semmexico\/wp-json\/wp\/v2\/media?parent=30451"}],"wp:term":[{"taxonomy":"category","embeddable":true,"href":"https:\/\/redsemlac.com\/semmexico\/wp-json\/wp\/v2\/categories?post=30451"},{"taxonomy":"post_tag","embeddable":true,"href":"https:\/\/redsemlac.com\/semmexico\/wp-json\/wp\/v2\/tags?post=30451"}],"curies":[{"name":"wp","href":"https:\/\/api.w.org\/{rel}","templated":true}]}}