{"id":30444,"date":"2021-01-06T21:53:27","date_gmt":"2021-01-06T21:53:27","guid":{"rendered":"https:\/\/redsemlac.com\/semmexico\/?p=30444"},"modified":"2023-07-21T16:44:55","modified_gmt":"2023-07-21T21:44:55","slug":"proyectemos-un-futuro-con-certidumbre-para-nuestros-nietos","status":"publish","type":"post","link":"https:\/\/redsemlac.com\/semmexico\/proyectemos-un-futuro-con-certidumbre-para-nuestros-nietos\/","title":{"rendered":"Proyectemos un futuro con certidumbre para nuestros nietos y nietas"},"content":{"rendered":"\n<h2 class=\"wp-block-heading\"><strong>R \u00c1 F A G A<\/strong><\/h2>\n\n\n\n<p class=\"has-text-align-right wp-block-paragraph\"><strong><em>M\u00c9XICO NOS NECESITA UNIDAD GENERAL, HOY ES PRIORITARIO<\/em><\/strong><\/p>\n\n\n\n<p class=\"wp-block-paragraph\"><strong>Jorge Herrera Valenzuela<\/strong><\/p>\n\n\n\n<p class=\"wp-block-paragraph\">SemM\u00e9xico, Cd. de M\u00e9xico, 6 de enero 2021.- Exactamente dentro de seis meses, domingo 6 de junio, millones de mexicanos y mexicanas tendremos la oportunidad de manifestarnos en las urnas electorales y dar paso a que gobierno y sociedad se aparten de la desuni\u00f3n en que vivimos y volvamos a la b\u00fasqueda de soluciones, reales y efectivas, a la problem\u00e1tica nacional que se agudiz\u00f3 en los \u00faltimos dos a\u00f1os.<\/p>\n\n\n\n<p class=\"wp-block-paragraph\">Nada justifica que desde Palacio Nacional se siga culpando de todos los males a los gobiernos anteriores. No m\u00e1s acusaciones sin prueba, lanzadas desde una tribuna ma\u00f1anera. Es urgente gobernar, administrar, coordinar programas de trabajo delegando las funciones, conforme a la ley, a cada colaborador presidencial. &nbsp;Indispensable la unidad nacional. Es hora de trabajar arm\u00f3nica, patri\u00f3tica e institucionalmente.<\/p>\n\n\n\n<p class=\"wp-block-paragraph\">La actual campa\u00f1a pol\u00edtica-electoral no es de la injerencia del Presidente de M\u00e9xico, como lo hace desde hace meses con sus visitas a las comunidades, no giras de trabajo. La organizaci\u00f3n, realizaci\u00f3n y calificaci\u00f3n de los comicios, est\u00e1 a cargo de un \u00f3rgano fundado hace m\u00e1s de 30 a\u00f1os, precisamente para que el Poder Ejecutivo no sea juez y parte. Primero fue el Instituto Federal Electoral y desde abril de 2014 es el Instituto Nacional Electoral.<\/p>\n\n\n\n<p class=\"wp-block-paragraph\">Claro que el gobierno del tabasque\u00f1o no es igual al de los cinco anteriores, porque antes se repart\u00edan las gubernaturas, las diputaciones federales y las presidencias municipales, por sectores. Hoy nada m\u00e1s hay uno&nbsp; que no quiere compartir y mantiene la l\u00ednea de figurar al lado de los candidatos de Morena, como lo hizo en 2018. Tampoco en eso es igual a sus antecesores, tiene raz\u00f3n. De las decenas de funcionarios federales de 1988 al 2018, \u201csolo se salvan tres: <strong>Manuel Bartlett D\u00edaz, Marcelo Luis Casaub\u00f3n e Ignacio Ovalle Fern\u00e1ndez<\/strong>. Est\u00e1n integrados al equipo morenista.<\/p>\n\n\n\n<p class=\"wp-block-paragraph\"><strong>NO HEREDAR PA\u00cdS DESTROZADO<\/strong><\/p>\n\n\n\n<p class=\"wp-block-paragraph\">Es preocupante que en M\u00e9xico el hombre de Palacio Nacional lleve dos a\u00f1os dividiendo a los mexicanos. Hoy los hay integrados a un \u201cpueblo bueno y sabio\u201d, mientras otros son conservadores, seguidores del neoliberalismo, la prensa que lo critica es \u201cfif\u00ed\u201d y quienes no aceptan sus determinaciones es porque \u201cson los que no quieren perder sus privilegios\u201d. La divisi\u00f3n entre el Presidente de M\u00e9xico y el empresariado, comerciantes e industriales, es el principal factor que frena el desarrollo.<\/p>\n\n\n\n<p class=\"wp-block-paragraph\">Por eso mi comentario est\u00e1 encauzado a que los restantes cuatro a\u00f1os del sexenio sirvan para terminar con la corrupci\u00f3n, liquidar la impunidad, disminuir la inseguridad, desterrar la violencia y dar paso a proyectos que en verdad transformen al pa\u00eds, m\u00e1xime que en este 2021 hay programadas festividades por la Fundaci\u00f3n de M\u00e9xico hace 700 a\u00f1os, los 500 a\u00f1os de la Ca\u00edda de Tenochtitl\u00e1n y el Bicentenario de la Consumaci\u00f3n de la Independencia. Sucesos que, junto con el movimiento armado de 1910, marcaron nuevos senderos en la vida de los mexicanos.<\/p>\n\n\n\n<p class=\"wp-block-paragraph\">Nadie se opone a la transformaci\u00f3n de los sistemas operativos en M\u00e9xico, pero no puede aceptarse desde\u00f1ar los avances logrados y que &nbsp;las bater\u00edas est\u00e9n enfocadas a destruir el pasado, sin planear ni programar el futuro para las nuevas generaciones, empezando por las de nuestros nietos y su descendencia. El pa\u00eds est\u00e1 destrozado. La sociedad inquieta, preocupada, sin ver un rumbo fijo y sin esperanza alguna de contar con soluciones reales. Esa demanda se manifestar\u00e1 en las hist\u00f3ricas elecciones federales, estatales y municipales que se avecinan.<\/p>\n\n\n\n<p class=\"wp-block-paragraph\"><strong>\u00bfAPOYAR\u00cdAMOS LA REELECCI\u00d3N?<\/strong><\/p>\n\n\n\n<p class=\"wp-block-paragraph\">En las elecciones del 6 de junio lo m\u00e1s trascedente ser\u00e1 la integraci\u00f3n de la C\u00e1mara de Diputados. En 300 Distritos Electorales ciudadanos y ciudadanas, con el apoyo de las coaliciones de partidos pol\u00edticos, estar\u00e1n buscando ocupar una curul. 200 m\u00e1s llegar\u00e1n a cobrar su sueldo, \u201cdieta\u201d, sin exponerse a nada porque van por la v\u00eda de \u201cla representaci\u00f3n proporcional\u201d.<\/p>\n\n\n\n<p class=\"wp-block-paragraph\">El Presidente de M\u00e9xico est\u00e1 empe\u00f1ado en tener el control de la C\u00e1mara de Diputados, para convocar a un Congreso Constituyente y presentar una iniciativa para entregarle al pueblo una nueva Constituci\u00f3n Pol\u00edtica, siguiendo el ejemplo de Cuba, Venezuela y&nbsp; Nicaragua. La vecindad de la Rep\u00fablica Mexicana con el pa\u00eds m\u00e1s poderoso del mundo, ser\u00eda un obst\u00e1culo para llevar a cabo una idea de esa naturaleza.<\/p>\n\n\n\n<p class=\"wp-block-paragraph\">De los actuales legisladores morenistas que dominan en el Palacio de San L\u00e1zaro, un buen n\u00famero de ellos trabajan, desde hace meses, para ser reelegidos en \u201csu Distrito\u201d o en otro que les d\u00e9 acomodo. Por primera vez se borrar\u00e1 el principio maderista, de \u201cno reelecci\u00f3n\u201d, aprobado en a\u00f1os anteriores por legislaturas. Por supuesto que los electores deber\u00e1n calibrar la actuaci\u00f3n de \u201csu diputado\u201d en los tres a\u00f1os, contados a partir de 2018. En otra \u00e9poca hubo diputados \u201crepetidores\u201d, dejando un espacio m\u00ednimo de tres a\u00f1os.<\/p>\n\n\n\n<p class=\"wp-block-paragraph\"><strong>CHAMBA PARA MAS DE 4,000<\/strong><\/p>\n\n\n\n<p class=\"wp-block-paragraph\">Despu\u00e9s del 6 de junio m\u00e1s de cuatro mil seres, mujeres y hombres, dejar\u00e1n de vivir en el desempleo, gracias a la ciudadan\u00eda que acudir\u00e1 a las casillas electorales. Efectivamente estos comicios representan un aut\u00e9ntico parteaguas en el pa\u00eds. Casi la mitad de las gubernaturas estar\u00e1n en juego y en 30 Estados habr\u00e1 &nbsp;mil 63 nuevas diputaciones &nbsp;locales y mil 973 presidencias &nbsp;municipales. En la Ciudad de M\u00e9xico adem\u00e1s de renovaci\u00f3n a &nbsp;titulares de 16 Alcald\u00edas (antes Delegaciones Pol\u00edticas), tendr\u00e1n sueldo seguro 160 concejales.<\/p>\n\n\n\n<p class=\"wp-block-paragraph\">Habr\u00e1 renovaci\u00f3n de gubernaturas &nbsp;en Baja California, Baja California Sur, Campeche, Colima, Chihuahua, Guerrero, Michoac\u00e1n, Nayarit, Nuevo Le\u00f3n, Quer\u00e9taro, San Luis Potos\u00ed, Sinaloa, Sonora, Tlaxcala y Zacatecas. &nbsp;Morena gobierna en Baja California y el PRD en Michoac\u00e1n;&nbsp; Nuevo Le\u00f3n, \u201cIndependiente\u201d. Acci\u00f3n Nacional gobierna en Baja California Sur, Chihuahua, Nayarit y Quer\u00e9taro. Los restantes son del PRI.<\/p>\n\n\n\n<p class=\"wp-block-paragraph\">En Coahuila y en Quintana Roo no habr\u00e1 renovaci\u00f3n de diputados locales, como tampoco elegir\u00e1n Presidentes Municipales en Durango e Hidalgo. Recientemente hubo elecciones de diputaciones &nbsp;en Coahuila y de 84 presidencias &nbsp;municipales en Hidalgo. En ambos eventos las candidaturas &nbsp;del PRI lograron triunfar, sobre todo en el norte\u00f1o Estado de los Madero, de Carranza y de Ramos Arizpe.<\/p>\n\n\n\n<p class=\"wp-block-paragraph\"><strong>PREGUNTA PARA MEDITAR;<\/strong><\/p>\n\n\n\n<p class=\"wp-block-paragraph\">\u00bfCu\u00e1l ser\u00e1 la respuesta de la ciudadan\u00eda, en esta aut\u00e9ntica consulta popular?<\/p>\n\n\n\n<p class=\"wp-block-paragraph\"><strong>jherrerav@live.com.mx<\/strong><\/p>\n","protected":false},"excerpt":{"rendered":"<p>Exactamente dentro de seis meses, domingo 6 de junio, millones de mexicanos y mexicanas tendremos la oportunidad de manifestarnos en las urnas electorales y dar paso a que gobierno y sociedad se aparten de la desuni\u00f3n en que vivimos<\/p>\n","protected":false},"author":3,"featured_media":7843,"comment_status":"open","ping_status":"open","sticky":false,"template":"","format":"standard","meta":{"_monsterinsights_skip_tracking":false,"footnotes":""},"categories":[692,94,35,107],"tags":[],"class_list":["post-30444","post","type-post","status-publish","format-standard","has-post-thumbnail","category-692","category-jorge-herrera-valenzuela","category-opinion","category-rafaga"],"_links":{"self":[{"href":"https:\/\/redsemlac.com\/semmexico\/wp-json\/wp\/v2\/posts\/30444","targetHints":{"allow":["GET"]}}],"collection":[{"href":"https:\/\/redsemlac.com\/semmexico\/wp-json\/wp\/v2\/posts"}],"about":[{"href":"https:\/\/redsemlac.com\/semmexico\/wp-json\/wp\/v2\/types\/post"}],"author":[{"embeddable":true,"href":"https:\/\/redsemlac.com\/semmexico\/wp-json\/wp\/v2\/users\/3"}],"replies":[{"embeddable":true,"href":"https:\/\/redsemlac.com\/semmexico\/wp-json\/wp\/v2\/comments?post=30444"}],"version-history":[{"count":0,"href":"https:\/\/redsemlac.com\/semmexico\/wp-json\/wp\/v2\/posts\/30444\/revisions"}],"wp:featuredmedia":[{"embeddable":true,"href":"https:\/\/redsemlac.com\/semmexico\/wp-json\/wp\/v2\/media\/7843"}],"wp:attachment":[{"href":"https:\/\/redsemlac.com\/semmexico\/wp-json\/wp\/v2\/media?parent=30444"}],"wp:term":[{"taxonomy":"category","embeddable":true,"href":"https:\/\/redsemlac.com\/semmexico\/wp-json\/wp\/v2\/categories?post=30444"},{"taxonomy":"post_tag","embeddable":true,"href":"https:\/\/redsemlac.com\/semmexico\/wp-json\/wp\/v2\/tags?post=30444"}],"curies":[{"name":"wp","href":"https:\/\/api.w.org\/{rel}","templated":true}]}}