{"id":30441,"date":"2021-01-06T21:49:40","date_gmt":"2021-01-06T21:49:40","guid":{"rendered":"https:\/\/redsemlac.com\/semmexico\/?p=30441"},"modified":"2023-07-21T16:44:55","modified_gmt":"2023-07-21T21:44:55","slug":"el-gobierno-de-la-4t-abandono-a-40-millones-de-ninos-ninas-y-adolescentes","status":"publish","type":"post","link":"https:\/\/redsemlac.com\/semmexico\/el-gobierno-de-la-4t-abandono-a-40-millones-de-ninos-ninas-y-adolescentes\/","title":{"rendered":"El Gobierno de la 4T abandon\u00f3 a 40 millones de ni\u00f1os, ni\u00f1as y adolescentes"},"content":{"rendered":"\n<ul class=\"wp-block-list\"><li><strong>35 millones de menores impactados por el cierre de escuelas y no se abrieron espacios para ellos, \u00a0se desmantel\u00f3 el Sistema Nacional de Vacunaci\u00f3n: rebrotes de sarampi\u00f3n y poliomielitis<\/strong><\/li><li><strong>La violencia por el confinamiento impact\u00f3 a estas criaturas con m\u00e1s violencia y\u00a0 el gobierno se cerr\u00f3 al di\u00e1logo: REDIM al presentar su informe 2020<\/strong><\/li><\/ul>\n\n\n\n<p class=\"wp-block-paragraph\"><em><strong>Sara Lovera<\/strong><\/em><\/p>\n\n\n\n<p class=\"wp-block-paragraph\">SemM\u00e9xico, Cd. de M\u00e9xico 6 de enero 2021.- \u00a0En el \u00faltimo a\u00f1o se agudiz\u00f3 la situaci\u00f3n de 40 millones de ni\u00f1as, ni\u00f1os y adolescentes en el pa\u00eds, a causa de las decisiones del gobierno que los abandon\u00f3; desmantel\u00f3 el sistema nacional de vacunaci\u00f3n; quit\u00f3 todo el presupuesto\u00a0 a la Estrategia Nacional de la Primera Infancia y redujo 19 por ciento el presupuesto para la salud materna, dijo esta ma\u00f1ana Juan Mart\u00edn P\u00e9rez Garc\u00eda, en una conferencia de prensa a distancia.<\/p>\n\n\n\n<p class=\"wp-block-paragraph\">El director de la Red por los Derechos de la Infancia en M\u00e9xico REDIM, agreg\u00f3 que la omisi\u00f3n de la pol\u00edtica de este gobierno anuncia da\u00f1os profundos en la salud mental de la tercera parte de la poblaci\u00f3n; creci\u00f3 la violencia sexual en ni\u00f1as, crecieron los embarazos tempranos, el trabajo infantil y la falta de informaci\u00f3n a las y los menores acusa un freno a su desarrollo.<\/p>\n\n\n\n<p class=\"wp-block-paragraph\">Adem\u00e1s, dijo, es una desgracia que no habr\u00e1 vacunaci\u00f3n para las y los menores, cuando m\u00e1s de 35 mil han sido infectados y m\u00e1s de 500 han muerto. Se abrieron restaurantes, pero siguen cerrados los parques, cuando el juego y el aire libre son fundamentales para su desarrollo futuro.<\/p>\n\n\n\n<p class=\"wp-block-paragraph\">Este informe, detallado, fue entregado a Leticia Ram\u00edrez en las puertas de palacio nacional previamente a la conferencia a distancia trasmitida en el Facebook de Redim. La entrega se hizo un acto en el que las y los directivos de Redim se acompa\u00f1aron &nbsp;por actores que representaban a Santa Claus y los Tres Reyes Magos. Juan Mart\u00edn P\u00e9rez Garc\u00eda, dijo que ojal\u00e1 lo lea el ejecutivo de la naci\u00f3n, porque urge rectificar la estrategia para atender la pandemia, reducida a una idea s\u00f3lo biol\u00f3gica de la infecci\u00f3n, abandonando todas las repercusiones sociales y econ\u00f3micas que han profundizado la pobreza de ni\u00f1os, ni\u00f1as y adolescentes. Pidi\u00f3 una pol\u00edtica para atender a ese segmento poblacional en orfandad, muchos de los m\u00e1s de 120 mil muertos, dejaron hijos o hijas; todas las personas que han perdido su empleo, tienen familia y en educaci\u00f3n se retrocedi\u00f3 40 a\u00f1os, al dar clases por televisi\u00f3n y no dotar de tabletas y computadoras a ni\u00f1os y ni\u00f1as.<\/p>\n\n\n\n<figure class=\"wp-block-pullquote\"><blockquote><p><strong><em>Un grupo de mujeres adolescentes llamado Educaci\u00f3n Justa, pidi\u00f3 directamente al ex Secretario de Educaci\u00f3n su escucha, desde abril insisten en ser escuchadas. Pero la respuesta ha sido cero<\/em><\/strong>.<\/p><\/blockquote><\/figure>\n\n\n\n<p class=\"wp-block-paragraph\">&nbsp;\u201cEst\u00e1bamos mal, pero ahora estamos peor\u201d as\u00ed, dijo Isabel Crowley, presidenta de REDIM,. Los 9 meses de confinamiento impact\u00f3 a la tercera parte de la poblaci\u00f3n, sin respuesta alguna; hay da\u00f1os en la salud, aument\u00f3 la trata, y la pornograf\u00eda creci\u00f3 157 por ciento; 35 millones de escolares no tienen computadoras; se abandon\u00f3 la Estrategia Nacional de Primera Infancia, para la que \u201cno hay un solo peso para 2021\u201d.<\/p>\n\n\n\n<h2 class=\"wp-block-heading\"><strong>EL INFORME<\/strong><\/h2>\n\n\n\n<p class=\"wp-block-paragraph\">El informe comentado a la prensa, denominado El A\u00f1o de la Sindemia&nbsp; y el abandono de la ni\u00f1ez&nbsp; en M\u00e9xico\u201d, que podr\u00e1 consultarse en las redes sociales de REDIM, analiza los impactos asociados a la crisis sanitaria, no se atendi\u00f3 el aumento de las brechas de desigualdad, y no se respondi\u00f3 a la OMS que llam\u00f3 al gobierno a tomarse con seriedad el fen\u00f3meno, no entendi\u00f3 como atender la desventaja y los efectos en la vida cotidiana.<\/p>\n\n\n\n<p class=\"wp-block-paragraph\">Un ejemplo es el desmantelamiento del Sistema Nacional de Vacunaci\u00f3n, ahora, se\u00f1ala el informe se esperan rebrotes de sarampi\u00f3n y poliomielitis; m\u00e1s otras enfermedades desatendidas como el c\u00e1ncer en mujeres, ni\u00f1as, ni\u00f1os y adolescentes, sigue en aumento la obesidad infantil; se mantiene la cifras de 7 desapariciones y 7 asesinatos diarios a ni\u00f1os, ni\u00f1as y adolescentes; hay 10 mil ni\u00f1os, ni\u00f1as y adolescentes con lesiones corporales por sus familia y durante la pandemia 15 por ciento de las estudiantes abandonaron la escuela para asumir el cargo de los cuidados.<\/p>\n\n\n\n<h2 class=\"wp-block-heading\"><strong>LA ORFANDAD<\/strong><\/h2>\n\n\n\n<p class=\"wp-block-paragraph\">En el cap\u00edtulo de propuestas REDIM propone, abandonar una mala estrategia sanitaria y atender la sindemia; hacer un cat\u00e1logo de ni\u00f1os y ni\u00f1as en la orfandad tras la muerte de madres y padres; informaci\u00f3n adecuada a la ni\u00f1ez. Que no se les inform\u00f3 del cierre de escuelas, no se les escuch\u00f3 y ahora no se van a vacunar, cuando los mensajes son tremendos en t\u00e9rminos m\u00e9dicos y ellos y ellas no entienden porque se les omitir\u00e1 en la vacunaci\u00f3n. Habr\u00e1 efectos mentales que no se est\u00e1n viendo ni atendiendo.<\/p>\n\n\n\n<p class=\"wp-block-paragraph\">La pandemia ha hecho que muchos ni\u00f1os y ni\u00f1as \u201cenfrentan un gran problema en casa porque la lleg\u00f3 la violencia ah\u00ed. Se han incrementado los casos de abuso sexual, de corrupci\u00f3n de menores y embarazos tempranos\u201d, lament\u00f3 REDIM.<\/p>\n\n\n\n<p class=\"wp-block-paragraph\">En la presentaci\u00f3n &nbsp;P\u00e9rez Garc\u00eda llam\u00f3 a que las autoridades dejen de reducir la estrategia de control de la pandemia solo a temas m\u00e9dicos o biol\u00f3gicos, y empiecen a adoptar un enfoque \u201csind\u00e9mico\u201d, mediante el cual se visibilicen las desigualdades sociales que padecen ciertos grupos de poblaci\u00f3n y que hacen que se vean m\u00e1s afectados que otros.<\/p>\n\n\n\n<p class=\"wp-block-paragraph\">Un ejemplo de ello, dijo, es que en M\u00e9xico ocho de cada 10 personas que han muerto por Covid-19 no ten\u00edan acceso a seguridad social ni hospitales. Dichas condiciones de pobreza, sumadas a fen\u00f3menos como la violencia, la obesidad y la falta de acceso a alimentaci\u00f3n adecuada, hacen que muchas personas fallezcan sin recibir atenci\u00f3n.<\/p>\n\n\n\n<p class=\"wp-block-paragraph\">\u201cUn error en la pandemia fue pensar que a los ni\u00f1os no les pasaba nada, que eran inmunes, pero la Organizaci\u00f3n Mundial de la Salud ya aclar\u00f3 que esto es falso. En M\u00e9xico tenemos a miles de ni\u00f1os dados como positivos (por Covid-19) y cerca de 500 de ellos han muerto, la mayor\u00eda adolescentes con problemas de salud asociados\u201d.<\/p>\n\n\n\n<p class=\"wp-block-paragraph\">El 2020 fue \u201cel a\u00f1o en el que la sindemia le est\u00e1 cobrando la vida y los proyectos de futuro a ni\u00f1os, ni\u00f1as y adolescentes, pero sobre todo es el a\u00f1o en que el Estado mexicano abandon\u00f3 a su infancia\u201d, integrada por 40 millones de nacionales.<\/p>\n\n\n\n<p class=\"wp-block-paragraph\">Ah\u00ed en Palacio Nacional, minutos despu\u00e9s del acto de Reyes Magos, &nbsp;P\u00e9rez Garc\u00eda, Santa le entreg\u00f3 una copia del Balance Anual 2020 de la Redim a Leticia Ram\u00edrez, directora de Atenci\u00f3n Ciudadana de la Presidencia de la Rep\u00fablica.<\/p>\n","protected":false},"excerpt":{"rendered":"<p>La violencia por el confinamiento impact\u00f3 a estas criaturas con m\u00e1s violencia y  el gobierno se cerr\u00f3 al di\u00e1logo: REDIM al presentar su informe 2020<\/p>\n","protected":false},"author":3,"featured_media":30442,"comment_status":"open","ping_status":"open","sticky":false,"template":"","format":"standard","meta":{"_monsterinsights_skip_tracking":false,"footnotes":""},"categories":[692,51],"tags":[],"class_list":["post-30441","post","type-post","status-publish","format-standard","has-post-thumbnail","category-692","category-ejecutivo"],"_links":{"self":[{"href":"https:\/\/redsemlac.com\/semmexico\/wp-json\/wp\/v2\/posts\/30441","targetHints":{"allow":["GET"]}}],"collection":[{"href":"https:\/\/redsemlac.com\/semmexico\/wp-json\/wp\/v2\/posts"}],"about":[{"href":"https:\/\/redsemlac.com\/semmexico\/wp-json\/wp\/v2\/types\/post"}],"author":[{"embeddable":true,"href":"https:\/\/redsemlac.com\/semmexico\/wp-json\/wp\/v2\/users\/3"}],"replies":[{"embeddable":true,"href":"https:\/\/redsemlac.com\/semmexico\/wp-json\/wp\/v2\/comments?post=30441"}],"version-history":[{"count":0,"href":"https:\/\/redsemlac.com\/semmexico\/wp-json\/wp\/v2\/posts\/30441\/revisions"}],"wp:featuredmedia":[{"embeddable":true,"href":"https:\/\/redsemlac.com\/semmexico\/wp-json\/wp\/v2\/media\/30442"}],"wp:attachment":[{"href":"https:\/\/redsemlac.com\/semmexico\/wp-json\/wp\/v2\/media?parent=30441"}],"wp:term":[{"taxonomy":"category","embeddable":true,"href":"https:\/\/redsemlac.com\/semmexico\/wp-json\/wp\/v2\/categories?post=30441"},{"taxonomy":"post_tag","embeddable":true,"href":"https:\/\/redsemlac.com\/semmexico\/wp-json\/wp\/v2\/tags?post=30441"}],"curies":[{"name":"wp","href":"https:\/\/api.w.org\/{rel}","templated":true}]}}