{"id":30403,"date":"2021-01-04T22:31:21","date_gmt":"2021-01-04T22:31:21","guid":{"rendered":"https:\/\/redsemlac.com\/semmexico\/?p=30403"},"modified":"2023-07-21T16:44:56","modified_gmt":"2023-07-21T21:44:56","slug":"entra-en-vigor-en-corea-del-sur-la-ley-que-legaliza-el-aborto","status":"publish","type":"post","link":"https:\/\/redsemlac.com\/semmexico\/entra-en-vigor-en-corea-del-sur-la-ley-que-legaliza-el-aborto\/","title":{"rendered":"Entra en vigor en Corea del Sur la ley que  legaliza el aborto"},"content":{"rendered":"\n<ul class=\"wp-block-list\"><li><strong>Se a\u00f1ade a la lista de pa\u00edses desarrollados que despenaliza esta pr\u00e1ctica<\/strong><\/li><li><strong>Cerca de 50 mil abortos al a\u00f1o hicieron al&nbsp; &nbsp;Parlamento consciente de la demanda social y culturalmente ya aceptada y ahora es una realidad<\/strong><\/li><\/ul>\n\n\n\n<p class=\"wp-block-paragraph\"><strong>Redacci\u00f3n<\/strong><\/p>\n\n\n\n<p class=\"wp-block-paragraph\">SemM\u00e9xico. 04 de enero 2021.- El &nbsp;<a href=\"https:\/\/es.wikipedia.org\/wiki\/Aborto\"><strong>aborto<\/strong><\/a><strong>&nbsp;en&nbsp;<\/strong><a href=\"https:\/\/es.wikipedia.org\/wiki\/Corea_del_Sur\"><strong>Corea del Sur<\/strong><\/a>&nbsp;es legal desde este el primer d\u00eda de enero de 2021, de acuerdo a la reforma constitucional enmendada en abril de 2019 que puso&nbsp; fin a la prohibici\u00f3n.<\/p>\n\n\n\n<p class=\"wp-block-paragraph\">&nbsp;El tribunal determin\u00f3 como inconstitucional la medida, que criminalizaba &nbsp;a las mujeres, era una violaci\u00f3n a los derechos de la salud. Uno de los argumentos de la tribuna fue que no era de admitir &nbsp;que el embri\u00f3n fuera &nbsp;considerado como &nbsp;una persona con derechos, &nbsp;puesto que depende &nbsp;completamente del cuerpo de la mujer para su desarrollo. Hasta esta fecha &nbsp;los abortos ilegales son generalizados.<\/p>\n\n\n\n<p class=\"wp-block-paragraph\">El gobierno surcoreano penaliz\u00f3 el aborto bajo todas circunstancias en el C\u00f3digo Penal que data de 1953.<\/p>\n\n\n\n<p class=\"wp-block-paragraph\">Esto fue enmendado por la Ley de Salud Maternal e Infantil de 1973, el cual ya permit\u00eda &nbsp;al m\u00e9dico realizar un aborto si la mujer embarazada o su c\u00f3nyuge sufren de ciertas enfermedades&nbsp;<a href=\"https:\/\/es.wikipedia.org\/wiki\/Enfermedad_gen%C3%A9tica\">gen\u00e9ticas<\/a>&nbsp;o&nbsp;<a href=\"https:\/\/es.wikipedia.org\/wiki\/Infecci%C3%B3n\">infecciosas<\/a>, si el embarazo es producto de una violaci\u00f3n o del incesto, o si el embarazo pone en riesgo la vida de la madre.<\/p>\n\n\n\n<p class=\"wp-block-paragraph\">Ese c\u00f3digo se\u00f1alaba que cualquier m\u00e9dico que viole la ley ser\u00e1 castigado con 2 a\u00f1os de c\u00e1rcel. Los abortos autoinducidos tambi\u00e9n se consideraban ilegales, y se castigaban &nbsp;mediante&nbsp; multa o encarcelamiento. \u200b<\/p>\n\n\n\n<p class=\"wp-block-paragraph\">No obstante, los abortos se realizan com\u00fanmente en hospitales y cl\u00ednicas. \u200b La ley de aborto no se aplic\u00f3 con fuerza, especialmente durante las campa\u00f1as de reducir las altas&nbsp;<a href=\"https:\/\/es.wikipedia.org\/wiki\/Tasa_de_fertilidad\">tasas de fertilidad<\/a>&nbsp;en el pa\u00eds, durante las d\u00e9cadas de 1970 y 1980. A medida que la tasa de fertilidad iba disminuyendo durante la d\u00e9cada del &nbsp;2000, el gobierno y los grupos pro-vida enfocaron su atenci\u00f3n hacia los abortos ilegales, \u200b y el gobierno la prohibici\u00f3n y persecuci\u00f3n buscando &nbsp;la aplicaci\u00f3n de la ley de aborto.<\/p>\n\n\n\n<p class=\"wp-block-paragraph\">A pesar de todo ello, son pocas las mujeres y m\u00e9dicos que han sido enjuiciados por esta ley restrictiva. \u200b<\/p>\n\n\n\n<p class=\"wp-block-paragraph\">Gran parte del debate que se llev\u00f3 posteriormente, fue si el gobierno deber\u00eda tomar acciones en\u00e9rgicas para frenar los abortos ilegales, o si la ley deber\u00eda ser modificada.<\/p>\n\n\n\n<figure class=\"wp-block-image size-large\"><a href=\"https:\/\/redsemlac.com\/semmexico\/wp-content\/uploads\/2021\/01\/corea-aborto.jpg\"><img decoding=\"async\" src=\"https:\/\/redsemlac.com\/semmexico\/wp-content\/uploads\/2021\/01\/corea-aborto-1024x575.jpg\" alt=\"\" class=\"wp-image-30404\"\/><\/a><\/figure>\n\n\n\n<p class=\"wp-block-paragraph\">En septiembre de 2017, los activistas a favor del aborto presentaron una petici\u00f3n en el sitio web del Presidente surcoreano&nbsp;<a href=\"https:\/\/es.wikipedia.org\/wiki\/Moon_Jae-in\">Moon Jae-in<\/a>, solicitando que el gobierno modificara la ley para permitir la venta de&nbsp;<a href=\"https:\/\/es.wikipedia.org\/wiki\/Mifepristona\">mifepristona<\/a>, la &nbsp;p\u00edldora abortiva.<\/p>\n\n\n\n<p class=\"wp-block-paragraph\">\u200bEn noviembre de ese mismo a\u00f1o, la oficina del presidente respondi\u00f3 la petici\u00f3n, anunciando que la ley iba ser nuevamente modificada. \u200b En 2018, el Tribunal Constitucional estuvo dispuesto a escuchar los cuestionamientos sobre la constitucionalidad sobre la ley de aborto.<\/p>\n\n\n\n<p class=\"wp-block-paragraph\">En Corea del Sur el&nbsp;<a href=\"https:\/\/es.wikipedia.org\/wiki\/Aborto_selectivo_por_sexo\">aborto selectivo por sexo<\/a>, atribuido a preferencias culturales, se expandi\u00f3 mucho en el pa\u00eds. A pesar de que se realiz\u00f3 una revisi\u00f3n en el C\u00f3digo M\u00e9dico en 1987, que proh\u00edbe a los m\u00e9dicos el uso del&nbsp;<a href=\"https:\/\/es.wikipedia.org\/wiki\/Diagn%C3%B3stico_prenatal\">diagn\u00f3stico prenatal<\/a>&nbsp;para revelar el sexo del feto, la proporci\u00f3n al nacer sigui\u00f3 aumentando durante los a\u00f1os noventa.<\/p>\n\n\n\n<p class=\"wp-block-paragraph\">Esta revisi\u00f3n fue considerada inconstitucional en 2008, por parte del Tribunal Constitucional.<\/p>\n\n\n\n<p class=\"wp-block-paragraph\">Mediante una encuesta del a\u00f1o 2005 realizada a 25 hospitales y 176 cl\u00ednicas privadas, su &nbsp;estudio estim\u00f3 que se hab\u00edan realizado ese a\u00f1o 342 mil 433 abortos en ese a\u00f1o, lo que implicar\u00eda una tasa de 29.8 abortos por cada 1000 mujeres entre los 15 y 44 a\u00f1os.<\/p>\n\n\n\n<p class=\"wp-block-paragraph\">La tasa hizo evidente &nbsp;que era realizado m\u00e1s por mujeres solteras que casadas. \u200b El Ministerio de Salud y Bienestar estim\u00f3 que en 2010, se hab\u00edan realizado 169 mil &nbsp;abortos. Otros investigadores, incluyendo Park Myung-bae de la Universidad Pai Chai, estimaron que puede haber hasta 500 mil o un &nbsp;mill\u00f3n de abortos por a\u00f1o.<\/p>\n\n\n\n<h2 class=\"wp-block-heading\"><strong>ABRIL 2019<\/strong><\/h2>\n\n\n\n<p class=\"wp-block-paragraph\">Con esa promesa del gobierno&nbsp; el Tribunal Constitucional orden\u00f3 al &nbsp;Parlamento que antes de finales de 2020 reformara &nbsp;la ley prohibitiva del aborto, as\u00ed sucedi\u00f3 en abril pasado con el mandato de que entrara en vigor el primer d\u00eda de 2021.<\/p>\n\n\n\n<p class=\"wp-block-paragraph\">De esta manera el pa\u00eds ingresar\u00e1 entonces en la normalidad: dejar\u00e1 de ser una excepci\u00f3n entre las sociedades desarrolladas que a\u00fan criminalizan la interrupci\u00f3n del embarazo, se dijo lo que &nbsp;acomodar\u00eda &nbsp;la normativa a la sensibilidad social y permitir\u00e1 una pr\u00e1ctica tan generalizada como asumida.<\/p>\n\n\n\n<p class=\"wp-block-paragraph\">El alto tribunal decidi\u00f3 por siete votos a favor y dos en contra que la prohibici\u00f3n del aborto era &nbsp;inconstitucional. Esa ley, aclara la sentencia, \u201climita los derechos de las mujeres a perseguir sus destinos y viola sus derechos a la salud porque limita su acceso a procedimientos seguros y puntuales\u201d.<\/p>\n\n\n\n<p class=\"wp-block-paragraph\">La decisi\u00f3n subraya el impacto del movimiento #Metoo en una de las sociedades m\u00e1s machistas del mundo. El mismo tribunal hab\u00eda mantenido la ley cinco a\u00f1os atr\u00e1s en una votaci\u00f3n que acab\u00f3 con empate a cuatro votos por la ausencia de un juez.<\/p>\n\n\n\n<p class=\"wp-block-paragraph\">La ley, aprobada 66 a\u00f1os atr\u00e1s, s\u00f3lo permit\u00eda &nbsp;el aborto en casos de&nbsp;<strong>violaci\u00f3n, incesto, serio riesgo para la salud de la madre&nbsp;<\/strong>o malformaciones graves. Penalizaba hasta<strong>&nbsp;un a\u00f1o de c\u00e1rcel<\/strong>&nbsp;y multas de dos millones de wons (1.558 euros) para las mujeres y dos a\u00f1os de c\u00e1rcel para los m\u00e9dicos.&nbsp;<\/p>\n\n\n\n<p class=\"wp-block-paragraph\">Los registros del Instituto Coreano para la Salud y Asuntos Sociales sientan la pronunciada ca\u00edda del n\u00famero de abortos: 342 mil &nbsp;en 2005, 168 mil &nbsp;en 2011 y 49 mil 700 el en 2018. El 94 % de los \u00faltimos fueron ilegales. Pero los expertos alertaron que podr\u00edan ser hasta diez veces m\u00e1s porque el estigma recomienda la clandestinidad.<\/p>\n\n\n\n<p class=\"wp-block-paragraph\">Igualmente un estudio del 2018 del Instituto Coreano de Desarrollo de la Mujer fortalece esa impresi\u00f3n: abort\u00f3 una de cada cinco mujeres embarazadas y s\u00f3lo uno por ciento estaba amparada por la normativa de excepciones.<\/p>\n\n\n\n<p class=\"wp-block-paragraph\">En la tendencia ha influido m\u00e1s el menor n\u00famero de mujeres en edad f\u00e9rtil y la mayor oferta de m\u00e9todos anticonceptivos que el miedo al castigo. La ley, de hecho, era papel mojado. Apenas 80 mujeres y doctores se sentaron ante la justicia entre 2013 y 2018 y s\u00f3lo uno pis\u00f3 la c\u00e1rcel. La decisi\u00f3n judicial llega tras el amparo solicitado por una doctora procesada tras practicar 70 abortos ilegales. La ley, defiende, atenta contra el logro de la felicidad, la igualdad y la libertad.<\/p>\n\n\n\n<p class=\"wp-block-paragraph\">Las \u00faltimas encuestas acreditaron &nbsp;la tendencia social. Un 58 por ciento de los cuestionados manifestaron estar &nbsp;a favor del aborto y el porcentaje se eleva al 75 por ciento &nbsp;en el segmento de mujeres en edad f\u00e9rtil. Una petici\u00f3n para legalizarlo sum\u00f3 m\u00e1s de 230 mil &nbsp;firmas&nbsp; y una manifestaci\u00f3n en diciembre de 2018 en Se\u00fal reuni\u00f3 a 3 mil &nbsp;personas. Estas manifestaciones mostraron a muchas mueres que &nbsp;ocultaron &nbsp;su cara con m\u00e1scaras y quienes la organizaron &nbsp;censuraron las fotos que permit\u00edan identificarlas.<\/p>\n\n\n\n<p class=\"wp-block-paragraph\">El fallo judicial supone un hito en una sociedad conservadora y con el mayor porcentaje de cristianos de Asia. La polarizaci\u00f3n alcanza al Gobierno: el Ministerio de Familia e Igualdad de G\u00e9neros hab\u00eda pedido la legalizaci\u00f3n del aborto mientras el de Justicia alud\u00eda al deber del Estado de proteger el derecho a la vida del feto.<\/p>\n\n\n\n<p class=\"wp-block-paragraph\">En el debate no hubo claridad de Moon Jae-in, el&nbsp; presidente que ha adoptado la paz en la pen\u00ednsula como reto vital. Es tan cat\u00f3lico como entusiasta defensor de los derechos de las mujeres en un pa\u00eds que ocupa el puesto 116 entre 144 pa\u00edses en la clasificaci\u00f3n de igualdad de g\u00e9nero.<\/p>\n\n\n\n<p class=\"wp-block-paragraph\">La postura gubernamental hacia la ley vari\u00f3 en funci\u00f3n de las urgencias demogr\u00e1ficas. La ley fue ol\u00edmpicamente ignorada en la d\u00e9cada de los a\u00f1os 70 y los 80, cuando el pa\u00eds encadenaba baby booms y desde Se\u00fal se aclaraba que \u201cdos hijos son demasiados\u201d. La preferencia por los varones, que perpet\u00faan el apellido, abocaba a muchas parejas a la ilegalidad. La llegada de la tecnolog\u00eda de ultrasonidos estimul\u00f3 los abortos de ni\u00f1as. Tambi\u00e9n el estigma social de la madre soltera increment\u00f3 las cifras. Hasta no hace tanto tiempo eran forzadas a abandonar los estudios, repudiadas por sus familias y enviadas a remotas instituciones.<\/p>\n\n\n\n<p class=\"wp-block-paragraph\">La entrada en vigor del fallo jubilar\u00e1 esa hipocres\u00eda legal que criminaliza una conducta generalizada y socialmente aceptada. El aborto ha sido adoptado por los movimientos feministas que luchan contra el milenario andamiaje patriarcal del pa\u00eds. \u201cExiste una creciente conciencia sobre el da\u00f1o y los peligros para la vida y la salud de la mujer que causa la prohibici\u00f3n del aborto y este cambio refleja la mayor aceptaci\u00f3n de los derechos de la mujer en Corea del Sur\u201d, juzga Hasunuma.<\/p>\n\n\n\n<p class=\"wp-block-paragraph\">Sem\/agencias\/SL<\/p>\n","protected":false},"excerpt":{"rendered":"<p>Se a\u00f1ade a la lista de pa\u00edses desarrollados que despenaliza esta pr\u00e1ctica<\/p>\n","protected":false},"author":3,"featured_media":30405,"comment_status":"open","ping_status":"open","sticky":false,"template":"","format":"standard","meta":{"_monsterinsights_skip_tracking":false,"footnotes":""},"categories":[692,53],"tags":[],"class_list":["post-30403","post","type-post","status-publish","format-standard","has-post-thumbnail","category-692","category-internacional"],"_links":{"self":[{"href":"https:\/\/redsemlac.com\/semmexico\/wp-json\/wp\/v2\/posts\/30403","targetHints":{"allow":["GET"]}}],"collection":[{"href":"https:\/\/redsemlac.com\/semmexico\/wp-json\/wp\/v2\/posts"}],"about":[{"href":"https:\/\/redsemlac.com\/semmexico\/wp-json\/wp\/v2\/types\/post"}],"author":[{"embeddable":true,"href":"https:\/\/redsemlac.com\/semmexico\/wp-json\/wp\/v2\/users\/3"}],"replies":[{"embeddable":true,"href":"https:\/\/redsemlac.com\/semmexico\/wp-json\/wp\/v2\/comments?post=30403"}],"version-history":[{"count":0,"href":"https:\/\/redsemlac.com\/semmexico\/wp-json\/wp\/v2\/posts\/30403\/revisions"}],"wp:featuredmedia":[{"embeddable":true,"href":"https:\/\/redsemlac.com\/semmexico\/wp-json\/wp\/v2\/media\/30405"}],"wp:attachment":[{"href":"https:\/\/redsemlac.com\/semmexico\/wp-json\/wp\/v2\/media?parent=30403"}],"wp:term":[{"taxonomy":"category","embeddable":true,"href":"https:\/\/redsemlac.com\/semmexico\/wp-json\/wp\/v2\/categories?post=30403"},{"taxonomy":"post_tag","embeddable":true,"href":"https:\/\/redsemlac.com\/semmexico\/wp-json\/wp\/v2\/tags?post=30403"}],"curies":[{"name":"wp","href":"https:\/\/api.w.org\/{rel}","templated":true}]}}