{"id":30400,"date":"2021-01-04T21:51:18","date_gmt":"2021-01-04T21:51:18","guid":{"rendered":"https:\/\/redsemlac.com\/semmexico\/?p=30400"},"modified":"2023-07-21T16:44:56","modified_gmt":"2023-07-21T21:44:56","slug":"tatiana-clouthier-carrillo-asumio-este-lunes-la-titularidad-de-la-secretaria-de-economia","status":"publish","type":"post","link":"https:\/\/redsemlac.com\/semmexico\/tatiana-clouthier-carrillo-asumio-este-lunes-la-titularidad-de-la-secretaria-de-economia\/","title":{"rendered":"Tatiana Clouthier Carrillo asumi\u00f3 este lunes la titularidad de la Secretar\u00eda de Econom\u00eda"},"content":{"rendered":"\n<ul class=\"wp-block-list\"><li><strong>Su misi\u00f3n: reactivar la econom\u00eda&nbsp; a trav\u00e9s de la inversi\u00f3n,&nbsp;&nbsp; tras la ca\u00edda en los \u00faltimos 2 a\u00f1os<\/strong><\/li><li><strong>Egresada de la Universidad de Harvard en asuntos de econom\u00eda y gobernanza<\/strong><\/li><\/ul>\n\n\n\n<p class=\"wp-block-paragraph\"><strong>Por: Lizbeth \u00c1lvarez Mart\u00ednez<\/strong><\/p>\n\n\n\n<p class=\"wp-block-paragraph\">SemM\u00e9xico, Cd. de M\u00e9xico, 4 de enero 2021.- Tatiana Clouthier Carrillo asumi\u00f3 la titularidad de la Secretar\u00eda de Econom\u00eda SE, luego que se anunci\u00f3 ser\u00eda la&nbsp; sucesora de Graciela M\u00e1rquez Col\u00edn, quien se integr\u00f3 al Inegi, el gobierno del presidente Andr\u00e9s Manuel L\u00f3pez Obrador, defendi\u00f3 que su misi\u00f3n ser\u00e1 mantener una buena relaci\u00f3n con el sector privado para incentivar la recuperaci\u00f3n econ\u00f3mica tras la desaceleraci\u00f3n sufrida en la segunda mitad de 2018 y el impacto del Covid-19 en 2020.<\/p>\n\n\n\n<p class=\"wp-block-paragraph\">La dependencia resalt\u00f3 en un comunicado que Clouthier suma 12 a\u00f1os de experiencia en el servicio p\u00fablico, en los espacios s municipal y estatal, as\u00ed como que ha ocupado dos veces una diputaci\u00f3n federal.<\/p>\n\n\n\n<p class=\"wp-block-paragraph\">De acuerdo con la dependencia, Clouthier Carrillo es maestra en Administraci\u00f3n P\u00fablica por la Universidad Aut\u00f3noma de Nuevo Le\u00f3n y licenciada en Lengua Inglesa por el Tecnol\u00f3gico de Monterrey.<\/p>\n\n\n\n<p class=\"wp-block-paragraph\">&nbsp;\u201cTiene estudios en: Cultura de la Legalidad por The George Washington University; en Gobernanza por Harvard University y en Perspectivas Econ\u00f3micas y Pol\u00edticas para M\u00e9xico por Harvard University\u201d, resalt\u00f3 el mensaje.<\/p>\n\n\n\n<p class=\"wp-block-paragraph\">Entre otras actividades, tambi\u00e9n ha sido docente en diversas instituciones educativas y conferencista en varios institutos internacionales como la Universidad de Berkeley en California, y la London School of Economics en Reino Unido.<\/p>\n","protected":false},"excerpt":{"rendered":"<p>Egresada de la Universidad de Harvard en asuntos de econom\u00eda y gobernanza<\/p>\n","protected":false},"author":3,"featured_media":30401,"comment_status":"open","ping_status":"open","sticky":false,"template":"","format":"standard","meta":{"_monsterinsights_skip_tracking":false,"footnotes":""},"categories":[692,51],"tags":[],"class_list":["post-30400","post","type-post","status-publish","format-standard","has-post-thumbnail","category-692","category-ejecutivo"],"_links":{"self":[{"href":"https:\/\/redsemlac.com\/semmexico\/wp-json\/wp\/v2\/posts\/30400","targetHints":{"allow":["GET"]}}],"collection":[{"href":"https:\/\/redsemlac.com\/semmexico\/wp-json\/wp\/v2\/posts"}],"about":[{"href":"https:\/\/redsemlac.com\/semmexico\/wp-json\/wp\/v2\/types\/post"}],"author":[{"embeddable":true,"href":"https:\/\/redsemlac.com\/semmexico\/wp-json\/wp\/v2\/users\/3"}],"replies":[{"embeddable":true,"href":"https:\/\/redsemlac.com\/semmexico\/wp-json\/wp\/v2\/comments?post=30400"}],"version-history":[{"count":0,"href":"https:\/\/redsemlac.com\/semmexico\/wp-json\/wp\/v2\/posts\/30400\/revisions"}],"wp:featuredmedia":[{"embeddable":true,"href":"https:\/\/redsemlac.com\/semmexico\/wp-json\/wp\/v2\/media\/30401"}],"wp:attachment":[{"href":"https:\/\/redsemlac.com\/semmexico\/wp-json\/wp\/v2\/media?parent=30400"}],"wp:term":[{"taxonomy":"category","embeddable":true,"href":"https:\/\/redsemlac.com\/semmexico\/wp-json\/wp\/v2\/categories?post=30400"},{"taxonomy":"post_tag","embeddable":true,"href":"https:\/\/redsemlac.com\/semmexico\/wp-json\/wp\/v2\/tags?post=30400"}],"curies":[{"name":"wp","href":"https:\/\/api.w.org\/{rel}","templated":true}]}}