{"id":30381,"date":"2021-01-04T18:38:31","date_gmt":"2021-01-04T18:38:31","guid":{"rendered":"https:\/\/redsemlac.com\/semmexico\/?p=30381"},"modified":"2023-07-21T16:44:56","modified_gmt":"2023-07-21T21:44:56","slug":"mesa-tendida","status":"publish","type":"post","link":"https:\/\/redsemlac.com\/semmexico\/mesa-tendida\/","title":{"rendered":"Mesa Tendida"},"content":{"rendered":"\n<h2 class=\"wp-block-heading\">De hechos y cosas que importan al d\u00eda*<\/h2>\n\n\n\n<p class=\"wp-block-paragraph\"><strong>Por: Staff<\/strong><\/p>\n\n\n\n<p class=\"wp-block-paragraph\">SemM\u00e9xico. Cd. de M\u00e9xico. 04 de enero 2021.- De la incertidumbre a la recuperaci\u00f3n, as\u00ed ser\u00e1 la transici\u00f3n que se vivir\u00e1 este 2021; el aborto no se consulta; que se recuperen todos los \u00e1rboles de navidad<\/p>\n\n\n\n<ul class=\"wp-block-list\"><li> Una de las primeras prospectivas del senador Ricardo Monreal \u00c1vila al arranque del 2021 es que pese a que en el 2020 vivimos un a\u00f1o complicado, debido a las secuelas de la pandemia, la llegada de la vacuna a M\u00e9xico trae consigo la recuperaci\u00f3n econ\u00f3mica que seguramente se dar\u00e1. Y dijo entre ideas, twit y video<\/li><\/ul>\n\n\n\n<ul class=\"wp-block-list\"><li>Dentro de los desaf\u00edos que tiene el Estado es acabar con la pandemia y no solo eso, adem\u00e1s la sociedad utilizar\u00e1 su poder de decisi\u00f3n para, a trav\u00e9s de las urnas: apuntalar a continuar con la transformaci\u00f3n de M\u00e9xico o dar marcha atr\u00e1s y regresar al pasado.<\/li><li>Mucho se aprendi\u00f3 del llamado Gran Encierro, lo que fue pr\u00e1cticamente todo el a\u00f1o; la pandemia vino a darle al mundo lecciones para reinventarse y construir un nuevo orden mundial.<\/li><li>Mientras la senadora Mar\u00eda Merced Gonz\u00e1lez Gonz\u00e1lez llam\u00f3 a la Secretar\u00eda del Medio Ambiente y Recursos Naturales (Semarnat) y a los gobiernos de las 32 entidades federativas, para que instalen centros de acopio para el reciclaje de \u00e1rboles naturales de Navidad.\u00a0Proyecto de punto de acuerdo.<\/li><\/ul>\n\n\n\n<p class=\"wp-block-paragraph\">Tambi\u00e9n pidi\u00f3 que el Estado brinde garant\u00eda efectiva a los derechos humanos, las senadoras Geovanna Ba\u00f1uelos de la Torre y Nancy de la Sierra Ar\u00e1mburo propusieron utilizar las deducciones personales como un instrumento de pol\u00edtica fiscal para promover el derecho a la salud, el derecho a la cultura y el derecho a la vivienda.&nbsp;<\/p>\n\n\n\n<ul class=\"wp-block-list\"><li> En tanto el coordinador de los senadores de Morena, se\u00f1al\u00f3 que a pesar de la gran incertidumbre que vivimos por la ausencia de una vacuna o un tratamiento eficaz, los esfuerzos se detuvieron y M\u00e9xico pudo a fin de a\u00f1o conseguir la vacuna y con ello el cierre del a\u00f1o tuvo un mejor sabor de boca para todos.<\/li><li>\u00a0 La expectativa de crecimiento para M\u00e9xico suena\u00a0 alentadora, de acuerdo con el senador Monreal \u00c1vila, se calcula que crezca un 3.8 por ciento, no obstante depender\u00e1 tambi\u00e9n de que todos contribuyamos para lograr la meta o superarla.<\/li><li> Luego \u00a0confi\u00f3 que trabajando de la mano con la ciencia, este a\u00f1o se podr\u00e1 ganar la batalla a la pandemia, reduciendo el n\u00famero de muertes por COVID-19, y en el que quiz\u00e1 al fin pudi\u00e9ramos popo a poco, retomar la convivencia en una nueva normalidad.<\/li><li>No todo es trabajo para la vacuna o la ciencia, este 2021 viene tambi\u00e9n cargado de un gran trabajo conjunto entre todos los sectores de la sociedad, y el senador Monreal \u00c1vila es especialista en reunir a sentar a la mesa de negociaciones hasta a los m\u00e1s dif\u00edciles de convencer, por ello en la recuperaci\u00f3n econ\u00f3mica que se avizora, es muy probable que veamos muy activo al legislador zacatecano.<\/li><\/ul>\n\n\n\n<ul class=\"wp-block-list\"><li>Recomend\u00f3 el coordinador de los senadores de Morena que evitar cualquier extremo polarizante, principalmente en este a\u00f1o electoral, ya que caer en provocaciones puede alejarnos de la recuperaci\u00f3n que la sociedad necesita.<\/li><li>Durante este primer trimestre veremos que se potencializar\u00e1 la creaci\u00f3n de empleos y la reconstrucci\u00f3n de los negocios que se extinguieron a causa de la crisis econ\u00f3mica, as\u00ed es que este 2021 viene cargado de expectativas de crecimiento y de una mejor\u00eda en los bolsillos de los mexicanos, despu\u00e9s de un turbulento 2020, viene la revancha del 2021.<\/li><li>Y hay m\u00e1s iniciativas, como la presentada para que quienes integran a las fuerzas armadas, tengan d\u00edas de descanso para ocuparse de sus hijos enfermos.<\/li><li>La agenda 2021 es grande. Est\u00e1n pendientes varias iniciativas, como la de la Salud Sexual y Reproductiva<\/li><li> Al finalizar 2020, legisladoras de Morena dejaron en claro que es el Congreso el encargado de garantizar los derechos de las mujeres, ello a prop\u00f3sito de que el presidente de la Rep\u00fablica propuso una consulta entre las mujeres del pueblo para legislar sobre aborto. Los derechos, dijeron las legisladoras, no se ponen a consulta.<\/li><\/ul>\n\n\n\n<p class=\"wp-block-paragraph\"><strong><em>*Lo que llega a SemM\u00e9xico cotidianamente y est\u00e1 en el itinerario de 2021<\/em><\/strong><\/p>\n","protected":false},"excerpt":{"rendered":"<p>De hechos y cosas que importan al d\u00eda<\/p>\n","protected":false},"author":3,"featured_media":30382,"comment_status":"open","ping_status":"open","sticky":false,"template":"","format":"standard","meta":{"_monsterinsights_skip_tracking":false,"footnotes":""},"categories":[692,35],"tags":[],"class_list":["post-30381","post","type-post","status-publish","format-standard","has-post-thumbnail","category-692","category-opinion"],"_links":{"self":[{"href":"https:\/\/redsemlac.com\/semmexico\/wp-json\/wp\/v2\/posts\/30381","targetHints":{"allow":["GET"]}}],"collection":[{"href":"https:\/\/redsemlac.com\/semmexico\/wp-json\/wp\/v2\/posts"}],"about":[{"href":"https:\/\/redsemlac.com\/semmexico\/wp-json\/wp\/v2\/types\/post"}],"author":[{"embeddable":true,"href":"https:\/\/redsemlac.com\/semmexico\/wp-json\/wp\/v2\/users\/3"}],"replies":[{"embeddable":true,"href":"https:\/\/redsemlac.com\/semmexico\/wp-json\/wp\/v2\/comments?post=30381"}],"version-history":[{"count":0,"href":"https:\/\/redsemlac.com\/semmexico\/wp-json\/wp\/v2\/posts\/30381\/revisions"}],"wp:featuredmedia":[{"embeddable":true,"href":"https:\/\/redsemlac.com\/semmexico\/wp-json\/wp\/v2\/media\/30382"}],"wp:attachment":[{"href":"https:\/\/redsemlac.com\/semmexico\/wp-json\/wp\/v2\/media?parent=30381"}],"wp:term":[{"taxonomy":"category","embeddable":true,"href":"https:\/\/redsemlac.com\/semmexico\/wp-json\/wp\/v2\/categories?post=30381"},{"taxonomy":"post_tag","embeddable":true,"href":"https:\/\/redsemlac.com\/semmexico\/wp-json\/wp\/v2\/tags?post=30381"}],"curies":[{"name":"wp","href":"https:\/\/api.w.org\/{rel}","templated":true}]}}