{"id":3038,"date":"2017-10-07T00:30:59","date_gmt":"2017-10-07T00:30:59","guid":{"rendered":"https:\/\/redsemlac.com\/semmexico\/?p=3038"},"modified":"2023-07-21T14:25:13","modified_gmt":"2023-07-21T19:25:13","slug":"es-una-representante-del-parteaguas-que-significo-el-ezln-vazquez","status":"publish","type":"post","link":"https:\/\/redsemlac.com\/semmexico\/es-una-representante-del-parteaguas-que-significo-el-ezln-vazquez\/","title":{"rendered":"Es una representante del parteaguas que signific\u00f3 el EZLN: V\u00e1zquez"},"content":{"rendered":"\n<p class=\"wp-block-paragraph\"><a href=\"https:\/\/www.semmexico.com\/gallery-post.php?id=3131#\">Sara Lovera y Soledad Jarqu\u00edn Edgar<\/a><\/p>\n\n\n\n<p class=\"wp-block-paragraph\">SemM\u00e9xico, Cd. de M\u00e9xico, 7 octubre 2017.- Mar\u00eda de Jes\u00fas Patricio Mart\u00ednez, vocera del Congreso Nacional Indigenista, registr\u00f3 este s\u00e1bado su prop\u00f3sito de participar como candidata independiente a la presidencia de la Rep\u00fablica en 2018, lo hizo ante el Instituto Nacional Electoral (INE).<br><br>Rodeada de cientos de personas que siguen sus pasos desde que el Congreso Nacional Indigenista decidiera retomar la iniciativa del Ej\u00e9rcito Zapatista de Liberaci\u00f3n Nacional, la jalisciense, originaria de Tuxpan, Jalisco, se present\u00f3 hoy ante el INE para formalizar su intenci\u00f3n ciudadana de participar en la contienda electoral por la presidencia de M\u00e9xico.<br><br>De esta forma Mar\u00eda de Jes\u00fas Patricio Mart\u00ednez, podr\u00eda ser la s\u00e9ptima candidata a la presidencia de la Rep\u00fablica Mexicana y la primera por la v\u00eda independiente, si el INE aprueba su candidatura. Las otras candidatas fueron: Rosario Ibarra de Piedra (1982 y 1988), Cecilia Soto Gonz\u00e1lez (1993), Marcela Lombardo (1993), Patricia Mercado (2006) y Josefina V\u00e1zquez Mota (2010).<br><br>El municipio de Tuxpan, Jalisco, de donde es originaria, le otorg\u00f3, en mayo de 2015, el galard\u00f3n Tuxpanense en Ciencia y Cultura por su trabajo en la Casa de Salud Callitecolhuateca Tochan.<br><br>Marichuy, como se le conoce a Mar\u00eda de Jes\u00fas Patricio Mart\u00ednez, naci\u00f3 el 23 de diciembre de 1963, es ind\u00edgena nahua, m\u00e9dica tradicional, de sus t\u00edas aprendi\u00f3 medicina alternativa. En 1994 particip\u00f3 en el Foro Nacional Ind\u00edgena.<br><br>La profesora-investigadora del Colegio de Postgraduados (Colpos), Ver\u00f3nica V\u00e1zquez Garc\u00eda, afirm\u00f3 que Marichuy Patricio Mart\u00ednez es una mujer tranquila, surgida de ese reconocimiento de la cultura ind\u00edgena y hoy se inscribe en la agenda de esta mezcla de feministas, ind\u00edgenas y mestizas que lograron entenderse sin conflicto, y es fiel representante de estas nuevas actrices de la pol\u00edtica mexicana en los procesos de cambio.<br><br>Es una representante del parteaguas que signific\u00f3 el Ej\u00e9rcito Zapatista de Liberaci\u00f3n Nacional (EZLN) para las mujeres, porque este proceso deton\u00f3 la presencia de las ind\u00edgenas en el concierto internacional, a\u00f1ade la investigadora a SemM\u00e9xico.<br><br>Asegura que Mar\u00eda de Jes\u00fas Patricio Mart\u00ednez forma parte de quienes han alzado su voz para defender el territorio, una de las propuestas m\u00e1s importantes del EZLN en la defensa de la autonom\u00eda de los pueblos ind\u00edgenas.<br><br>El registro de Mar\u00eda de Jes\u00fas Patricio Mart\u00ednez como posible candidata ante el INE, se suscribe en el contexto del D\u00eda Internacional de la Mujer Rural que se celebra el 15 de octubre.<br><br>En opini\u00f3n de Enriqueta Burelo, fundadora de la c\u00e1tedra de g\u00e9nero en la Universidad Aut\u00f3noma de Chiapas, Marichuy Patricio Mart\u00ednez es la continuaci\u00f3n de la hist\u00f3rica presencia de la Comandante Esther en la tribuna del Palacio Legislativo de San L\u00e1zaro, el 28 de marzo de 2001, donde tom\u00f3 la palabra y dijo: \u201cNosotras somos las que mandamos obedeciendo a nuestros pueblos\u201d.<br><br>Las ind\u00edgenas hemos dejado de ser sombras para convertirnos en el s\u00edmbolo de la mujer pobre, ind\u00edgena y zapatista que rompi\u00f3 el paradigma de la subordinaci\u00f3n.<br><br>Marichuy Patricio Mart\u00ednez llega a registrarse como candidata independiente, 23 a\u00f1os despu\u00e9s que el EZLN sorprendi\u00f3 a M\u00e9xico y al mundo una fr\u00eda madrugada de enero de 1994, donde at\u00f3nitas las mujeres descubrimos que la comandanta Ana Mar\u00eda dirigi\u00f3 la toma de San Crist\u00f3bal de las Casas, en Chiapas.<br><br>El EZLN fue piedra de toque para mostrar que las mujeres ind\u00edgenas eran m\u00e1s que servir en la cocina, m\u00e1s que artesanas, m\u00e1s que tener hijos, sino que pod\u00edan tomar las armas, ser soldadas y tomar la vida en sus manos, alfabetizarse y pedir un lugar en las asambleas ind\u00edgenas, lo que rompi\u00f3 la divisi\u00f3n sexual del trabajo en su mundo, dice Burelo.<br><br>Agrega que hoy las mujeres ind\u00edgenas libran dos batallas: la liberaci\u00f3n de sus pueblos y la de ellas mismas.<br><br>Por su parte, Mercedes Oliveira, antrop\u00f3loga, activista y pensadora feminista, ex directora de la Escuela Nacional de Antropolog\u00eda e Historia (ENAH), refiere que las mujeres salen, hace decenas de a\u00f1os, a la milpa y al cafetal, y a pesar de que no se les reconoce en su simbolog\u00eda de mujer, ah\u00ed empezaron subvertir el orden gen\u00e9rico y agrega:<br><br>\u201cLas mujeres campesinas e ind\u00edgenas ya no son las mismas, tampoco la situaci\u00f3n que viven ni sus entornos relacionados con los efectos del mercado y de las pol\u00edticas p\u00fablicas; es cierto que no han mejorado ni su pobreza ni su posici\u00f3n subordinada, pero han transformado sus formas de vida, identidades y cultura.<br><br>\u201cHoy est\u00e1n peleando por sus derechos pol\u00edticos y por los territorios de sus pueblos\u201d, concluye Oliveira.<br><br>SEM\/sl\/sje\/lr<br><br><\/p>\n","protected":false},"excerpt":{"rendered":"<p>Sara Lovera y Soledad Jarqu\u00edn Edgar SemM\u00e9xico, Cd. de M\u00e9xico, 7 octubre 2017.- Mar\u00eda de Jes\u00fas Patricio Mart\u00ednez, vocera del Congreso Nacional Indigenista, registr\u00f3 este s\u00e1bado su prop\u00f3sito de participar como candidata independiente a la presidencia de la Rep\u00fablica en 2018, lo hizo ante el Instituto Nacional Electoral (INE). Rodeada de cientos de personas que [&hellip;]<\/p>\n","protected":false},"author":3,"featured_media":3039,"comment_status":"open","ping_status":"open","sticky":false,"template":"","format":"standard","meta":{"_monsterinsights_skip_tracking":false,"footnotes":""},"categories":[687,32,69],"tags":[],"class_list":["post-3038","post","type-post","status-publish","format-standard","has-post-thumbnail","category-687","category-elecciones-2017","category-sara-lovera"],"_links":{"self":[{"href":"https:\/\/redsemlac.com\/semmexico\/wp-json\/wp\/v2\/posts\/3038","targetHints":{"allow":["GET"]}}],"collection":[{"href":"https:\/\/redsemlac.com\/semmexico\/wp-json\/wp\/v2\/posts"}],"about":[{"href":"https:\/\/redsemlac.com\/semmexico\/wp-json\/wp\/v2\/types\/post"}],"author":[{"embeddable":true,"href":"https:\/\/redsemlac.com\/semmexico\/wp-json\/wp\/v2\/users\/3"}],"replies":[{"embeddable":true,"href":"https:\/\/redsemlac.com\/semmexico\/wp-json\/wp\/v2\/comments?post=3038"}],"version-history":[{"count":0,"href":"https:\/\/redsemlac.com\/semmexico\/wp-json\/wp\/v2\/posts\/3038\/revisions"}],"wp:featuredmedia":[{"embeddable":true,"href":"https:\/\/redsemlac.com\/semmexico\/wp-json\/wp\/v2\/media\/3039"}],"wp:attachment":[{"href":"https:\/\/redsemlac.com\/semmexico\/wp-json\/wp\/v2\/media?parent=3038"}],"wp:term":[{"taxonomy":"category","embeddable":true,"href":"https:\/\/redsemlac.com\/semmexico\/wp-json\/wp\/v2\/categories?post=3038"},{"taxonomy":"post_tag","embeddable":true,"href":"https:\/\/redsemlac.com\/semmexico\/wp-json\/wp\/v2\/tags?post=3038"}],"curies":[{"name":"wp","href":"https:\/\/api.w.org\/{rel}","templated":true}]}}