{"id":30372,"date":"2021-01-04T00:42:25","date_gmt":"2021-01-04T00:42:25","guid":{"rendered":"https:\/\/redsemlac.com\/semmexico\/?p=30372"},"modified":"2023-07-21T16:44:57","modified_gmt":"2023-07-21T21:44:57","slug":"nancy-pelosi-es-reelegida-como-presidenta-de-la-camara-de-representantes","status":"publish","type":"post","link":"https:\/\/redsemlac.com\/semmexico\/nancy-pelosi-es-reelegida-como-presidenta-de-la-camara-de-representantes\/","title":{"rendered":"Nancy Pelosi es reelegida como presidenta de la C\u00e1mara de Representantes"},"content":{"rendered":"\n<ul class=\"wp-block-list\"><li><strong>La m\u00e1s aguerrida dem\u00f3crata ocupa el tercer puesto de decisi\u00f3n en los EEUU<\/strong><\/li><li><strong>Se ha dedicado a la pol\u00edtica desde los 15 a\u00f1os, representa a San Francisco<\/strong><\/li><\/ul>\n\n\n\n<p class=\"wp-block-paragraph\"><strong>Redacci\u00f3n<\/strong><\/p>\n\n\n\n<p class=\"wp-block-paragraph\">SemM\u00e9xico. 03 enero 2021.- Este domingo la dem\u00f3crata&nbsp;<strong>Nancy Pelosi<\/strong>&nbsp;result\u00f3 reelegida como presidenta de la C\u00e1mara de Representantes de&nbsp;<strong>Estados Unidos<\/strong>.<\/p>\n\n\n\n<p class=\"wp-block-paragraph\">Tiene el desaf\u00edo de revivir la econom\u00eda y aprobar medidas para hacer frente a la&nbsp;<strong>pandemia<\/strong>&nbsp;con una estrecha mayor\u00eda, que no se hab\u00eda visto en esa c\u00e1mara en 20 a\u00f1os.<\/p>\n\n\n\n<p class=\"wp-block-paragraph\">Con 216 votos a favor y 208 en contra,&nbsp;<strong>Pelosi<\/strong>&nbsp;se asegur\u00f3 suficientes votos para mantenerse en el puesto de presidenta de la&nbsp;<strong>C\u00e1mara de Representantes<\/strong>, para el que fue elegida en 2019.<\/p>\n\n\n\n<p class=\"wp-block-paragraph\">Este cargo coloca a quien lo ocupa como el tercero en la l\u00ednea de&nbsp;<strong>sucesi\u00f3n presidencial<\/strong>, por detr\u00e1s del vicepresidente.<\/p>\n\n\n\n<p class=\"wp-block-paragraph\"><strong>Nancy Pelosi<\/strong>, que tambi\u00e9n ejerci\u00f3 este cargo entre 2007 y 2011, se mantuvo durante la votaci\u00f3n sentada en su esca\u00f1o en silencio, aunque asent\u00eda o sonre\u00eda cada vez que alg\u00fan compa\u00f1ero de bancada votaba por ella a viva voz.<\/p>\n\n\n\n<h2 class=\"wp-block-heading\"><strong>Vandalizan casa de Nancy Pelosi<\/strong><\/h2>\n\n\n\n<p class=\"wp-block-paragraph\">Este fin de semana, la casa de Pelosi y de otros miembros de la C\u00e1mara de Representantes y del Senado fueron vandalizadas con grafitis.<\/p>\n\n\n\n<p class=\"wp-block-paragraph\">La polic\u00eda de&nbsp;<strong>San Francisco<\/strong>&nbsp;inform\u00f3 que el pasado 1 de enero alguien pint\u00f3 grafitis y dej\u00f3 una cabeza de cerdo y&nbsp;sangre falsa en la casa de&nbsp;<strong>Nancy Pelosi<\/strong>.<\/p>\n\n\n\n<p class=\"wp-block-paragraph\">Este acto&nbsp;<strong>vand<\/strong>\u00e1lico en la casa de&nbsp;<strong>Pelosi<\/strong>&nbsp;fue reportado alrededor de las dos de la ma\u00f1ana del viernes, detall\u00f3 la polic\u00eda.<\/p>\n\n\n\n<p class=\"wp-block-paragraph\">De acuerdo con las autoridades, estos hechos aparentan inconformidad luego de que el Congreso no aprob\u00f3 aumentos a la cantidad de dinero que el gobierno enviar\u00e1 a estadounidenses para hacer frente a la&nbsp;<strong>pandemia<\/strong>.&nbsp;<\/p>\n\n\n\n<p class=\"wp-block-paragraph\">Hasta el momento, contin\u00faan las investigaciones para dar con los responsables de los&nbsp;<strong>actos vand\u00e1licos<\/strong>.<\/p>\n\n\n\n<h2 class=\"wp-block-heading\"><strong>Qui\u00e9n es Nancy Pelosi<\/strong><\/h2>\n\n\n\n<p class=\"wp-block-paragraph\">Nancy Pelosi, naci\u00f3 el 26 de marzo de 1946, es una&nbsp; pol\u00edtica americano que es presidenta de la c\u00e1mara de Representantes en&nbsp; Estados Unidos&nbsp; desde 2019, y anteriormente, de 2007 a 2011. Pelosi se ha desempe\u00f1ado como representante de California desde 1987. Integrante del Partido Dem\u00f3crata, es la \u00fanica mujer en la historia de los EE. UU. Es la \u00fanica mujer en la historia de los EE. UU. Se desempe\u00f1\u00f3 como presidenta y, hasta&nbsp;&nbsp; toma de posesi\u00f3n de Kamala Harris como vicepresidenta; es la funcionaria electa de m\u00e1s alto rango. Como presidenta de la C\u00e1mara de Representantes, Pelosi ocupa el segundo lugar en la l\u00ednea de sucesi\u00f3n presidencial, despu\u00e9s del vicepresidente.<\/p>\n\n\n\n<p class=\"wp-block-paragraph\">Pelosi fue elegida al Congreso por primera vez en 1987, despu\u00e9s de que su padre, Thomas D&#8217;Alesandro Jr., quien se desempe\u00f1\u00f3 como representante de los Estados Unidos de Maryland y alcalde de Baltimore, en pol\u00edtica. Es la decana de la delegaci\u00f3n del Congreso de California, comenz\u00f3 su &nbsp;17 \u00b0 mandato en 2019. Pelosi representa el duod\u00e9cimo distrito del Congreso de California, que comprende cuatro quintas partes de la ciudad y el condado de San Francisco. Inicialmente represent\u00f3 al quinto distrito (1987-1993), y luego, cuando los l\u00edmites del distrito se volvieron a trazar despu\u00e9s del censo de 1990, el octavo distrito (1993-2013). Pelosi ha dirigido a los dem\u00f3cratas de la C\u00e1mara desde 2003, la primera mujer en liderar un partido en el Congreso, sirviendo dos veces como l\u00edder de la minor\u00eda en la C\u00e1mara (2003-07 y 2011-19) y como presidenta (2007-11 y desde 2019).<\/p>\n\n\n\n<p class=\"wp-block-paragraph\">Pelosi era la opositora &nbsp;principal de la guerra de Irak, as\u00ed como la administraci\u00f3n de Bush, en &nbsp;2005 intent\u00f3 de privatizaci\u00f3n parcial de la Seguridad Social. Como primera oradora, fue fundamental en la aprobaci\u00f3n de muchos de los proyectos de ley emblem\u00e1ticos de la administraci\u00f3n Barak Obama, incluida la Ley de Cuidado de Salud a Bajo Precio, la Ley de Protecci\u00f3n al Consumidor y Reforma de Dodd-Frank Wall Street, la Ley de Derogaci\u00f3n No Pregunte, No Diga, la Ley Estadounidense de Recuperaci\u00f3n y Reinversi\u00f3n y la Ley de Desgravaci\u00f3n Fiscal de 2010.<\/p>\n\n\n\n<p class=\"wp-block-paragraph\">Pelosi perdi\u00f3 la presidencia en 2011 despu\u00e9s de que el Partido Republicano obtuviera la mayor\u00eda en la C\u00e1mara de Representantes en las elecciones de 2010. Pero mantuvo su papel como l\u00edder del Caucus Dem\u00f3crata de la C\u00e1mara y regres\u00f3 al papel de l\u00edder de la minor\u00eda en la C\u00e1mara. En las elecciones de mitad de per\u00edodo de 2018, los dem\u00f3cratas recuperaron el control de la C\u00e1mara. Cuando se reuni\u00f3 el 116 \u00b0 Congreso el 3 de enero de 2019, Pelosi fue nuevamente elegida presidenta,&nbsp; convirti\u00e9ndose en la primera ex presidenta en regresar al cargo desde Sam Rayburn en 1955.&nbsp; Bajo el liderazgo de Pelosi, la C\u00e1mara de Representantes acus\u00f3 al presidente Donald Trump el 18 de diciembre de 2019.<\/p>\n\n\n\n<p class=\"wp-block-paragraph\">Naci\u00f3 en Baltimore en una familia italoamericana. Era la \u00fanica ni\u00f1a y la menor de siete hijos de Annunciata M. \u00abNancy\u00bb D&#8217;Alesandro (de soltera Lombardi) y Thomas D&#8217;Alesandro Jr., ambos&nbsp; ten\u00edan ra\u00edces italianas. Su madre naci\u00f3 en Campobasso, en el sur de Italia, y su padre pod\u00eda rastrear su ascendencia italiana hasta G\u00e9nova, Venecia y Abruzzo.&nbsp; Cuando naci\u00f3 Nancy, su padre era un congresista dem\u00f3crata de Maryland (y se convirti\u00f3 en alcalde de Baltimore siete a\u00f1os despu\u00e9s). La madre de Pelosi tambi\u00e9n particip\u00f3 activamente en la pol\u00edtica, organiz\u00f3 a mujeres dem\u00f3cratas y ense\u00f1\u00f3 a su hija el valor de las redes sociales. El hermano de Pelosi, Thomas D&#8217;Alesandro III, tambi\u00e9n dem\u00f3crata, fue alcalde de Baltimore de 1967 a 1971.<\/p>\n\n\n\n<p class=\"wp-block-paragraph\">Pelosi se involucr\u00f3 con la pol\u00edtica desde una edad temprana. Ayud\u00f3 a su padre en los eventos de su campa\u00f1a. Ella asisti\u00f3 a John F. Kennedy &#8216;s discurso inaugural cuando fue juramentado como presidente de Estados Unidos en enero de 1961. En 1958, Pelosi se gradu\u00f3 del Instituto de Notre Dame , una escuela secundaria cat\u00f3lica para ni\u00f1as en Baltimore. En 1962, se gradu\u00f3 de Trinity College en Washington, DC, con una licenciatura en ciencias pol\u00edticas. Hizo una pasant\u00eda para el senador Daniel Brewster (D-Maryland) en la d\u00e9cada de 1960 junto con el futuro l\u00edder de la mayor\u00eda de la C\u00e1mara de Representantes, Steny Hoyer.<\/p>\n\n\n\n<h2 class=\"wp-block-heading\"><strong>Carrera temprana<\/strong><\/h2>\n\n\n\n<p class=\"wp-block-paragraph\">Pelosi y el presidente Kennedy observan c\u00f3mo su padre toma juramento como miembro de la Junta de Renegociaci\u00f3n, 1961.<\/p>\n\n\n\n<p class=\"wp-block-paragraph\">Despu\u00e9s de mudarse a San Francisco, Pelosi se hizo amiga del congresista del quinto distrito Phillip Burton y comenz\u00f3 a abrirse camino en la pol\u00edtica dem\u00f3crata. En 1976, fue elegida integrante del Comit\u00e9 Nacional Dem\u00f3crata de California, cargo que ocupar\u00eda hasta 1996. Fue elegida presidenta del partido para el norte de California en enero de 1977, y cuatro a\u00f1os m\u00e1s tarde fue seleccionada para encabezar el Partido Dem\u00f3crata de California, que dirigi\u00f3 hasta 1983. Posteriormente, Pelosi se desempe\u00f1\u00f3 como presidenta del Comit\u00e9 Anfitri\u00f3n de la Convenci\u00f3n Nacional Dem\u00f3crata de San Francisco en 1984, y luego como presidenta de finanzas del Comit\u00e9 de Campa\u00f1a Senatorial Dem\u00f3crata de 1985 a 1986.<\/p>\n\n\n\n<p class=\"wp-block-paragraph\"><strong>SEM\/sl<\/strong><\/p>\n","protected":false},"excerpt":{"rendered":"<p>La m\u00e1s aguerrida dem\u00f3crata ocupa el tercer puesto de decisi\u00f3n en los EEUU<\/p>\n","protected":false},"author":3,"featured_media":30373,"comment_status":"open","ping_status":"open","sticky":false,"template":"","format":"standard","meta":{"_monsterinsights_skip_tracking":false,"footnotes":""},"categories":[692,53],"tags":[],"class_list":["post-30372","post","type-post","status-publish","format-standard","has-post-thumbnail","category-692","category-internacional"],"_links":{"self":[{"href":"https:\/\/redsemlac.com\/semmexico\/wp-json\/wp\/v2\/posts\/30372","targetHints":{"allow":["GET"]}}],"collection":[{"href":"https:\/\/redsemlac.com\/semmexico\/wp-json\/wp\/v2\/posts"}],"about":[{"href":"https:\/\/redsemlac.com\/semmexico\/wp-json\/wp\/v2\/types\/post"}],"author":[{"embeddable":true,"href":"https:\/\/redsemlac.com\/semmexico\/wp-json\/wp\/v2\/users\/3"}],"replies":[{"embeddable":true,"href":"https:\/\/redsemlac.com\/semmexico\/wp-json\/wp\/v2\/comments?post=30372"}],"version-history":[{"count":0,"href":"https:\/\/redsemlac.com\/semmexico\/wp-json\/wp\/v2\/posts\/30372\/revisions"}],"wp:featuredmedia":[{"embeddable":true,"href":"https:\/\/redsemlac.com\/semmexico\/wp-json\/wp\/v2\/media\/30373"}],"wp:attachment":[{"href":"https:\/\/redsemlac.com\/semmexico\/wp-json\/wp\/v2\/media?parent=30372"}],"wp:term":[{"taxonomy":"category","embeddable":true,"href":"https:\/\/redsemlac.com\/semmexico\/wp-json\/wp\/v2\/categories?post=30372"},{"taxonomy":"post_tag","embeddable":true,"href":"https:\/\/redsemlac.com\/semmexico\/wp-json\/wp\/v2\/tags?post=30372"}],"curies":[{"name":"wp","href":"https:\/\/api.w.org\/{rel}","templated":true}]}}