{"id":30355,"date":"2021-01-01T20:25:31","date_gmt":"2021-01-01T20:25:31","guid":{"rendered":"https:\/\/redsemlac.com\/semmexico\/?p=30355"},"modified":"2023-07-21T16:44:57","modified_gmt":"2023-07-21T21:44:57","slug":"aspectos-psicologicos-pueden-contribuir-a-una-mala-alimentacion-mujeres-adolescentes-son-mas-adictas-a-la-comida","status":"publish","type":"post","link":"https:\/\/redsemlac.com\/semmexico\/aspectos-psicologicos-pueden-contribuir-a-una-mala-alimentacion-mujeres-adolescentes-son-mas-adictas-a-la-comida\/","title":{"rendered":"Aspectos psicol\u00f3gicos pueden contribuir a una mala alimentaci\u00f3n mujeres adolescentes son m\u00e1s adictas a la comida"},"content":{"rendered":"\n<ul class=\"wp-block-list\"><li><strong>El estr\u00e9s, la depresi\u00f3n e incluso la personalidad son factores que tambi\u00e9n inciden.<\/strong><\/li><li><strong>En tiempos de confinamiento, muchas personas han aumentado de peso por factores emocionales.<\/strong><\/li><\/ul>\n\n\n\n<p class=\"wp-block-paragraph\"><strong>Redacci\u00f3n<\/strong><\/p>\n\n\n\n<p class=\"wp-block-paragraph\">SemM\u00e9xico. Ciudad de M\u00e9xico a 1\u00ba. de enero 2021.- La obesidad y el sobrepeso, al ser enfermedades multifactoriales, no tienen una causa \u00fanica. La Organizaci\u00f3n Mundial de la Salud ha apuntado que los ambientes en los que se desenvuelven las personas, as\u00ed como la cultura y econom\u00eda individuales juegan un rol en el desarrollo de estos padecimientos.<\/p>\n\n\n\n<p class=\"wp-block-paragraph\">Diversos estudios consultados por el Laboratorio de Datos contra la Obesidad (LabDO) indican que tambi\u00e9n influyen desde la personalidad, hasta factores como el estr\u00e9s y la depresi\u00f3n. Es as\u00ed que quienes tienen un tipo de personalidad impulsiva encuentran m\u00e1s dif\u00edcil mantener un peso sano, pues los requerimientos de actividad f\u00edsica constante y moderaci\u00f3n en los alimentos son dif\u00edciles para ellas (1).<\/p>\n\n\n\n<p class=\"wp-block-paragraph\">Igualmente, se ha comprobado que mientras que el estr\u00e9s agudo inhibe el apetito, el estr\u00e9s cr\u00f3nico genera que se libere cortisol, lo cual incrementa el hambre y produce que las personas prefieran alimentos altos en grasas y en az\u00facar (2).<\/p>\n\n\n\n<p class=\"wp-block-paragraph\">Lo anterior ha sido m\u00e1s visible en el periodo de confinamiento a causa de la pandemia por COVID-19. En M\u00e9xico, seg\u00fan el Instituto Mexicano del Seguro Social la obesidad infantil ser\u00e1 un reto para la Salud P\u00fablica, pues se han agravado los malos h\u00e1bitos de alimentaci\u00f3n, as\u00ed como el sedentarismo. Adem\u00e1s, se\u00f1ala que deben tomarse en cuenta los aspectos psicol\u00f3gicos del encierro y c\u00f3mo estos afectar\u00e1n a ni\u00f1as y ni\u00f1os (3).<\/p>\n\n\n\n<p class=\"wp-block-paragraph\">Por otra parte, se ha encontrado que la depresi\u00f3n est\u00e1 relacionada con exceso en el peso. An\u00e1lisis sugieren que las personas con obesidad extrema tienen cinco veces m\u00e1s probabilidades de haber tenido un episodio depresivo en el a\u00f1o anterior, comparado con los de peso promedio (4).<\/p>\n\n\n\n<p class=\"wp-block-paragraph\">De igual manera, un tercio de los candidatos a cirug\u00eda bari\u00e1trica reportaron sintomatolog\u00eda depresiva durante el periodo inmediato anterior a la operaci\u00f3n, mientras que el 50 por ciento de ellos indicaron haber sufrido esta afecci\u00f3n mental durante todas sus vidas (5).<\/p>\n\n\n\n<p class=\"wp-block-paragraph\">Seg\u00fan datos del Instituto Nacional de Geograf\u00eda y Estad\u00edstica (INEGI), en 2017, 32.5 por ciento de la poblaci\u00f3n mexicana &nbsp;mayor de 12 a\u00f1os hab\u00edan experimentado alg\u00fan sentimiento de depresi\u00f3n (6).<\/p>\n\n\n\n<p class=\"wp-block-paragraph\"><strong>El trastorno por atrac\u00f3n, un problema al alza<\/strong><\/p>\n\n\n\n<p class=\"wp-block-paragraph\">Este trastorno psicol\u00f3gico se caracteriza porque las personas consumen alimentos como una manera de manejar o atenuar sus emociones negativas, lo cual est\u00e1 ligado con la ansiedad, que las desencadena y hace que algunas personas coman de m\u00e1s o en grandes cantidades (7).<\/p>\n\n\n\n<p class=\"wp-block-paragraph\">De tal forma que algunos individuos tienden a comer compulsivamente, lo cual es un problema al alza en M\u00e9xico. De acuerdo con la especialista de la Facultad de Psicolog\u00eda de la UNAM, Cecilia Silva Guti\u00e9rrez, entre el 16 y el 51 por ciento de&nbsp; pacientes que acuden a consultas nutricionales presentan trastorno por atrac\u00f3n (8).<\/p>\n\n\n\n<p class=\"wp-block-paragraph\">Si estas cifras se toman como punto de referencia junto a las tasas de obesidad, se puede concluir que la afecci\u00f3n va en aumento. En M\u00e9xico, 75.2 por ciento &nbsp;de la poblaci\u00f3n presenta sobrepeso u obesidad, lo cual se ha incrementado de manera constante desde 2012.<\/p>\n\n\n\n<p class=\"wp-block-paragraph\">Silva Guti\u00e9rrez apunta a que el rango de edad de las personas con este comportamiento se ha ampliado, pues cada vez gente m\u00e1s joven y de edad avanzada lo presenta, cuando antes era com\u00fan solo en adultos j\u00f3venes y adolescentes.<\/p>\n\n\n\n<p class=\"wp-block-paragraph\">Asimismo, otro estudio realizado en M\u00e9xico afirma que 20.7 por ciento de las y &nbsp;los adolescentes estudiados presentan adicci\u00f3n a la comida, siendo las mujeres las m\u00e1s propensas a ello y siendo mucho m\u00e1s com\u00fan en las personas que ya padecen sobrepeso u obesidad (9).<\/p>\n\n\n\n<p class=\"wp-block-paragraph\">Fuentes:<\/p>\n\n\n\n<p class=\"wp-block-paragraph\">1.&nbsp;&nbsp;&nbsp;&nbsp;&nbsp;&nbsp;&nbsp;&nbsp; Sutin, A. R., Ferrucci, L., Zonderman, A. B., &amp; Terracciano, A. (2011). Personality and obesity across the adult life span. Journal of Personality and Social Psychology, 101(3), 579.&nbsp;<\/p>\n\n\n\n<p class=\"wp-block-paragraph\">2.&nbsp;&nbsp;&nbsp;&nbsp;&nbsp;&nbsp;&nbsp;&nbsp; Sinha, R., &amp; Jastreboff, A. M. (2013). Stress as a Common Risk Factor for Obesity and Addiction. Biological Psychiatry, 73(9), 827\u2013835. doi:10.1016\/j.biopsych. 2013.01.032&nbsp;<\/p>\n\n\n\n<p class=\"wp-block-paragraph\">3.&nbsp;&nbsp;&nbsp;&nbsp;&nbsp;&nbsp;&nbsp;&nbsp; IMSS, 2020. Despu\u00e9s del confinamiento, se deber\u00e1n detectar y atender casos de obesidad infantil. Disponible en: http:\/\/www.imss.gob.mx\/prensa\/archivo\/202006\/408<\/p>\n\n\n\n<p class=\"wp-block-paragraph\">4.&nbsp;&nbsp;&nbsp;&nbsp;&nbsp;&nbsp;&nbsp;&nbsp; Onyike CU, Crum RM, Lee HB, et al. Is obesity associated with major depression? Results from the Third National Health and Nutrition Examination Survey. Am J Epidemiol. 2003;158(12):1139\u201347. [Research Support, U.S. Gov\u2019t, P.H.S.]<\/p>\n\n\n\n<p class=\"wp-block-paragraph\">5.&nbsp;&nbsp;&nbsp;&nbsp;&nbsp;&nbsp;&nbsp;&nbsp; Pawlow LA, O\u2019Neil PM, White MA, et al. Findings and outcomes of psychological evaluations of gastric bypass applicants. Surg Obes Relat Dis. 2005; 1(6):523\u20137.<\/p>\n\n\n\n<p class=\"wp-block-paragraph\">6.&nbsp;&nbsp;&nbsp;&nbsp;&nbsp;&nbsp;&nbsp;&nbsp; INEGI, 2019. Salud mental. Disponible en: https:\/\/www.inegi.org.mx\/temas\/salud\/<\/p>\n\n\n\n<p class=\"wp-block-paragraph\">7.&nbsp;&nbsp;&nbsp;&nbsp;&nbsp;&nbsp;&nbsp;&nbsp; Bennett, J., Greene, G., &amp; Schwartz-Barcott, D. (2013). Perceptions of emotional eating behavior. A qualitative study of college students. Appetite, 60, 187\u2013192.<\/p>\n\n\n\n<p class=\"wp-block-paragraph\">8.&nbsp;&nbsp;&nbsp;&nbsp;&nbsp;&nbsp;&nbsp;&nbsp; DGCS UNAM, 2018. HAY M\u00c1S COMEDORES COMPULSIVOS EN M\u00c9XICO. Disponible en: https:\/\/www.dgcs.unam.mx\/boletin\/bdboletin\/2018_678.html<\/p>\n\n\n\n<p class=\"wp-block-paragraph\">9.&nbsp;&nbsp;&nbsp;&nbsp;&nbsp;&nbsp;&nbsp;&nbsp; Carlos, Milton &amp; Guevara Valtier, Milton &amp; Ru\u00edz-Gonz\u00e1lez, Karla &amp; Luis, Arturo &amp; Pacheco-P\u00e9rez, Luis &amp; Melchor, Jes\u00fas &amp; Santos-Flores, Jes\u00fas &amp; Cruz, Patricia &amp; Bel\u00e9n, Ana &amp; Garc\u00eda, S\u00e1nchez. (2019). Adicci\u00f3n a la comida y estado nutricional en adolescentes de una preparatoria p\u00fablica en M\u00e9xico. Enfermeria Global. 19. 1-10. 10.6018\/eglobal.370021.&nbsp;&nbsp;&nbsp;&nbsp;<\/p>\n\n\n\n<p class=\"wp-block-paragraph\"><strong>Acerca del Laboratorio de Datos contra la obesidad: <em>Iniciativa ciudadana enfocada a promover, con base en datos e informaci\u00f3n, pol\u00edticas p\u00fablicas que resuelvan uno de los problemas que m\u00e1s afectan a las y los mexicanos.<\/em><\/strong><\/p>\n","protected":false},"excerpt":{"rendered":"<p>El estr\u00e9s, la depresi\u00f3n e incluso la personalidad son factores que tambi\u00e9n inciden.<\/p>\n","protected":false},"author":3,"featured_media":30356,"comment_status":"open","ping_status":"open","sticky":false,"template":"","format":"standard","meta":{"_monsterinsights_skip_tracking":false,"footnotes":""},"categories":[692,51],"tags":[],"class_list":["post-30355","post","type-post","status-publish","format-standard","has-post-thumbnail","category-692","category-ejecutivo"],"_links":{"self":[{"href":"https:\/\/redsemlac.com\/semmexico\/wp-json\/wp\/v2\/posts\/30355","targetHints":{"allow":["GET"]}}],"collection":[{"href":"https:\/\/redsemlac.com\/semmexico\/wp-json\/wp\/v2\/posts"}],"about":[{"href":"https:\/\/redsemlac.com\/semmexico\/wp-json\/wp\/v2\/types\/post"}],"author":[{"embeddable":true,"href":"https:\/\/redsemlac.com\/semmexico\/wp-json\/wp\/v2\/users\/3"}],"replies":[{"embeddable":true,"href":"https:\/\/redsemlac.com\/semmexico\/wp-json\/wp\/v2\/comments?post=30355"}],"version-history":[{"count":0,"href":"https:\/\/redsemlac.com\/semmexico\/wp-json\/wp\/v2\/posts\/30355\/revisions"}],"wp:featuredmedia":[{"embeddable":true,"href":"https:\/\/redsemlac.com\/semmexico\/wp-json\/wp\/v2\/media\/30356"}],"wp:attachment":[{"href":"https:\/\/redsemlac.com\/semmexico\/wp-json\/wp\/v2\/media?parent=30355"}],"wp:term":[{"taxonomy":"category","embeddable":true,"href":"https:\/\/redsemlac.com\/semmexico\/wp-json\/wp\/v2\/categories?post=30355"},{"taxonomy":"post_tag","embeddable":true,"href":"https:\/\/redsemlac.com\/semmexico\/wp-json\/wp\/v2\/tags?post=30355"}],"curies":[{"name":"wp","href":"https:\/\/api.w.org\/{rel}","templated":true}]}}