{"id":3035,"date":"2017-10-09T22:47:08","date_gmt":"2017-10-09T22:47:08","guid":{"rendered":"https:\/\/redsemlac.com\/semmexico\/?p=3035"},"modified":"2023-07-21T14:25:13","modified_gmt":"2023-07-21T19:25:13","slug":"si-fuera-al-reves-a-nadie-le-llamaria-la-atencion","status":"publish","type":"post","link":"https:\/\/redsemlac.com\/semmexico\/si-fuera-al-reves-a-nadie-le-llamaria-la-atencion\/","title":{"rendered":"Si fuera al rev\u00e9s, a nadie le llamar\u00eda la atenci\u00f3n"},"content":{"rendered":"\n<p class=\"wp-block-paragraph\"><a href=\"https:\/\/www.semmexico.com\/gallery-post.php?id=3141#\">Josefina Aguilar Pastor,<\/a><\/p>\n\n\n\n<p class=\"wp-block-paragraph\">SemM\u00e9xico, Chilpancingo, Gro., 9 de octubre de 2017.- No hay violaci\u00f3n a la ley en la integraci\u00f3n del Consejo General del Instituto Electoral y Participaci\u00f3n Ciudadana (IEPC), porque los hombres que no fueron electos, no se debi\u00f3 a discriminaci\u00f3n de g\u00e9nero, asegur\u00f3 Mar\u00eda Concepci\u00f3n Vallarta V\u00e1zquez, Consultora independiente y socia de la organizaci\u00f3n Diversidad y G\u00e9nero en Transformaci\u00f3n AC.<br><br>Entrevistada luego de impartir el m\u00f3dulo \u201cLa Mujer en el Derecho Positivo Mexicano\u201d, que forma parte del diplomado en g\u00e9nero que se imparte en el auditorio del Tribunal Superior de Justicia (TSJ), y respecto a la inconformidad que ha manifestado el representante del Partido Acci\u00f3n Nacional (PAN), ante el IEPC, Carlos Arturo Mill\u00e1n S\u00e1nchez, respecto a que se ha violentado el principio de equidad, al ser cinco consejeras y dos consejeros, la catedr\u00e1tica e investigadora, consider\u00f3 que no existi\u00f3 discriminaci\u00f3n hacia los hombres que aspiraron a alg\u00fan puesto, pero no fueron electos.<br><br>El hecho es que apenas se est\u00e1 transitando hacia la igualdad de g\u00e9nero, y entonces llama fuertemente la atenci\u00f3n que en algunos espacios de trabajo se vean m\u00e1s mujeres que hombres, \u201cporque si fuera al rev\u00e9s, a nadie le llamar\u00eda la atenci\u00f3n, como ha ocurrido y sigue ocurriendo\u201d, indic\u00f3.<br><br>Hist\u00f3ricamente, existe la creencia de que si hay m\u00e1s hombres ocupando cargos o espacios p\u00fablicos, \u201cseguramente es por sus m\u00e9ritos\u201d, pero cuando son mujeres se cuestiona su capacidad y legitimidad de c\u00f3mo llegaron a ocupar esos cargos, y eso s\u00ed es una forma de discriminaci\u00f3n, puntualiz\u00f3 la experta.<br><br>\u201cCreo que tenemos suficiente evidencia hist\u00f3rica, jur\u00eddica y social para fundamentar que de ninguna manera se discrimina a los hombres por el s\u00f3lo hecho de serlo. El que las mujeres est\u00e9n llegando a estos cargos es por su propio m\u00e9rito y no por una d\u00e1diva o una concesi\u00f3n especial a ellas\u201d, sostuvo Vallarta V\u00e1zquez.<br><br>Tendr\u00edan que especificar, agreg\u00f3 la tambi\u00e9n ex Directora de Equidad de G\u00e9nero del Consejo de la Judicatura Federal, qu\u00e9 ley se ha violentado, en qu\u00e9 se basan, que tengamos m\u00e1s consejeras que consejeros, no es violatorio. Tendr\u00edan que demostrar que existi\u00f3 discriminaci\u00f3n contra los hombres, que se les afect\u00f3 su derecho, pero eso no es as\u00ed, no fueron descartados por una cuesti\u00f3n de g\u00e9nero, reiter\u00f3 Vallarta V\u00e1zquez.<br><br>\u201cEsa es una manifestaci\u00f3n mis\u00f3gina, si fuera al rev\u00e9s, como siempre, nadie lo notar\u00eda ni existir\u00edan quejas al respecto\u201d, sostuvo la investigadora.<br><br>SEM\/ja\/lr<br><br><\/p>\n","protected":false},"excerpt":{"rendered":"<p>Josefina Aguilar Pastor, SemM\u00e9xico, Chilpancingo, Gro., 9 de octubre de 2017.- No hay violaci\u00f3n a la ley en la integraci\u00f3n del Consejo General del Instituto Electoral y Participaci\u00f3n Ciudadana (IEPC), porque los hombres que no fueron electos, no se debi\u00f3 a discriminaci\u00f3n de g\u00e9nero, asegur\u00f3 Mar\u00eda Concepci\u00f3n Vallarta V\u00e1zquez, Consultora independiente y socia de la [&hellip;]<\/p>\n","protected":false},"author":3,"featured_media":3036,"comment_status":"open","ping_status":"open","sticky":false,"template":"","format":"standard","meta":{"_monsterinsights_skip_tracking":false,"footnotes":""},"categories":[687,32],"tags":[],"class_list":["post-3035","post","type-post","status-publish","format-standard","has-post-thumbnail","category-687","category-elecciones-2017"],"_links":{"self":[{"href":"https:\/\/redsemlac.com\/semmexico\/wp-json\/wp\/v2\/posts\/3035","targetHints":{"allow":["GET"]}}],"collection":[{"href":"https:\/\/redsemlac.com\/semmexico\/wp-json\/wp\/v2\/posts"}],"about":[{"href":"https:\/\/redsemlac.com\/semmexico\/wp-json\/wp\/v2\/types\/post"}],"author":[{"embeddable":true,"href":"https:\/\/redsemlac.com\/semmexico\/wp-json\/wp\/v2\/users\/3"}],"replies":[{"embeddable":true,"href":"https:\/\/redsemlac.com\/semmexico\/wp-json\/wp\/v2\/comments?post=3035"}],"version-history":[{"count":0,"href":"https:\/\/redsemlac.com\/semmexico\/wp-json\/wp\/v2\/posts\/3035\/revisions"}],"wp:featuredmedia":[{"embeddable":true,"href":"https:\/\/redsemlac.com\/semmexico\/wp-json\/wp\/v2\/media\/3036"}],"wp:attachment":[{"href":"https:\/\/redsemlac.com\/semmexico\/wp-json\/wp\/v2\/media?parent=3035"}],"wp:term":[{"taxonomy":"category","embeddable":true,"href":"https:\/\/redsemlac.com\/semmexico\/wp-json\/wp\/v2\/categories?post=3035"},{"taxonomy":"post_tag","embeddable":true,"href":"https:\/\/redsemlac.com\/semmexico\/wp-json\/wp\/v2\/tags?post=3035"}],"curies":[{"name":"wp","href":"https:\/\/api.w.org\/{rel}","templated":true}]}}