{"id":30345,"date":"2020-12-31T22:03:06","date_gmt":"2020-12-31T22:03:06","guid":{"rendered":"https:\/\/redsemlac.com\/semmexico\/?p=30345"},"modified":"2023-07-21T16:43:00","modified_gmt":"2023-07-21T21:43:00","slug":"una-mujer-para-encabezar-la-pacificacion-del-pais-rosa-icela-rodriguez","status":"publish","type":"post","link":"https:\/\/redsemlac.com\/semmexico\/una-mujer-para-encabezar-la-pacificacion-del-pais-rosa-icela-rodriguez\/","title":{"rendered":"Una mujer para encabezar la pacificaci\u00f3n del pa\u00eds: Rosa Icela Rodr\u00edguez"},"content":{"rendered":"\n<ul class=\"wp-block-list\"><li><strong>Atenci\u00f3n a las causas profundas&nbsp; que generan la delincuencia<\/strong><\/li><li><strong>Se apegar\u00e1 a los mandatos del presidente de la Rep\u00fablica<\/strong><\/li><\/ul>\n\n\n\n<p class=\"wp-block-paragraph\"><strong>Por: Lizbeth \u00c1lvarez Mart\u00ednez.<\/strong><\/p>\n\n\n\n<p class=\"wp-block-paragraph\">SemM\u00e9xico. Cd. de M\u00e9xico. 31 de diciembre 2020.- La secretaria de Seguridad P\u00fablica, Rosa Icela Rodr\u00edguez Vel\u00e1zquez, present\u00f3 el \u00faltimo informe en la materia de este 2020, durante la conferencia de esta ma\u00f1ana, \u00a0del presidente de M\u00e9xico, Andr\u00e9s Manuel L\u00f3pez Obrador.<\/p>\n\n\n\n<p class=\"wp-block-paragraph\">\u201cNo soy nueva en esto\u201d, se\u00f1al\u00f3 Rodr\u00edguez Vel\u00e1zquez en su primera participaci\u00f3n en un informe de seguridad, el \u00faltimo del a\u00f1o. Record\u00f3 su trabajo en diferentes dependencias y en diferentes niveles de gobierno, donde trat\u00f3 el tema de la seguridad.<\/p>\n\n\n\n<p class=\"wp-block-paragraph\">La funcionaria enfatiz\u00f3 que se apegar\u00e1 a las directrices enunciadas por el presidente mexicano en lo que se refiere a seguridad nacional. En ese sentido se apeg\u00f3 \u201ca la atenci\u00f3n de las causas profundas que generan la delincuencia y mantener la cobertura s\u00f3lida de la pol\u00edtica de bienestar del gobierno de M\u00e9xico\u201d.<\/p>\n\n\n\n<p class=\"wp-block-paragraph\">Dijo que ahora ya se encuentra bien de salud, ya que fue contagiada por el Covid-19 y logr\u00f3 recuperarse. Al respecto,&nbsp; dio las gracias \u201ca los m\u00e9dicos y enfermeras que hacen un esfuerzo sobrehumano para salvar vidas como la m\u00eda. Ahora prometo dedicar hasta a \u00faltima de mis fuerzas en el trabajo en materia de seguridad en favor de la sociedad mexicana\u201d.<\/p>\n\n\n\n<p class=\"wp-block-paragraph\">Expres\u00f3 que su nombramiento como&nbsp; nueva secretaria de Seguridad P\u00fablica como un cambio en los paradigmas. Ella hizo \u00e9nfasis en &nbsp;que su enfoque es distinto, puesto que no es su objetivo \u201cganar una guerra, se trata de ganar la paz. Eso es lo que queremos las mujeres y hombres mexicanos\u201d.<\/p>\n\n\n\n<p class=\"wp-block-paragraph\">Tambi\u00e9n se\u00f1al\u00f3 la importancia de que se haya elegido a una mujer como cabeza de la SSP. Para ella significa adem\u00e1s que se tom\u00f3 la decisi\u00f3n de optar por \u201cuna mujer para encabezar la pacificaci\u00f3n del pa\u00eds\u201d.<\/p>\n","protected":false},"excerpt":{"rendered":"<p>Atenci\u00f3n a las causas profundas  que generan la delincuencia<\/p>\n","protected":false},"author":3,"featured_media":30346,"comment_status":"open","ping_status":"open","sticky":false,"template":"","format":"standard","meta":{"_monsterinsights_skip_tracking":false,"footnotes":""},"categories":[691,51],"tags":[],"class_list":["post-30345","post","type-post","status-publish","format-standard","has-post-thumbnail","category-691","category-ejecutivo"],"_links":{"self":[{"href":"https:\/\/redsemlac.com\/semmexico\/wp-json\/wp\/v2\/posts\/30345","targetHints":{"allow":["GET"]}}],"collection":[{"href":"https:\/\/redsemlac.com\/semmexico\/wp-json\/wp\/v2\/posts"}],"about":[{"href":"https:\/\/redsemlac.com\/semmexico\/wp-json\/wp\/v2\/types\/post"}],"author":[{"embeddable":true,"href":"https:\/\/redsemlac.com\/semmexico\/wp-json\/wp\/v2\/users\/3"}],"replies":[{"embeddable":true,"href":"https:\/\/redsemlac.com\/semmexico\/wp-json\/wp\/v2\/comments?post=30345"}],"version-history":[{"count":0,"href":"https:\/\/redsemlac.com\/semmexico\/wp-json\/wp\/v2\/posts\/30345\/revisions"}],"wp:featuredmedia":[{"embeddable":true,"href":"https:\/\/redsemlac.com\/semmexico\/wp-json\/wp\/v2\/media\/30346"}],"wp:attachment":[{"href":"https:\/\/redsemlac.com\/semmexico\/wp-json\/wp\/v2\/media?parent=30345"}],"wp:term":[{"taxonomy":"category","embeddable":true,"href":"https:\/\/redsemlac.com\/semmexico\/wp-json\/wp\/v2\/categories?post=30345"},{"taxonomy":"post_tag","embeddable":true,"href":"https:\/\/redsemlac.com\/semmexico\/wp-json\/wp\/v2\/tags?post=30345"}],"curies":[{"name":"wp","href":"https:\/\/api.w.org\/{rel}","templated":true}]}}