{"id":30325,"date":"2020-12-31T03:02:57","date_gmt":"2020-12-31T03:02:57","guid":{"rendered":"https:\/\/redsemlac.com\/semmexico\/?p=30325"},"modified":"2023-07-21T16:43:01","modified_gmt":"2023-07-21T21:43:01","slug":"detienen-a-presunto-implicado-en-feminicidio-de-ana-en-quintana-roo","status":"publish","type":"post","link":"https:\/\/redsemlac.com\/semmexico\/detienen-a-presunto-implicado-en-feminicidio-de-ana-en-quintana-roo\/","title":{"rendered":"Detienen a presunto implicado en feminicidio de Ana en Quintana Roo"},"content":{"rendered":"\n<ul class=\"wp-block-list\"><li><strong>Esta tarde as\u00ed lo inform\u00f3 la Fiscal\u00eda General<\/strong><\/li><li><strong>El cuerpo de joven fue trasladado esta misma tarde a Chiapas<\/strong><\/li><\/ul>\n\n\n\n<p class=\"wp-block-paragraph\"><strong>\u00c1ngeles G\u00f3mez<\/strong><\/p>\n\n\n\n<p class=\"wp-block-paragraph\">SemM\u00e9xico, Canc\u00fan, Quintana Roo, 30 de diciembre, 2020.- Esta tarde la Fiscal\u00eda General del Estado de Quintana Roo inform\u00f3 que fue presentado ante el Ministerio P\u00fablico una persona identificada como Carlos G. quien habr\u00eda participado en la privaci\u00f3n de la vida de Ana G\u00f3mez Hern\u00e1ndez.<\/p>\n\n\n\n<p class=\"wp-block-paragraph\">El cuerpo de Ana fue localizado el d\u00eda 28 de diciembre en un \u00e1rea verde de las inmediaciones de un centro de hospedaje \u2013 Hard Rock Hotel de la Riviera Maya- que se localiza en un tramo de la carretera Tulum-Playa del Carmen, quien hab\u00eda desaparecido desde el pasado 18 de diciembre.<\/p>\n\n\n\n<p class=\"wp-block-paragraph\">Dentro de la carpeta de investigaci\u00f3n se dio la intervenci\u00f3n a peritos antrop\u00f3logos, m\u00e9dicos legistas, criminalistas, especialistas en dactiloscopia, qu\u00edmica forense, entre otras especialidades, quienes recabaron la evidencia en el lugar de los hechos y la relacionada con la v\u00edctima.<\/p>\n\n\n\n<p class=\"wp-block-paragraph\">Cabe destacar que tambi\u00e9n se activ\u00f3 el protocolo de actuaci\u00f3n de feminicidio.<\/p>\n\n\n\n<p class=\"wp-block-paragraph\">Por su parte elementos de la polic\u00eda de la Fiscal\u00eda General del Estado emprendieron los trabajos de investigaci\u00f3n y recabaron material de sistema de videoc\u00e1maras del C4 del Gobierno del Estado, llevaron a cabo entrevistas, aplicaron la tecnolog\u00eda correspondiente, entre otros t\u00e9cnicas de investigaci\u00f3n.<\/p>\n\n\n\n<p class=\"wp-block-paragraph\">Como resultado del an\u00e1lisis de la evidencia recabada, se encontraron indicios suficientes para determinar la probable participaci\u00f3n de Carlos \u201cG\u201d en el feminicidio, quien presta sus servicios de seguridad en dicho hotel.<\/p>\n\n\n\n<p class=\"wp-block-paragraph\">Por lo que en las pr\u00f3ximas horas el ministerio p\u00fablico determinar\u00e1 su situaci\u00f3n legal para llevar el caso ante un juez de control.<\/p>\n\n\n\n<p class=\"wp-block-paragraph\">Cabe destacar que el cuerpo de la v\u00edctima ya fue identificado y entregado a sus familiares quienes fueron asistidos por personal de la Comisi\u00f3n Ejecutiva de Atenci\u00f3n a V\u00edctimas de Quintana Roo y les proporcionaron asesor\u00eda jur\u00eddica, contenci\u00f3n sicol\u00f3gica,&nbsp; entre otros apoyos otorgados por el Gobierno del Estado.<\/p>\n\n\n\n<p class=\"wp-block-paragraph\">La Fiscal\u00eda General del Estado de Quintana Roo cumple con su obligaci\u00f3n constitucional de investigar, perseguir y capturar a todas aquellas personas que atentan contra la dignidad y la integridad f\u00edsica de las ni\u00f1as y mujeres del estado de Quintana Roo.<\/p>\n\n\n\n<p class=\"wp-block-paragraph\">El cuerpo de Ana G\u00f3mez Hern\u00e1ndez inici\u00f3 su traslado hacia el rancho El Suspiro, en Ocosingo, Chiapas, lugar de nacimiento y donde reside su familia.<\/p>\n\n\n\n<p class=\"wp-block-paragraph\">Las organizaciones feministas iniciaron protestas en las instalaciones de la Fiscal\u00eda General de Quintana Roo.<\/p>\n\n\n\n<p class=\"wp-block-paragraph\">De igual forma, se dio a conocer que por m\u00e1s de una hora, habitantes del poblado de Puerto Aventuras, donde resid\u00eda la joven, mantuvieron bloqueada la carretera para protestar por el feminicidio de Ana.<\/p>\n\n\n\n<p class=\"wp-block-paragraph\">SEM\/ag\/sj<\/p>\n","protected":false},"excerpt":{"rendered":"<p>Esta tarde la Fiscal\u00eda General del Estado de Quintana Roo inform\u00f3 que fue presentado ante el Ministerio P\u00fablico una persona identificada como Carlos G. quien habr\u00eda participado en la privaci\u00f3n de la vida de Ana G\u00f3mez Hern\u00e1ndez.<\/p>\n","protected":false},"author":3,"featured_media":30326,"comment_status":"open","ping_status":"open","sticky":false,"template":"","format":"standard","meta":{"_monsterinsights_skip_tracking":false,"footnotes":""},"categories":[691,47,48],"tags":[],"class_list":["post-30325","post","type-post","status-publish","format-standard","has-post-thumbnail","category-691","category-no-mas-impunidad","category-no-mas-impunidad-no-mas-impunidad"],"_links":{"self":[{"href":"https:\/\/redsemlac.com\/semmexico\/wp-json\/wp\/v2\/posts\/30325","targetHints":{"allow":["GET"]}}],"collection":[{"href":"https:\/\/redsemlac.com\/semmexico\/wp-json\/wp\/v2\/posts"}],"about":[{"href":"https:\/\/redsemlac.com\/semmexico\/wp-json\/wp\/v2\/types\/post"}],"author":[{"embeddable":true,"href":"https:\/\/redsemlac.com\/semmexico\/wp-json\/wp\/v2\/users\/3"}],"replies":[{"embeddable":true,"href":"https:\/\/redsemlac.com\/semmexico\/wp-json\/wp\/v2\/comments?post=30325"}],"version-history":[{"count":0,"href":"https:\/\/redsemlac.com\/semmexico\/wp-json\/wp\/v2\/posts\/30325\/revisions"}],"wp:featuredmedia":[{"embeddable":true,"href":"https:\/\/redsemlac.com\/semmexico\/wp-json\/wp\/v2\/media\/30326"}],"wp:attachment":[{"href":"https:\/\/redsemlac.com\/semmexico\/wp-json\/wp\/v2\/media?parent=30325"}],"wp:term":[{"taxonomy":"category","embeddable":true,"href":"https:\/\/redsemlac.com\/semmexico\/wp-json\/wp\/v2\/categories?post=30325"},{"taxonomy":"post_tag","embeddable":true,"href":"https:\/\/redsemlac.com\/semmexico\/wp-json\/wp\/v2\/tags?post=30325"}],"curies":[{"name":"wp","href":"https:\/\/api.w.org\/{rel}","templated":true}]}}