{"id":30314,"date":"2020-12-30T21:15:35","date_gmt":"2020-12-30T21:15:35","guid":{"rendered":"https:\/\/redsemlac.com\/semmexico\/?p=30314"},"modified":"2023-07-21T16:43:01","modified_gmt":"2023-07-21T21:43:01","slug":"rosa-icela-rodriguez-velazquez-regresa-a-sus-actividades-tras-covid-19","status":"publish","type":"post","link":"https:\/\/redsemlac.com\/semmexico\/rosa-icela-rodriguez-velazquez-regresa-a-sus-actividades-tras-covid-19\/","title":{"rendered":"Rosa Icela Rodr\u00edguez Vel\u00e1zquez regresa a sus actividades tras Covid-19"},"content":{"rendered":"\n<p class=\"wp-block-paragraph\"><strong>Por: Lizbeth \u00c1lvarez Mart\u00ednez<\/strong><\/p>\n\n\n\n<p class=\"wp-block-paragraph\">SemM\u00e9xico. Cd. de M\u00e9xico. 30 de diciembre 2020.- Desde Palacio Nacional. Apareci\u00f3 la Secretar\u00eda de Seguridad y Protecci\u00f3n Ciudadana (SSPC), Rosa Icela Rodr\u00edguez Vel\u00e1zquez, dio sus primeras declaraciones tras superar la pandemia del Covid-19.<\/p>\n\n\n\n<p class=\"wp-block-paragraph\">En el contexto que ma\u00f1ana 31 de diciembre ser\u00e1 presentado el Informe de Seguridad Nacional, dijo la funcionaria: \u201cYa hay una estrategia nacional de seguridad, vamos hacer una revisi\u00f3n de algunas de las cuestiones que corresponde a la Secretar\u00eda, en todo caso se va a sumar alguna que otra acci\u00f3n fundamental sobre la prevenci\u00f3n\u201d.<\/p>\n\n\n\n<p class=\"wp-block-paragraph\">Por su parte, el presidente Andr\u00e9s Manuel L\u00f3pez Obrador le dio la bienvenida durante la tradicional Ma\u00f1anera.<\/p>\n\n\n\n<p class=\"wp-block-paragraph\">\u201cQuiero dar la bienvenida a Rosa Icela Rodr\u00edguez, secretaria de Seguridad y Protecci\u00f3n Ciudadana, ella ya se incorpora de manera presencial porque ya hab\u00eda estado trabajando desde su domicilio mientras se recuperaba de una enfermedad, de Covid-19. Afortunadamente sali\u00f3 bien, nos da mucho gusto y ya est\u00e1 haciendo cargo de la secretar\u00eda de Seguridad y Protecci\u00f3n\u201d, expres\u00f3 el Ejecutivo Federal.<\/p>\n\n\n\n<p class=\"wp-block-paragraph\">Cabe destacar, que el pasado 16 de septiembre, Rosa Icela Rodr\u00edguez, entonces Coordinadora general de Puertos y Marina Mercante de la Secretar\u00eda de Comunicaciones y Transportes (SCT), inform\u00f3 a trav\u00e9s de Twitter que hab\u00eda dado positivo a la prueba de coronavirus.<\/p>\n\n\n\n<p class=\"wp-block-paragraph\">Sin brindar muchos detalles, Rosa Icela Rodr\u00edguez indic\u00f3 que se realiz\u00f3 la prueba, luego de que una persona con la que se reuni\u00f3 le informara de su contagio.<\/p>\n\n\n\n<p class=\"wp-block-paragraph\">Un mes y medio despu\u00e9s, el 30 de octubre, el presidente L\u00f3pez Obrador nombr\u00f3 a Rosa Icela Rodr\u00edguez, entonces coordinadora de Puertos y Marina Mercante, para estar al frente de la SSPC, en sustituci\u00f3n de Alfonso Durazo Monta\u00f1o, quien renunci\u00f3 al cargo para aspirar a la candidatura de Morena a l gubernatura de Sonora.<\/p>\n","protected":false},"excerpt":{"rendered":"<p> Rosa Icela Rodr\u00edguez Vel\u00e1zquez, dio sus primeras declaraciones tras superar la pandemia del Covid-19.<\/p>\n","protected":false},"author":3,"featured_media":30315,"comment_status":"open","ping_status":"open","sticky":false,"template":"","format":"standard","meta":{"_monsterinsights_skip_tracking":false,"footnotes":""},"categories":[691,51],"tags":[],"class_list":["post-30314","post","type-post","status-publish","format-standard","has-post-thumbnail","category-691","category-ejecutivo"],"_links":{"self":[{"href":"https:\/\/redsemlac.com\/semmexico\/wp-json\/wp\/v2\/posts\/30314","targetHints":{"allow":["GET"]}}],"collection":[{"href":"https:\/\/redsemlac.com\/semmexico\/wp-json\/wp\/v2\/posts"}],"about":[{"href":"https:\/\/redsemlac.com\/semmexico\/wp-json\/wp\/v2\/types\/post"}],"author":[{"embeddable":true,"href":"https:\/\/redsemlac.com\/semmexico\/wp-json\/wp\/v2\/users\/3"}],"replies":[{"embeddable":true,"href":"https:\/\/redsemlac.com\/semmexico\/wp-json\/wp\/v2\/comments?post=30314"}],"version-history":[{"count":0,"href":"https:\/\/redsemlac.com\/semmexico\/wp-json\/wp\/v2\/posts\/30314\/revisions"}],"wp:featuredmedia":[{"embeddable":true,"href":"https:\/\/redsemlac.com\/semmexico\/wp-json\/wp\/v2\/media\/30315"}],"wp:attachment":[{"href":"https:\/\/redsemlac.com\/semmexico\/wp-json\/wp\/v2\/media?parent=30314"}],"wp:term":[{"taxonomy":"category","embeddable":true,"href":"https:\/\/redsemlac.com\/semmexico\/wp-json\/wp\/v2\/categories?post=30314"},{"taxonomy":"post_tag","embeddable":true,"href":"https:\/\/redsemlac.com\/semmexico\/wp-json\/wp\/v2\/tags?post=30314"}],"curies":[{"name":"wp","href":"https:\/\/api.w.org\/{rel}","templated":true}]}}