{"id":30301,"date":"2020-12-30T09:33:00","date_gmt":"2020-12-30T09:33:00","guid":{"rendered":"https:\/\/redsemlac.com\/semmexico\/?p=30301"},"modified":"2023-07-21T16:43:02","modified_gmt":"2023-07-21T21:43:02","slug":"implementa-seimujer-linea-de-atencion-para-casos-de-violencia-de-genero-durante-fin-de-ano","status":"publish","type":"post","link":"https:\/\/redsemlac.com\/semmexico\/implementa-seimujer-linea-de-atencion-para-casos-de-violencia-de-genero-durante-fin-de-ano\/","title":{"rendered":"Implementa Seimujer l\u00ednea de atenci\u00f3n para casos de violencia de g\u00e9nero durante fin de a\u00f1o"},"content":{"rendered":"\n<ul class=\"wp-block-list\"><li><strong>El periodo de Navidad y A\u00f1o Nuevo es uno de los que m\u00e1s registra casos de violencia de g\u00e9nero, indica titular de Seimujer<\/strong><\/li><li><strong>L\u00ednea telef\u00f3nica 24\/7<\/strong><\/li><\/ul>\n\n\n\n<p class=\"wp-block-paragraph\"><strong>Redacci\u00f3n<\/strong><\/p>\n\n\n\n<p class=\"wp-block-paragraph\">SemM\u00e9xico. Morelia, Michoac\u00e1n, 30 de diciembre de 2020.- Considerado el periodo de Navidad y A\u00f1o Nuevo como uno de los que registra m\u00e1s casos de violencia de g\u00e9nero, la Secretar\u00eda de Igualdad Sustantiva y Desarrollo de las Mujeres (Seimujer), implement\u00f3 el n\u00famero de atenci\u00f3n 4435822082, que atienden las 24 horas los 7 d\u00edas de la semana.<\/p>\n\n\n\n<p class=\"wp-block-paragraph\">La l\u00ednea telef\u00f3nica es atendida por profesionales que brindan asesor\u00eda, acompa\u00f1amiento y contenci\u00f3n a las mujeres, sus hijas e hijos, v\u00edctimas de violencia de g\u00e9nero, explic\u00f3 la titular de la Seimujer, Nuria Gabriela Hern\u00e1ndez Abarca.&nbsp;<\/p>\n\n\n\n<p class=\"wp-block-paragraph\">&nbsp;\u201cNormalmente los periodos donde las familias pasan m\u00e1s tiempo en su casa agudiza la violencia de g\u00e9nero; queremos que las mujeres sepan que no est\u00e1n solas y podemos ayudarles y protegerlas\u201d, coment\u00f3.<\/p>\n\n\n\n<p class=\"wp-block-paragraph\">Indic\u00f3 que la l\u00ednea ha estado funcionando durante la pandemia, logrando dar atenci\u00f3n a casi 5 mil mujeres, sus hijas e hijos, quienes en su mayor\u00eda reciben acompa\u00f1amiento por violencia psicol\u00f3gica.<\/p>\n\n\n\n<p class=\"wp-block-paragraph\">&nbsp;\u201cLa pandemia por COVID-19 no es el \u00fanico enemigo de las mujeres, en casa o en el espacio p\u00fablico las mujeres viven episodios de violencia, en su mayor\u00eda causados por sus parejas o personas cercanas a su \u00e1mbito cercano\u201d, asegur\u00f3.<\/p>\n\n\n\n<p class=\"wp-block-paragraph\">Hern\u00e1ndez Abarca inform\u00f3 adem\u00e1s que cuentan con un refugio y casa de emergencia para dar resguardo a mujeres, sus hijas e hijos que vivan una situaci\u00f3n de violencia extrema que ponga en riesgo su vida, en ese espacio los n\u00facleos familiares reciben atenci\u00f3n integral durante un periodo de tres meses.<\/p>\n","protected":false},"excerpt":{"rendered":"<p>El periodo de Navidad y A\u00f1o Nuevo es uno de los que m\u00e1s registra casos de violencia de g\u00e9nero, indica titular de Seimujer<\/p>\n","protected":false},"author":3,"featured_media":30302,"comment_status":"open","ping_status":"open","sticky":false,"template":"","format":"standard","meta":{"_monsterinsights_skip_tracking":false,"footnotes":""},"categories":[691,51],"tags":[],"class_list":["post-30301","post","type-post","status-publish","format-standard","has-post-thumbnail","category-691","category-ejecutivo"],"_links":{"self":[{"href":"https:\/\/redsemlac.com\/semmexico\/wp-json\/wp\/v2\/posts\/30301","targetHints":{"allow":["GET"]}}],"collection":[{"href":"https:\/\/redsemlac.com\/semmexico\/wp-json\/wp\/v2\/posts"}],"about":[{"href":"https:\/\/redsemlac.com\/semmexico\/wp-json\/wp\/v2\/types\/post"}],"author":[{"embeddable":true,"href":"https:\/\/redsemlac.com\/semmexico\/wp-json\/wp\/v2\/users\/3"}],"replies":[{"embeddable":true,"href":"https:\/\/redsemlac.com\/semmexico\/wp-json\/wp\/v2\/comments?post=30301"}],"version-history":[{"count":0,"href":"https:\/\/redsemlac.com\/semmexico\/wp-json\/wp\/v2\/posts\/30301\/revisions"}],"wp:featuredmedia":[{"embeddable":true,"href":"https:\/\/redsemlac.com\/semmexico\/wp-json\/wp\/v2\/media\/30302"}],"wp:attachment":[{"href":"https:\/\/redsemlac.com\/semmexico\/wp-json\/wp\/v2\/media?parent=30301"}],"wp:term":[{"taxonomy":"category","embeddable":true,"href":"https:\/\/redsemlac.com\/semmexico\/wp-json\/wp\/v2\/categories?post=30301"},{"taxonomy":"post_tag","embeddable":true,"href":"https:\/\/redsemlac.com\/semmexico\/wp-json\/wp\/v2\/tags?post=30301"}],"curies":[{"name":"wp","href":"https:\/\/api.w.org\/{rel}","templated":true}]}}