{"id":30290,"date":"2020-12-29T17:42:52","date_gmt":"2020-12-29T17:42:52","guid":{"rendered":"https:\/\/redsemlac.com\/semmexico\/?p=30290"},"modified":"2023-07-21T16:43:02","modified_gmt":"2023-07-21T21:43:02","slug":"desarrollar-la-cultura-de-la-legalidad-y-construir-un-estado-de-bienestar-objetivo-del-senado","status":"publish","type":"post","link":"https:\/\/redsemlac.com\/semmexico\/desarrollar-la-cultura-de-la-legalidad-y-construir-un-estado-de-bienestar-objetivo-del-senado\/","title":{"rendered":"Desarrollar la cultura de la legalidad y construir un Estado de bienestar, objetivo del Senado"},"content":{"rendered":"\n<ul class=\"wp-block-list\"><li><strong>La Comisi\u00f3n de Justicia recibi\u00f3 m\u00e1s de 100 iniciativas y 24 puntos de acuerdo durante el \u00faltimo Periodo Ordinario de Sesiones<\/strong><\/li><\/ul>\n\n\n\n<ul class=\"wp-block-list\"><li><strong>Actividad en el primer periodo de sesiones del tercer a\u00f1o de la legislatura<\/strong><\/li><\/ul>\n\n\n\n<p class=\"wp-block-paragraph\"><strong>Redacci\u00f3n<\/strong><\/p>\n\n\n\n<p class=\"wp-block-paragraph\">SemM\u00e9xico, Cd. de M\u00e9xico, 29 de diciembre 2020.- Para construir un Estado de bienestar social general, desterrar la corrupci\u00f3n y la desigualdad que lastiman severamente la vida nacional, el Senado de la Rep\u00fablica desahog\u00f3 diversos asuntos en materia de justicia.<\/p>\n\n\n\n<p class=\"wp-block-paragraph\">Durante el Primer Periodo Ordinario de Sesiones del Tercer A\u00f1o de Ejercicio de la LXIV Legislatura, encabezado por &nbsp;Ricardo Monreal \u00c1vila &nbsp;responsable&nbsp; de &nbsp;la Junta de Coordinaci\u00f3n Pol\u00edtica, las senadoras y los senadores presentaron m\u00e1s de 100 iniciativas y 24 puntos de acuerdo en la materia.<\/p>\n\n\n\n<p class=\"wp-block-paragraph\">La Comisi\u00f3n de Justicia de la C\u00e1mara Alta, que preside &nbsp;senador Julio Ram\u00f3n Menchaca Salazar, fuera de&nbsp; cualquier inter\u00e9s personal o de grupo, se informa que &nbsp;con el objetivo de desarrollar a plenitud la cultura de la legalidad y de la confianza, trabaj\u00f3 en el an\u00e1lisis de las iniciativas.<\/p>\n\n\n\n<p class=\"wp-block-paragraph\">Este &nbsp;\u00f3rgano legislativo atendi\u00f3 15 minutas enviadas por la C\u00e1mara de Diputados y present\u00f3 ante la asamblea cinco dict\u00e1menes.<\/p>\n\n\n\n<p class=\"wp-block-paragraph\">El asunto m\u00e1s destacado de la Comisi\u00f3n fue la aprobaci\u00f3n en el Pleno -con 82 votos a favor, 18 en contra y siete abstenciones- del proyecto de decreto que expide la Ley Federal para la Regulaci\u00f3n del Cannabis, y reforma diversas disposiciones de la Ley General de Salud y del C\u00f3digo Penal Federal.<\/p>\n\n\n\n<p class=\"wp-block-paragraph\">La propuesta tiene el objetivo de atender el consumo problem\u00e1tico del cannabis bajo los principios de respeto a los derechos humanos, fomentar\u00e1 &nbsp;la paz, &nbsp;la salud p\u00fablica, la protecci\u00f3n de grupos vulnerables y la justicia social.<\/p>\n\n\n\n<p class=\"wp-block-paragraph\">Adem\u00e1s, tiene como eje rector la promoci\u00f3n, respeto, protecci\u00f3n y garant\u00eda de los derechos humanos, las libertades fundamentales y la dignidad humana, en los t\u00e9rminos previstos por la Constituci\u00f3n Pol\u00edtica de los Estados Unidos Mexicanos.<\/p>\n\n\n\n<p class=\"wp-block-paragraph\">Tambi\u00e9n, tiene como prop\u00f3sito fomentar la paz y la seguridad de la sociedad, contribuyendo en la disminuci\u00f3n del mercado ilegal del cannabis psicoactivo y con ello, del crimen organizado, la corrupci\u00f3n y la violencia.<\/p>\n\n\n\n<p class=\"wp-block-paragraph\">Bajo el mecanismo&nbsp; de Parlamento Abierto, las y los integrantes de la Comisi\u00f3n de Justicia realizaron diversos foros para consultar a expertos, acad\u00e9micos, organizaciones de la sociedad civil y a la ciudadan\u00eda en general sobre dicha regulaci\u00f3n; en materia de Mecanismos Alternativos de Soluci\u00f3n de Controversias; e impartici\u00f3n de justicia digital.<\/p>\n\n\n\n<p class=\"wp-block-paragraph\">Asimismo, las y los integrantes de la Comisi\u00f3n participaron en el proceso de entrevistas, an\u00e1lisis de elegibilidad y designaci\u00f3n de Luis Esp\u00edndola Morales como nuevo magistrado de la Sala Regional Especializada del Tribunal Electoral del Poder Judicial de la Federaci\u00f3n, as\u00ed como de 19 magistradas y magistrados de los \u00d3rganos Jurisdiccionales Locales en materia electoral de 14 estados.<\/p>\n\n\n\n<p class=\"wp-block-paragraph\">Tambi\u00e9n, formaron parte del proceso de designaci\u00f3n de cuatro ciudadanas y ciudadanos en el cargo de magistradas y magistrados numerarios de los Tribunales Agrarios; de cinco magistradas y magistrados de Sala Regional del Tribunal Federal de Justicia Administrativa; y de dos comisionados del Instituto Nacional de Transparencia, Acceso a la Informaci\u00f3n y Protecci\u00f3n de Datos Personales.<\/p>\n","protected":false},"excerpt":{"rendered":"<p>Actividad en el primer periodo de sesiones del tercer a\u00f1o de la legislatura<\/p>\n","protected":false},"author":3,"featured_media":30291,"comment_status":"open","ping_status":"open","sticky":false,"template":"","format":"standard","meta":{"_monsterinsights_skip_tracking":false,"footnotes":""},"categories":[691,50],"tags":[],"class_list":["post-30290","post","type-post","status-publish","format-standard","has-post-thumbnail","category-691","category-congreso"],"_links":{"self":[{"href":"https:\/\/redsemlac.com\/semmexico\/wp-json\/wp\/v2\/posts\/30290","targetHints":{"allow":["GET"]}}],"collection":[{"href":"https:\/\/redsemlac.com\/semmexico\/wp-json\/wp\/v2\/posts"}],"about":[{"href":"https:\/\/redsemlac.com\/semmexico\/wp-json\/wp\/v2\/types\/post"}],"author":[{"embeddable":true,"href":"https:\/\/redsemlac.com\/semmexico\/wp-json\/wp\/v2\/users\/3"}],"replies":[{"embeddable":true,"href":"https:\/\/redsemlac.com\/semmexico\/wp-json\/wp\/v2\/comments?post=30290"}],"version-history":[{"count":0,"href":"https:\/\/redsemlac.com\/semmexico\/wp-json\/wp\/v2\/posts\/30290\/revisions"}],"wp:featuredmedia":[{"embeddable":true,"href":"https:\/\/redsemlac.com\/semmexico\/wp-json\/wp\/v2\/media\/30291"}],"wp:attachment":[{"href":"https:\/\/redsemlac.com\/semmexico\/wp-json\/wp\/v2\/media?parent=30290"}],"wp:term":[{"taxonomy":"category","embeddable":true,"href":"https:\/\/redsemlac.com\/semmexico\/wp-json\/wp\/v2\/categories?post=30290"},{"taxonomy":"post_tag","embeddable":true,"href":"https:\/\/redsemlac.com\/semmexico\/wp-json\/wp\/v2\/tags?post=30290"}],"curies":[{"name":"wp","href":"https:\/\/api.w.org\/{rel}","templated":true}]}}