{"id":30244,"date":"2020-12-28T21:09:26","date_gmt":"2020-12-28T21:09:26","guid":{"rendered":"https:\/\/redsemlac.com\/semmexico\/?p=30244"},"modified":"2023-07-21T16:43:04","modified_gmt":"2023-07-21T21:43:04","slug":"la-vida-ocurre-en-las-redes-sociales-y-aplicaciones-ante-la-violencia-digital","status":"publish","type":"post","link":"https:\/\/redsemlac.com\/semmexico\/la-vida-ocurre-en-las-redes-sociales-y-aplicaciones-ante-la-violencia-digital\/","title":{"rendered":"La vida ocurre en las redes sociales y aplicaciones ante la violencia digital"},"content":{"rendered":"\n<p class=\"wp-block-paragraph\"><strong>Por: Lizbeth \u00c1lvarez Mart\u00ednez<\/strong><\/p>\n\n\n\n<p class=\"wp-block-paragraph\">SemM\u00e9xico. Cd. de M\u00e9xico. 28 de diciembre 2020.- La vida digital cobra cada vez m\u00e1s importancia y es necesario desarrollar los mecanismos suficientes y adecuados para la prevenci\u00f3n, atenci\u00f3n y sanci\u00f3n cuando sea vulnerado el bien jur\u00eddico de la privacidad, advirti\u00f3 la Presidenta de la Comisi\u00f3n de Derechos Humanos de la Ciudad de M\u00e9xico (CDHCM), Nashieli Ram\u00edrez Hern\u00e1ndez.<\/p>\n\n\n\n<p class=\"wp-block-paragraph\">\u201cCada vez m\u00e1s la vida ocurre en las redes sociales y aplicaciones: en 2015, 57.4% de la poblaci\u00f3n era usuaria de Internet, en 2019 lleg\u00f3 a 70% y, en este 2020 at\u00edpico, por lo menos 8 de cada 10 mexicanos y mexicanas lo hac\u00edan a trav\u00e9s de esas redes\u201d, refiri\u00f3.<\/p>\n\n\n\n<p class=\"wp-block-paragraph\">En su intervenci\u00f3n en el panel inaugural del \u00abTaller Violencia Digital Ley Olimpia\u00bb, plante\u00f3 como reto institucional el de generar m\u00e1s conocimiento sobre los da\u00f1os que se pueden producir, qu\u00e9 pr\u00e1cticas son indeseables y qu\u00e9 medidas institucionales y sociales se deben tomar; as\u00ed como qu\u00e9 personas o grupos de personas pueden resultar m\u00e1s afectadas.<\/p>\n\n\n\n<p class=\"wp-block-paragraph\">Pensemos, por ejemplo -continu\u00f3-, que un comentario, una foto o un like puede perdurar en la nube, como nunca antes una opini\u00f3n propia hubiera quedado en la memoria de nadie: \u201cLo que hubiera sido un comentario entre amigos, puede ser ahora un screenshot que puede circular, de mano en mano, hasta alguien desconocido, en un lugar desconocido. Lo que hubiera sido un v\u00eddeo, una foto o un mensaje de voz para una persona, puede ahora ser para los ojos y los o\u00eddos de miles\u201d.<\/p>\n\n\n\n<p class=\"wp-block-paragraph\">En el Taller se refiri\u00f3 a las reformas a nivel federal y local que, en la Ciudad de M\u00e9xico fueron publicadas desde enero, con la categorizaci\u00f3n de violencia digital en la Ley de Acceso a las Mujeres a una Vida Libre de Violencia, as\u00ed como un Cap\u00edtulo de Delitos Contra la Intimidad Sexual en el C\u00f3digo Penal.<\/p>\n\n\n\n<p class=\"wp-block-paragraph\">Estas reformas, insisti\u00f3 la Presidenta de la CDHCM, confirman que la vida digital est\u00e1 cobrando cada vez m\u00e1s importancia y que, a la par, debemos contar con los mecanismos para proteger la privacidad como un bien jur\u00eddico de todas las personas, en todas las \u00e9pocas.<\/p>\n\n\n\n<p class=\"wp-block-paragraph\">As\u00ed, insisti\u00f3 la Defensora, las reformas son el primer paso para definir lo que es o no bueno y deseable en esa vida digital, en lo que toca a la privacidad y su relaci\u00f3n con la intimidad sexual y el ejercicio a una vida libre de violencia para las mujeres.<\/p>\n\n\n\n<p class=\"wp-block-paragraph\">\u201cEs un primer paso para reconocer que las interacciones virtuales importan e impactan, y no son inocuas ni banales. Las reformas surgen para establecer como delito la difusi\u00f3n del contenido sexual \u00edntimo sin consentimiento de quien est\u00e1 en el material audiovisual que se distribuye\u201d, explic\u00f3 Ram\u00edrez Hern\u00e1ndez.<\/p>\n\n\n\n<p class=\"wp-block-paragraph\">&nbsp;\u201cQueda mucho por debatir sobre estos problemas y da\u00f1os que puede acarrear la vida digital, como son las extorsiones, el desprestigio, el acceso a cuentas de personas sin conocimiento, el control o manipulaci\u00f3n de la informaci\u00f3n; el robo de identidad y otros aspectos que pueden generar da\u00f1os sobre la intimidad; el buen nombre, la integridad y otros derechos\u201d.<\/p>\n","protected":false},"excerpt":{"rendered":"<p> La vida digital cobra cada vez m\u00e1s importancia y es necesario desarrollar los mecanismos suficientes y adecuados para la prevenci\u00f3n, atenci\u00f3n y sanci\u00f3n cuando sea vulnerado el bien jur\u00eddico de la privacidad<\/p>\n","protected":false},"author":3,"featured_media":30245,"comment_status":"open","ping_status":"open","sticky":false,"template":"","format":"standard","meta":{"_monsterinsights_skip_tracking":false,"footnotes":""},"categories":[691,51],"tags":[],"class_list":["post-30244","post","type-post","status-publish","format-standard","has-post-thumbnail","category-691","category-ejecutivo"],"_links":{"self":[{"href":"https:\/\/redsemlac.com\/semmexico\/wp-json\/wp\/v2\/posts\/30244","targetHints":{"allow":["GET"]}}],"collection":[{"href":"https:\/\/redsemlac.com\/semmexico\/wp-json\/wp\/v2\/posts"}],"about":[{"href":"https:\/\/redsemlac.com\/semmexico\/wp-json\/wp\/v2\/types\/post"}],"author":[{"embeddable":true,"href":"https:\/\/redsemlac.com\/semmexico\/wp-json\/wp\/v2\/users\/3"}],"replies":[{"embeddable":true,"href":"https:\/\/redsemlac.com\/semmexico\/wp-json\/wp\/v2\/comments?post=30244"}],"version-history":[{"count":0,"href":"https:\/\/redsemlac.com\/semmexico\/wp-json\/wp\/v2\/posts\/30244\/revisions"}],"wp:featuredmedia":[{"embeddable":true,"href":"https:\/\/redsemlac.com\/semmexico\/wp-json\/wp\/v2\/media\/30245"}],"wp:attachment":[{"href":"https:\/\/redsemlac.com\/semmexico\/wp-json\/wp\/v2\/media?parent=30244"}],"wp:term":[{"taxonomy":"category","embeddable":true,"href":"https:\/\/redsemlac.com\/semmexico\/wp-json\/wp\/v2\/categories?post=30244"},{"taxonomy":"post_tag","embeddable":true,"href":"https:\/\/redsemlac.com\/semmexico\/wp-json\/wp\/v2\/tags?post=30244"}],"curies":[{"name":"wp","href":"https:\/\/api.w.org\/{rel}","templated":true}]}}