{"id":30242,"date":"2020-12-28T20:57:26","date_gmt":"2020-12-28T20:57:26","guid":{"rendered":"https:\/\/redsemlac.com\/semmexico\/?p=30242"},"modified":"2023-07-21T16:43:04","modified_gmt":"2023-07-21T21:43:04","slug":"el-senado-se-previno-ante-el-incremento-de-la-violencia-politica-contra-las-mujeres","status":"publish","type":"post","link":"https:\/\/redsemlac.com\/semmexico\/el-senado-se-previno-ante-el-incremento-de-la-violencia-politica-contra-las-mujeres\/","title":{"rendered":"El Senado se previno ante el incremento de la violencia pol\u00edtica contra las mujeres"},"content":{"rendered":"\n<ul class=\"wp-block-list\"><li><strong>Se tipific\u00f3 este tipo de agresiones como un delito federal; antes de la LXIV Legislatura, la conducta no era sancionada, destaca Fern\u00e1ndez Balboa<\/strong><\/li><\/ul>\n\n\n\n<p class=\"wp-block-paragraph\"><strong>Redacci\u00f3n<\/strong><\/p>\n\n\n\n<p class=\"wp-block-paragraph\">SemM\u00e9xico. Cd. de M\u00e9xico. 28 de diciembre 2020 La violencia pol\u00edtica en contra de las mujeres se ha agudizado durante los \u00faltimos a\u00f1os, \u201cen la misma medida en que nosotras hemos conquistado posiciones y derechos\u201d, se\u00f1al\u00f3 la senadora M\u00f3nica Fern\u00e1ndez Balboa<\/p>\n\n\n\n<p class=\"wp-block-paragraph\">Y reitera, que este tipo de agresiones \u201ces la repuesta a medidas afirmativas como las cuotas y la paridad de g\u00e9nero, que tratan de subsanar la exclusi\u00f3n hist\u00f3rica y sistem\u00e1tica de las mujeres en los gobiernos, en los parlamentos y en la vida p\u00fablica\u201d.&nbsp;<\/p>\n\n\n\n<p class=\"wp-block-paragraph\">De acuerdo con algunos reportes, s\u00f3lo en 2019, la violencia pol\u00edtica contra las mujeres aument\u00f3 276 por ciento. Pero este indicador, enfatiz\u00f3, tiene relaci\u00f3n directa con la creciente participaci\u00f3n pol\u00edtica de las mujeres.&nbsp;<\/p>\n\n\n\n<p class=\"wp-block-paragraph\">Se trata, apunt\u00f3 Fern\u00e1ndez Balboa, de una pr\u00e1ctica repudiable muy frecuente que cuestiona, frena y limita la participaci\u00f3n de ellas en la esfera p\u00fablica, en los procesos electorales, en la toma de decisiones y en el ejercicio de la funci\u00f3n p\u00fablica.&nbsp;<\/p>\n\n\n\n<p class=\"wp-block-paragraph\">La presienta de la Comisi\u00f3n de Gobernaci\u00f3n imparti\u00f3 la conferencia \u201cLa violencia pol\u00edtica como un obst\u00e1culo a la igualdad sustantiva\u201d, un evento a distancia organizado por el Tribunal Electoral de Tabasco.&nbsp;&nbsp;<\/p>\n\n\n\n<p class=\"wp-block-paragraph\">Tambi\u00e9n la legisladora morenista consider\u00f3 que este flagelo es la reacci\u00f3n de la misoginia y el machismo a la reivindicaci\u00f3n del g\u00e9nero femenino en su derecho a tomar parte de las decisiones que nos afectan a todas y a todos.&nbsp;<\/p>\n\n\n\n<p class=\"wp-block-paragraph\">Las diferentes manifestaciones del problema, refiri\u00f3, son la expresi\u00f3n de una estructura social y pol\u00edtica patriarcal que se siente tocada por la alteraci\u00f3n de las relaciones de poder entre hombres y mujeres.<\/p>\n\n\n\n<p class=\"wp-block-paragraph\">&nbsp;\u201cFrente a cada conquista, frente al incremento de la presencia de las mujeres en los asuntos p\u00fablicos, el machismo reacciona para preservar un sistema de dominaci\u00f3n\u201d, expres\u00f3.<\/p>\n\n\n\n<p class=\"wp-block-paragraph\">Por ello, la tipificaci\u00f3n como delito de la violencia pol\u00edtica contra las mujeres ha sido una de las prioridades del Senado de la Rep\u00fablica, pues esta conducta no era considerada como un il\u00edcito federal, por lo que tampoco era sancionada ni hab\u00eda procedimientos especializados para atenderla.&nbsp;<\/p>\n\n\n\n<p class=\"wp-block-paragraph\">Antes de la LXIV Legislatura, destac\u00f3 la legisladora, este vac\u00edo jur\u00eddico exist\u00eda pese a que hab\u00eda m\u00e1s de 40 iniciativas en la materia y de que a nivel local 27 entidades ya sancionaban este tipo de violencia en sus leyes, 21 estados en legislaciones electorales y nueve en sus c\u00f3digos penales.&nbsp;<\/p>\n\n\n\n<p class=\"wp-block-paragraph\">Por ello, fue necesario incorporar en nuestro marco jur\u00eddico una definici\u00f3n precisa sobre esta situaci\u00f3n.&nbsp;<\/p>\n\n\n\n<p class=\"wp-block-paragraph\">La igualdad sustantiva, subray\u00f3, alude al ejercicio pleno de los derechos universales y a la capacidad de hacerlos efectivos en la vida cotidiana. \u201cNo basta que est\u00e9n en un papel, sino que tenemos que vivirlos, tenemos que, a trav\u00e9s de acciones afirmativas, vivir cada d\u00eda esta igualdad\u201d.&nbsp;<\/p>\n","protected":false},"excerpt":{"rendered":"<p>Se tipific\u00f3 este tipo de agresiones como un delito federal; antes de la LXIV Legislatura, la conducta no era sancionada, destaca Fern\u00e1ndez Balboa<\/p>\n","protected":false},"author":3,"featured_media":21536,"comment_status":"open","ping_status":"open","sticky":false,"template":"","format":"standard","meta":{"_monsterinsights_skip_tracking":false,"footnotes":""},"categories":[691,50],"tags":[],"class_list":["post-30242","post","type-post","status-publish","format-standard","has-post-thumbnail","category-691","category-congreso"],"_links":{"self":[{"href":"https:\/\/redsemlac.com\/semmexico\/wp-json\/wp\/v2\/posts\/30242","targetHints":{"allow":["GET"]}}],"collection":[{"href":"https:\/\/redsemlac.com\/semmexico\/wp-json\/wp\/v2\/posts"}],"about":[{"href":"https:\/\/redsemlac.com\/semmexico\/wp-json\/wp\/v2\/types\/post"}],"author":[{"embeddable":true,"href":"https:\/\/redsemlac.com\/semmexico\/wp-json\/wp\/v2\/users\/3"}],"replies":[{"embeddable":true,"href":"https:\/\/redsemlac.com\/semmexico\/wp-json\/wp\/v2\/comments?post=30242"}],"version-history":[{"count":0,"href":"https:\/\/redsemlac.com\/semmexico\/wp-json\/wp\/v2\/posts\/30242\/revisions"}],"wp:featuredmedia":[{"embeddable":true,"href":"https:\/\/redsemlac.com\/semmexico\/wp-json\/wp\/v2\/media\/21536"}],"wp:attachment":[{"href":"https:\/\/redsemlac.com\/semmexico\/wp-json\/wp\/v2\/media?parent=30242"}],"wp:term":[{"taxonomy":"category","embeddable":true,"href":"https:\/\/redsemlac.com\/semmexico\/wp-json\/wp\/v2\/categories?post=30242"},{"taxonomy":"post_tag","embeddable":true,"href":"https:\/\/redsemlac.com\/semmexico\/wp-json\/wp\/v2\/tags?post=30242"}],"curies":[{"name":"wp","href":"https:\/\/api.w.org\/{rel}","templated":true}]}}