{"id":30158,"date":"2020-12-22T18:37:19","date_gmt":"2020-12-22T18:37:19","guid":{"rendered":"https:\/\/redsemlac.com\/semmexico\/?p=30158"},"modified":"2023-07-21T16:43:07","modified_gmt":"2023-07-21T21:43:07","slug":"2021-mujeres-en-contiendas-electorales","status":"publish","type":"post","link":"https:\/\/redsemlac.com\/semmexico\/2021-mujeres-en-contiendas-electorales\/","title":{"rendered":"* 2021: mujeres en contiendas electorales"},"content":{"rendered":"\n<p class=\"wp-block-paragraph\">Teresa Vald\u00e9s Betancourt&nbsp;<\/p>\n\n\n\n<p class=\"wp-block-paragraph\">SemM\u00e9xico, 22 de diciembre, 2020.- El extraordinario proceso electoral de 2021 en M\u00e9xico, tambi\u00e9n trae, incertidumbre y oportunidades, con una contienda acompa\u00f1ada de las angustias del encierro con las medidas restrictivas por Covid-19, donde est\u00e1n las mujeres, como el hist\u00f3rico logro de la paridad, imaginada para que mujeres y hombres, pudieran decidir en un estado de derecho donde las instituciones legislativas deben integrar transversalmente, en sus pol\u00edticas el enfoque de g\u00e9nero.&nbsp;<\/p>\n\n\n\n<p class=\"wp-block-paragraph\">Una deuda desde abril del 1917. Un recuerdo especial para Hermila Galindo, la joven y culta secretaria de Venustiano Carranza quien reclam\u00f3 el derecho al voto en el proceso de la constituyente y quien recibi\u00f3 silencio como respuesta hasta el voto femenino aprobado en l953.<\/p>\n\n\n\n<p class=\"wp-block-paragraph\">Y la paridad lleg\u00f3. El 14 de enero de 2008 se public\u00f3 el art\u00edculo 175.3 cambia el t\u00e9rmino de la \u201cequidad entre hombres y mujeres\u201d por \u201cparidad de g\u00e9nero\u201d en la vida pol\u00edtica, a fin de acercarse a una representaci\u00f3n igualitaria plena y se declaran medidas precisas: \u201cLos partidos pol\u00edticos deber\u00e1n hacer p\u00fablicos los criterios para garantizar la paridad de g\u00e9nero, los cuales deben ser objetivos y asegurar condiciones de igualdad entre g\u00e9neros\u201d.<\/p>\n\n\n\n<p class=\"wp-block-paragraph\">En las v\u00edsperas del 2021 se observa la experiencia de legisladoras electas con plenos derechos ejercidos en el senado y el parlamento y aparecen preguntas como \u00bfQu\u00e9 criterio van a privilegiar los partidos pol\u00edticos para ajustar la paridad de g\u00e9nero con la reelecci\u00f3n y las nuevas candidaturas?<\/p>\n\n\n\n<p class=\"wp-block-paragraph\">Ciertos detalles ofrecen otras incertidumbres ante los cambios de opini\u00f3n hasta en las instituciones electorales, contradictorias opiniones de congresistas y en ciertas impugnaciones de algunos partidos sobre medidas afirmativas de paridad, que provocaron las acciones de las organizaciones femeninas promovidas por Asociaci\u00f3n Mujeres agentes de cambio. Colima AC, que lograron revertirlas. Ya en campa\u00f1a, aparecen declaraciones de dirigentes varones de partidos con s\u00f3lida ideolog\u00eda patriarcal, que reconocen la presencia de las mujeres en sus candidaturas, porque as\u00ed estipula la ley o de lo contrario no compiten.&nbsp;<\/p>\n\n\n\n<p class=\"wp-block-paragraph\">La explicaci\u00f3n, ante tales conductas, se esclarecen con las palabras de Alda Facio Montejo, Costa Rica 1948, jurista feminista, escritora, docente y experta internacional en g\u00e9nero y derechos humanos en Latinoam\u00e9rica se define: \u201cUna cultura androc\u00e9ntrica es aquella en la que el hombre, sus intereses y sus experiencias son el centro del universo. Algo tan falso, como cuando la gente cre\u00eda que el Sol daba vueltas alrededor de la Tierra [\u2026]\u201d. En consecuencia, contin\u00faa, cuando el var\u00f3n se concibe como el \u201crepresentante\u201d de la humanidad, las instituciones son pensadas s\u00f3lo desde la perspectiva masculina y, por tanto, responden s\u00f3lo a las necesidades e intereses del var\u00f3n y, cuando mucho, a las necesidades o intereses que los varones creen que tienen las mujeres.<\/p>\n\n\n\n<p class=\"wp-block-paragraph\">La violencia cultural y estructural se presenta desde la primera infancia, donde nos inculcan a ni\u00f1as y ni\u00f1os por igual, los mecanismos de reproducci\u00f3n de los estereotipos que discriminan e invisibilizan a las mujeres, que dan como legitimas las relaciones desiguales entre los sexos. Por supuesto, el lenguaje es veh\u00edculo para la expresi\u00f3n de nuestras ideas. Con las palabras nombramos, interpretamos y creamos. As\u00ed el lenguaje refuerza y refleja la ideolog\u00eda patriarcal, pero tambi\u00e9n, puede contribuir a modificarla.<\/p>\n\n\n\n<p class=\"wp-block-paragraph\">\u00bfQu\u00e9 nos espera en las pr\u00f3ximas contiendas electorales? \u00bfC\u00f3mo ser\u00e1 el discurso de las mujeres participantes? \u00bfRealizar\u00e1n las mismas maneras que los hombres? \u00bfLos dirigentes partidistas c\u00f3mo ajustar\u00e1n en sus cuartos de campa\u00f1a, sus intereses impregnados de amplia tradici\u00f3n electorera y viejos esquemas?<\/p>\n\n\n\n<p class=\"wp-block-paragraph\">En esta contienda, con corte femenino, existe una oportunidad \u00fanica del cambio, porque la sociedad aspira a formas m\u00e1s humanas en el ejercicio democr\u00e1tico. Los nuevos estilos de campa\u00f1a electoral con paridad obligada, tienen la oportunidad de aportar otros caminos para las candidatas y lograr un cambio en sus formas. Dejar atr\u00e1s insultos, escarnios, mentiras, humillaciones y m\u00faltiples manifestaciones de misoginia masculina que, de ninguna manera, deben llegar a la&nbsp;&nbsp;boca de las mujeres candidatas.&nbsp;<\/p>\n\n\n\n<p class=\"wp-block-paragraph\">\u00a1Si quieren ganar, hay que estudiar! Todo est\u00e1 escrito, la CEDAW establece que la m\u00e1xima participaci\u00f3n de las mujeres en igualdad de condiciones con los hombres, en todos los campos, es indispensable para el desarrollo pleno y completo de un pa\u00eds, el bienestar del mundo y la causa de la paz.<\/p>\n\n\n\n<p class=\"wp-block-paragraph\">@Letra Clara<\/p>\n\n\n\n<p class=\"wp-block-paragraph\">Maestra en Ciencias de la Comunicaci\u00f3n&nbsp;<\/p>\n","protected":false},"excerpt":{"rendered":"<p>Teresa Vald\u00e9s Betancourt&nbsp; SemM\u00e9xico, 22 de diciembre, 2020.- El extraordinario proceso electoral de 2021 en M\u00e9xico, tambi\u00e9n trae, incertidumbre y oportunidades, con una contienda acompa\u00f1ada de las angustias del encierro con las medidas restrictivas por Covid-19, donde est\u00e1n las mujeres, como el hist\u00f3rico logro de la paridad, imaginada para que mujeres y hombres, pudieran decidir [&hellip;]<\/p>\n","protected":false},"author":3,"featured_media":8474,"comment_status":"open","ping_status":"open","sticky":false,"template":"","format":"standard","meta":{"_monsterinsights_skip_tracking":false,"footnotes":""},"categories":[691,101,35,79],"tags":[],"class_list":["post-30158","post","type-post","status-publish","format-standard","has-post-thumbnail","category-691","category-letra-clara","category-opinion","category-teresa-valdes-betancourt"],"_links":{"self":[{"href":"https:\/\/redsemlac.com\/semmexico\/wp-json\/wp\/v2\/posts\/30158","targetHints":{"allow":["GET"]}}],"collection":[{"href":"https:\/\/redsemlac.com\/semmexico\/wp-json\/wp\/v2\/posts"}],"about":[{"href":"https:\/\/redsemlac.com\/semmexico\/wp-json\/wp\/v2\/types\/post"}],"author":[{"embeddable":true,"href":"https:\/\/redsemlac.com\/semmexico\/wp-json\/wp\/v2\/users\/3"}],"replies":[{"embeddable":true,"href":"https:\/\/redsemlac.com\/semmexico\/wp-json\/wp\/v2\/comments?post=30158"}],"version-history":[{"count":0,"href":"https:\/\/redsemlac.com\/semmexico\/wp-json\/wp\/v2\/posts\/30158\/revisions"}],"wp:featuredmedia":[{"embeddable":true,"href":"https:\/\/redsemlac.com\/semmexico\/wp-json\/wp\/v2\/media\/8474"}],"wp:attachment":[{"href":"https:\/\/redsemlac.com\/semmexico\/wp-json\/wp\/v2\/media?parent=30158"}],"wp:term":[{"taxonomy":"category","embeddable":true,"href":"https:\/\/redsemlac.com\/semmexico\/wp-json\/wp\/v2\/categories?post=30158"},{"taxonomy":"post_tag","embeddable":true,"href":"https:\/\/redsemlac.com\/semmexico\/wp-json\/wp\/v2\/tags?post=30158"}],"curies":[{"name":"wp","href":"https:\/\/api.w.org\/{rel}","templated":true}]}}