{"id":30103,"date":"2020-12-21T17:35:47","date_gmt":"2020-12-21T17:35:47","guid":{"rendered":"https:\/\/redsemlac.com\/semmexico\/?p=30103"},"modified":"2023-07-21T16:40:56","modified_gmt":"2023-07-21T21:40:56","slug":"amlo-subio-la-confianza-en-las-instituciones-a-pesar-de-cinco-contenciones-estructurales","status":"publish","type":"post","link":"https:\/\/redsemlac.com\/semmexico\/amlo-subio-la-confianza-en-las-instituciones-a-pesar-de-cinco-contenciones-estructurales\/","title":{"rendered":"AMLO subi\u00f3 la confianza en las instituciones a pesar de cinco contenciones estructurales"},"content":{"rendered":"\n<p class=\"wp-block-paragraph\">Rogelio Hern\u00e1ndez L\u00f3pez<\/p>\n\n\n\n<p class=\"wp-block-paragraph\">SemM\u00e9xico, 21 de diciembre, 2020.- Al iniciar 2019 un amigo muy cercano y colega me inquiri\u00f3:<\/p>\n\n\n\n<p class=\"wp-block-paragraph\"><em>&#8212; T\u00fa que eres un periodista de izquierda \u00bfqu\u00e9 crees que har\u00e1 Andr\u00e9s Manuel L\u00f3pez Obrador con M\u00e9xico cuando termine su gesti\u00f3n presidencial, si es que lo dejan acabar?<\/em><\/p>\n\n\n\n<p class=\"wp-block-paragraph\">Sonre\u00ed con el reto. Y sin pensarlo mucho lanc\u00e9 una hip\u00f3tesis, que parece comenzar a confirmarse:<\/p>\n\n\n\n<p class=\"wp-block-paragraph\"><em>&#8212; Nada de \u00e9l indica que quiera cambiar el r\u00e9gimen econ\u00f3mico capitalista, pero si desbrozar sus excesos que producen m\u00e1s pobreza. Lo que es claro es que ir\u00e1 contra el r\u00e9gimen pol\u00edtico aberrante que gener\u00f3 una elite desapegada de la mayor\u00eda y una partidocracia c\u00f3mplice, que facilit\u00f3 la corrupci\u00f3n en gran escala y mucha complicidad con la delincuencia organizada. Si logra cambiar esto, que no ser\u00e1 poco, L\u00f3pez Obrador se convertir\u00e1 en el gran limpiador, en el restaurador del sistema y har\u00e1 que la mayor\u00eda de la gente vuelva a confiar en sus instituciones y en la pol\u00edtica\u2026<\/em><\/p>\n\n\n\n<p class=\"wp-block-paragraph\">Tras dos a\u00f1os de gobierno ya pueden verse algunos indicadores que validar\u00edan esa hip\u00f3tesis. Veamos el m\u00e1s reciente:<\/p>\n\n\n\n<p class=\"wp-block-paragraph\"><strong><em>Suben de 3 a 9 las instituciones confiables<\/em><\/strong><\/p>\n\n\n\n<p class=\"wp-block-paragraph\">Consulta Mitofsky, una de las empresas encuestadoras m\u00e1s serias, comenz\u00f3 a difundir los resultados del sondeo peri\u00f3dico que realiza desde 2004 sobre la confianza ciudadana en las instituciones. Y para quienes siguen esos indicadores de la percepci\u00f3n social el 16 de diciembre aparecieron varias sorpresas.\u00a0<\/p>\n\n\n\n<p class=\"wp-block-paragraph\">En confianza ciudadana ALTA resultaron 9 instituciones en 15 meses. En la medici\u00f3n anterior fueron solo 3, dice Roy Campos, director de la empresa.<\/p>\n\n\n\n<p class=\"wp-block-paragraph\">La confianza de 7.1 puntos hacia arriba se califica como ALTA y ese nivel creci\u00f3 en promedio 4 d\u00e9cimas desde septiembre de 2019.<\/p>\n\n\n\n<p class=\"wp-block-paragraph\">Esos datos resaltan m\u00e1s porque\u00a0<em>\u201centre 2011 y 2016 se observ\u00f3 una disminuci\u00f3n de la confianza en todos los actores pol\u00edticos y sociales con excepci\u00f3n de la familia\u201d,<\/em>\u00a0seg\u00fan la Tercera Encuesta Nacional de Cultura Constitucional en M\u00e9xico del Instituto de Investigaciones Jur\u00eddicas de la UNAM difundida en enero de 2017.<\/p>\n\n\n\n<figure class=\"wp-block-image size-large\"><img decoding=\"async\" src=\"https:\/\/redsemlac.com\/semmexico\/wp-content\/uploads\/2020\/12\/Confianza-en-instituciones-CM-Dic-2020-1024x748.jpeg\" alt=\"\" class=\"wp-image-30104\"\/><\/figure>\n\n\n\n<p class=\"wp-block-paragraph\"><strong>El ej\u00e9rcito arriba<\/strong><\/p>\n\n\n\n<p class=\"wp-block-paragraph\">Por eso, otra sorpresa que provoc\u00f3 la encuesta de Consulta Mitofsky en diciembre de 2020 es que\u00a0<em>\u201cel Ej\u00e9rcito es la instituci\u00f3n que m\u00e1s crece y eso le sirve para desplazar a Las Universidades como la m\u00e1s confiable\u201d<\/em>.<\/p>\n\n\n\n<p class=\"wp-block-paragraph\">El Ej\u00e9rcito obtuvo 8 puntos. Para contraste en octubre de 2016 hab\u00eda ca\u00eddo a 6.8, es decir estaba en confianza MEDIA.<\/p>\n\n\n\n<p class=\"wp-block-paragraph\">Igual resalta que por primera vez la Guardia Nacional aparece entre las de confianza ALTA y desplaza a la cuarta posici\u00f3n a la Iglesia,&nbsp;<em>\u201cque lleg\u00f3 a estar la d\u00e9cada pasada en lugar 1 y hasta 2018 en el 2\u201d.<\/em><\/p>\n\n\n\n<p class=\"wp-block-paragraph\">Y otra sorpresa: \u201c<em>Por primera vez en los 17 a\u00f1os en que se mide la confianza \u00b4La Polic\u00eda se coloca en esta categor\u00eda cuando de 2009 a 2011 estaba en el \u00faltimo puesto\u201d.<\/em><\/p>\n\n\n\n<p class=\"wp-block-paragraph\"><strong>Regresa la Presidencia<\/strong><\/p>\n\n\n\n<p class=\"wp-block-paragraph\">Entre las 9 instituciones de confianza ALTA en la ciudadan\u00eda en diciembre de 2020, la encuesta de Mitofsky coloca a la Presidencia de la Rep\u00fablica con 7.1 puntos.&nbsp;<\/p>\n\n\n\n<p class=\"wp-block-paragraph\">Con Enrique Pe\u00f1a Nieto la confianza ciudadana en la Presidencia fue cayendo hasta el s\u00f3tano.<\/p>\n\n\n\n<p class=\"wp-block-paragraph\">En 2013 la confianza oscilaba entre 6.8 y 6.6 puntos, seg\u00fan todas las mediciones, incluida la Tercera Encuesta Nacional de Cultura Constitucional en M\u00e9xico de la UNAM de 2017. En octubre de 2017 Mitofsky registr\u00f3 una aceptaci\u00f3n de apenas 4.8 puntos. En ello coincidieron casi todas las encuestadoras.<\/p>\n\n\n\n<p class=\"wp-block-paragraph\">Ya electo L\u00f3pez Obrador la confianza ciudadana en la Presidencia comenz\u00f3 a subir. En octubre de 2018 subi\u00f3 a 5.1, al a\u00f1o siguiente en septiembre de 2019 lleg\u00f3 a 7 puntos y para diciembre de 2020 alcanz\u00f3 ya 7.1 para colocarse en el nivel ALTO.<\/p>\n\n\n\n<figure class=\"wp-block-image size-large\"><img decoding=\"async\" src=\"https:\/\/redsemlac.com\/semmexico\/wp-content\/uploads\/2020\/12\/Confianza-en-instituciones-CM-Dic-2020-1024x996.jpg\" alt=\"\" class=\"wp-image-30105\"\/><\/figure>\n\n\n\n<p class=\"wp-block-paragraph\"><strong>Hasta los medios se reval\u00faan<\/strong><\/p>\n\n\n\n<p class=\"wp-block-paragraph\">Un caso del inter\u00e9s para periodistas son los medios de comunicaci\u00f3n que en los periodos de Felipe Calder\u00f3n y Enrique Pe\u00f1a Nieto fueron arrastrados casi al mismo nivel de desconfianza ciudadana que la Presidencia de la Rep\u00fablica.&nbsp;<\/p>\n\n\n\n<p class=\"wp-block-paragraph\">En el seguimiento que este reportero realiza de las encuestas similares, se registr\u00f3 que en el a\u00f1o 2000 (fin del r\u00e9gimen de Ernesto Zedillo) la credibilidad o aceptaci\u00f3n ciudadana de los medios alcanz\u00f3 puntajes muy ALTOS de entre 8.2 a 8.6 pero fueron decayendo casi en la misma proporci\u00f3n que la presidencia:<\/p>\n\n\n\n<p class=\"wp-block-paragraph\">En 2009 (a la mitad del gobierno de Felipe Calder\u00f3n) fue similar en ambos el registro de 6.1.&nbsp;<\/p>\n\n\n\n<p class=\"wp-block-paragraph\">Para 2010 la Presidencia registr\u00f3 5.7 puntos de confianza. Pero en ese a\u00f1o los medios comenzaron a recuperarse y obtuvieron entre 6.8 y 7 puntos.<\/p>\n\n\n\n<p class=\"wp-block-paragraph\">Entre 2012 y 2018 los \u00edndices de confianza en la presidencia cayeron como en tobog\u00e1n hasta 4.3 pero los medios siguieron su recuperaci\u00f3n. A fines de 2018, seg\u00fan distintas encuestas, la confianza en los medios oscil\u00f3 en los 6.9 puntos. A\u00fan estaban en nivel MEDIO.<\/p>\n\n\n\n<p class=\"wp-block-paragraph\">Todos estos datos son indicativos de que los medios dejaban de ser arrastrados con el descredito presidencial porque paulatinamente desist\u00edan de ser aliados incondicionales del gobierno a pesar de las fuertes inversiones en publicidad. Poco a poco fueron tomando distancia con periodismo m\u00e1s profesional y m\u00e1s cr\u00edticas a la administraci\u00f3n federal.<\/p>\n\n\n\n<p class=\"wp-block-paragraph\">Por ese proceso, llama la atenci\u00f3n de la encuesta de Mitofsky que en diciembre de 2020 la mayor\u00eda de los medios hayan pasado al nivel ALTO.<\/p>\n\n\n\n<p class=\"wp-block-paragraph\">Las redes sociales y la radio obtuvieron 7.4 y 7.2 puntos del indicador de confianza; los medios de comunicaci\u00f3n en general (al parecer se colocan ah\u00ed a los impresos) tambi\u00e9n rebasaron la franja MEDIA y lograron 7.1, con excepci\u00f3n de la TV que qued\u00f3 en 6.7.<\/p>\n\n\n\n<p class=\"wp-block-paragraph\">En resumen, los medios de comunicaci\u00f3n en general, incluidos los de presencia en redes sociales, han obtenido m\u00e1s autonom\u00eda y credibilidad entre ciudadanos. Eso les da fortaleza hasta para confrontar todos los d\u00edas al Poder Ejecutivo, como lo hace la mayor\u00eda de ellos.<\/p>\n\n\n\n<p class=\"wp-block-paragraph\">Y de ese choque cotidiano hay quienes advierten que los grandes medios privados son parte de los limitantes estructurales para las transformaciones del pa\u00eds en las que no coincidan.&nbsp;<\/p>\n\n\n\n<p class=\"wp-block-paragraph\"><strong>Las cinco limitantes estructurales<\/strong><\/p>\n\n\n\n<p class=\"wp-block-paragraph\">\u201cSi AMLO triunfa o es derrotado depende de la maestr\u00eda de gobernanza que sepa implementar, en un marco donde existen cinco camisas de fuerza inmovilizadoras\u201d.<\/p>\n\n\n\n<p class=\"wp-block-paragraph\">As\u00ed lo se\u00f1al\u00f3 el 9 de diciembre, el soci\u00f3logo marxista avecindado en M\u00e9xico, Heinz Dieterich.&nbsp;<\/p>\n\n\n\n<p class=\"wp-block-paragraph\">Su ensayo difundido por Aristegui noticias lo denomin\u00f3&nbsp;<em>La batalla por M\u00e9xico: 5 camisas de fuerza frenan a la 4T<\/em>. (ver&nbsp;<a href=\"https:\/\/aristeguinoticias.com\/0912\/opinion\/la-batalla-por-mexico-5-camisas-de-fuerza-frenan-a-la-4t-articulo\/)\">https:\/\/aristeguinoticias.com\/0912\/opinion\/la-batalla-por-mexico-5-camisas-de-fuerza-frenan-a-la-4t-articulo\/)<\/a><\/p>\n\n\n\n<p class=\"wp-block-paragraph\">Con palabras de este reportero los limitantes estructurales que refiere el investigador acad\u00e9mico son: la relaci\u00f3n asim\u00e9trica con Estados Unidos; el poder\u00edo de inversiones del gran capital trasnacional en M\u00e9xico; los aparatos ideol\u00f3gicos donde incluye a los corporativos privados de medios de comunicaci\u00f3n y la iglesia cat\u00f3lica; la clase media ilustrada y las inercias de la burocracia que no quiere perder ventajas obtenidas en los sexenios del neoliberalismo rampante.<\/p>\n\n\n\n<p class=\"wp-block-paragraph\">No obstante que, hasta ahora el proyecto de la 4T parece haber avanzado en varios aspectos, las campa\u00f1as opositoras en los medios han contribuido al deterioro del nivel de aceptaci\u00f3n ciudadana en el presidente L\u00f3pez Obrador.&nbsp;<\/p>\n\n\n\n<p class=\"wp-block-paragraph\">Seg\u00fan&nbsp;<em>Oraculus (<\/em>el sitio agregador de encuestas), en febrero de 2019, se registr\u00f3 81 por ciento de aprobaci\u00f3n y para noviembre de 2020 hab\u00eda bajado a 66.66 por ciento.<\/p>\n\n\n\n<p class=\"wp-block-paragraph\">En sus conclusiones Heinz Dieterich afirma:&nbsp;<\/p>\n\n\n\n<p class=\"wp-block-paragraph\"><em>\u201cLas cinco camisas de fuerza de la 4T no proporcionan, por supuesto, una m\u00e9trica cient\u00edfica del \u00e9xito o fracaso del proyecto de Andr\u00e9s Manuel L\u00f3pez Obrador. M\u00e1s bien, definen los l\u00edmites del pol\u00edgono de planeaci\u00f3n, dentro de los cuales el presidente tiene que optimizar su gobernanza.<\/em><\/p>\n\n\n\n<p class=\"wp-block-paragraph\">Y advierte:&nbsp;<em>\u201cLa renuncia del Chief of Staff del Palacio Nacional, Alfonso Romo, cuya misi\u00f3n consist\u00eda en servir de interfase proactiva entre el Estado y el Gran Capital, junto con el mega empresario Carlos Slim; el juicio p\u00fablico sobre el preocupante manejo de la pandemia del Covid-19 en M\u00e9xico emitido por el Director General de la Organizaci\u00f3n Mundial de la Salud, Tedros Adhanom, y la constituci\u00f3n de un Bloque Opositor org\u00e1nico conducido por altas jerarcas del Gran Capital mexicano son se\u00f1ales, que hacen imperioso desarrollar la metrolog\u00eda cient\u00edfica que permita saber con precisi\u00f3n, si el poder de la 4T se incrementa, est\u00e1 paralizado o decrece (\u2026)\u201d<\/em><\/p>\n\n\n\n<p class=\"wp-block-paragraph\">2021, con las elecciones casi plebiscitarias, podr\u00eda ser a\u00f1o definitorio para mantener o perder la holgura de mando que tiene el Presidente que quiere acercar a la gente a la pol\u00edtica, cambiar el r\u00e9gimen pol\u00edtico y seguir desbrozando los excesos neoliberales del r\u00e9gimen econ\u00f3mico. Seguiremos observando.<\/p>\n","protected":false},"excerpt":{"rendered":"<p>Rogelio Hern\u00e1ndez L\u00f3pez SemM\u00e9xico, 21 de diciembre, 2020.- Al iniciar 2019 un amigo muy cercano y colega me inquiri\u00f3: &#8212; T\u00fa que eres un periodista de izquierda \u00bfqu\u00e9 crees que har\u00e1 Andr\u00e9s Manuel L\u00f3pez Obrador con M\u00e9xico cuando termine su gesti\u00f3n presidencial, si es que lo dejan acabar? Sonre\u00ed con el reto. Y sin pensarlo [&hellip;]<\/p>\n","protected":false},"author":3,"featured_media":8473,"comment_status":"open","ping_status":"open","sticky":false,"template":"","format":"standard","meta":{"_monsterinsights_skip_tracking":false,"footnotes":""},"categories":[691,106,35,85],"tags":[],"class_list":["post-30103","post","type-post","status-publish","format-standard","has-post-thumbnail","category-691","category-mirada-de-reportero","category-opinion","category-rogelio-hernandez-lopez"],"_links":{"self":[{"href":"https:\/\/redsemlac.com\/semmexico\/wp-json\/wp\/v2\/posts\/30103","targetHints":{"allow":["GET"]}}],"collection":[{"href":"https:\/\/redsemlac.com\/semmexico\/wp-json\/wp\/v2\/posts"}],"about":[{"href":"https:\/\/redsemlac.com\/semmexico\/wp-json\/wp\/v2\/types\/post"}],"author":[{"embeddable":true,"href":"https:\/\/redsemlac.com\/semmexico\/wp-json\/wp\/v2\/users\/3"}],"replies":[{"embeddable":true,"href":"https:\/\/redsemlac.com\/semmexico\/wp-json\/wp\/v2\/comments?post=30103"}],"version-history":[{"count":0,"href":"https:\/\/redsemlac.com\/semmexico\/wp-json\/wp\/v2\/posts\/30103\/revisions"}],"wp:featuredmedia":[{"embeddable":true,"href":"https:\/\/redsemlac.com\/semmexico\/wp-json\/wp\/v2\/media\/8473"}],"wp:attachment":[{"href":"https:\/\/redsemlac.com\/semmexico\/wp-json\/wp\/v2\/media?parent=30103"}],"wp:term":[{"taxonomy":"category","embeddable":true,"href":"https:\/\/redsemlac.com\/semmexico\/wp-json\/wp\/v2\/categories?post=30103"},{"taxonomy":"post_tag","embeddable":true,"href":"https:\/\/redsemlac.com\/semmexico\/wp-json\/wp\/v2\/tags?post=30103"}],"curies":[{"name":"wp","href":"https:\/\/api.w.org\/{rel}","templated":true}]}}